{"id":141332,"date":"2025-09-27T01:27:11","date_gmt":"2025-09-27T01:27:11","guid":{"rendered":"https:\/\/www.europesays.com\/es\/141332\/"},"modified":"2025-09-27T01:27:11","modified_gmt":"2025-09-27T01:27:11","slug":"the-rolling-stones-relanzan-su-iconico-album-black-and-blue-grupo-milenio","status":"publish","type":"post","link":"https:\/\/www.europesays.com\/es\/141332\/","title":{"rendered":"The Rolling Stones relanzan su ic\u00f3nico \u00e1lbum Black and Blue- Grupo Milenio"},"content":{"rendered":"<p><strong>Los Rolling Stones<\/strong>, m\u00edtica banda de rock brit\u00e1nica, anunciaron este jueves la reedici\u00f3n de su \u00e1lbum de 1976<strong> &#8216;Black and Blue&#8217;,<\/strong> que saldr\u00e1 a la venta el pr\u00f3ximo 14 de noviembre con <strong>seis temas in\u00e9ditos,<\/strong> una nueva masterizaci\u00f3n y varios formatos de venta, anunci\u00f3 su discogr\u00e1fica Universal.<\/p>\n<p>La banda, que celebra as\u00ed las casi cinco d\u00e9cadas de su<strong> d\u00e9cimotercer \u00e1lbum de estudio<\/strong>, hizo p\u00fablica la noticia con el lanzamiento de una nueva versi\u00f3n de la canci\u00f3n<strong> &#8216;Shame, Shame, Shame&#8217;, de Shirley &amp; Company, en un formato \u00abm\u00e1s en\u00e9rgico\u00bb<\/strong> y con un videoclip gr\u00e1fico compuesto de fotograf\u00edas y recortes de su trayectoria a modo de &#8216;collage&#8217; que se estren\u00f3 este jueves.<\/p>\n<p>&#8216;Shame, Shame, Shame&#8217;, compuesto y producido originalmente por Sylvia Robinson,<strong> forma parte en este relanzamiento de un nuevo<\/strong> \u00e1lbum con seis temas in\u00e9ditos, entre los que tambi\u00e9n se encuentra la composici\u00f3n de Mick Jagger y Keith Ricards &#8216;I Love a Lady&#8217; y otras cuatro instrumentaciones grabadas durante las sesiones de 1975.<\/p>\n<blockquote><p>\u00abMusicalmente, &#8216;Black and Blue&#8217; mostr\u00f3 el esp\u00edritu aventurero de los Rolling Stones al infundir reggae, funk y soul a su caracter\u00edstico sonido roquero\u00bb, explic\u00f3 Universal Music en un comunicado.<\/p><\/blockquote>\n<p>\t\t<img decoding=\"async\" class=\"nd-media-detail-caption__img\" alt=\"The Rolling Stones estar\u00edan trabajando en un nuevo \u00e1lbum\" data-camus-image=\"\" data-camus-toolbar-image-position=\"topleft\" loading=\"lazy\" src=\"https:\/\/images.milenio.com\/yphRz0ixChwE4aHTWpO3u_FEK5g=\/375x0\/uploads\/media\/2025\/06\/13\/the-rolling-stones-estarian-trabajando.jpg\" height=\"212\" width=\"375\" onerror=\"this.onerror=null;this.src=\\'\/bundles\/appcamusassets\/dist\/images\/logo-Milenio-2.jpg\\'\"\/><\/p>\n<p>  \tThe Rolling Stones estar\u00edan trabajando en un nuevo \u00e1lbum<\/p>\n<p>  \t  \t<img decoding=\"async\" alt=\"filter-toggle\" class=\"nd-media-detail-caption__icon__icon\" src=\"https:\/\/www.milenio.com\/bundles\/appcamusassets\/dist\/images\/svg\/expand-solid.svg\" width=\"15\" height=\"15\" onerror=\"this.onerror=null;this.src=\\'\/bundles\/appcamusassets\/dist\/images\/logo-Milenio-2.jpg\\'\" loading=\"lazy\"\/><br \/>\n  \t  ampliar<\/p>\n<p><strong>&#8216;Black and Blue&#8217; fue el primer \u00e1lbum tras la incorporaci\u00f3n como guitarrista de Ronnie Wood<\/strong> en sustituci\u00f3n de Mick Taylor y, en uno de los diferentes formatos, la banda incluye una nueva entrevista en la que Wood reflexiona sobre su incorporaci\u00f3n al grupo.<\/p>\n<blockquote><p>\u00abEn ese momento, supe que \u00e9se era mi sitio\u00bb, dice Wood en la entrevista.<\/p><\/blockquote>\n<p>Tras su lanzamiento,<strong> alcanz\u00f3 el n\u00famero uno en las listas de ventas durante cuatro semanas consecutivas<\/strong>, obteniendo el disco de platino de inmediato, mientras que en Reino Unido, &#8216;Black and Blue&#8217; logr\u00f3 escalar hasta el segundo lugar de la clasificaci\u00f3n en mayo de 1976.<\/p>\n<p>En el paquete de la reedici\u00f3n, compuesto por varios discos, tambi\u00e9n se incluir\u00e1 la grabaci\u00f3n \u00edntegra del espect\u00e1culo en directo que la banda ofreci\u00f3 en seis conciertos consecutivos en el Earls Court Exhibition Centre de Londres, en el que estuvieron acompa\u00f1ados de artistas como Ian Stewart, Billy Preston y Ollie Brown.<\/p>\n<p>    \t<img decoding=\"async\" alt=\"__icon\" class=\"nd-related-news-detail-media-dual__icon\" src=\"https:\/\/www.milenio.com\/bundles\/appcamusassets\/dist\/images\/svg\/arrow-circle-right-solid.svg\" width=\"15\" height=\"15\" onerror=\"this.onerror=null;this.src=\\'\/bundles\/appcamusassets\/dist\/images\/logo-Milenio-2.jpg\\'\" loading=\"lazy\"\/><br \/>\n    Te recomendamos<\/p>\n<p>\u200b<\/p>\n","protected":false},"excerpt":{"rendered":"Los Rolling Stones, m\u00edtica banda de rock brit\u00e1nica, anunciaron este jueves la reedici\u00f3n de su \u00e1lbum de 1976&hellip;\n","protected":false},"author":2,"featured_media":141333,"comment_status":"","ping_status":"","sticky":false,"template":"","format":"standard","meta":{"footnotes":""},"categories":[170],"tags":[146,147,25,24,184,185,1273,43964,23,6962,43963],"class_list":{"0":"post-141332","1":"post","2":"type-post","3":"status-publish","4":"format-standard","5":"has-post-thumbnail","7":"category-musica","8":"tag-entertainment","9":"tag-entretenimiento","10":"tag-es","11":"tag-espana","12":"tag-music","13":"tag-musica","14":"tag-rock","15":"tag-rolling-stones-black-and-blue","16":"tag-spain","17":"tag-the-rolling-stones","18":"tag-the-rolling-stones-nuevo-album"},"share_on_mastodon":{"url":"","error":""},"_links":{"self":[{"href":"https:\/\/www.europesays.com\/es\/wp-json\/wp\/v2\/posts\/141332","targetHints":{"allow":["GET"]}}],"collection":[{"href":"https:\/\/www.europesays.com\/es\/wp-json\/wp\/v2\/posts"}],"about":[{"href":"https:\/\/www.europesays.com\/es\/wp-json\/wp\/v2\/types\/post"}],"author":[{"embeddable":true,"href":"https:\/\/www.europesays.com\/es\/wp-json\/wp\/v2\/users\/2"}],"replies":[{"embeddable":true,"href":"https:\/\/www.europesays.com\/es\/wp-json\/wp\/v2\/comments?post=141332"}],"version-history":[{"count":0,"href":"https:\/\/www.europesays.com\/es\/wp-json\/wp\/v2\/posts\/141332\/revisions"}],"wp:featuredmedia":[{"embeddable":true,"href":"https:\/\/www.europesays.com\/es\/wp-json\/wp\/v2\/media\/141333"}],"wp:attachment":[{"href":"https:\/\/www.europesays.com\/es\/wp-json\/wp\/v2\/media?parent=141332"}],"wp:term":[{"taxonomy":"category","embeddable":true,"href":"https:\/\/www.europesays.com\/es\/wp-json\/wp\/v2\/categories?post=141332"},{"taxonomy":"post_tag","embeddable":true,"href":"https:\/\/www.europesays.com\/es\/wp-json\/wp\/v2\/tags?post=141332"}],"curies":[{"name":"wp","href":"https:\/\/api.w.org\/{rel}","templated":true}]}}