{"id":141334,"date":"2025-09-27T01:28:07","date_gmt":"2025-09-27T01:28:07","guid":{"rendered":"https:\/\/www.europesays.com\/es\/141334\/"},"modified":"2025-09-27T01:28:07","modified_gmt":"2025-09-27T01:28:07","slug":"me-pillo-con-la-guardia-baja","status":"publish","type":"post","link":"https:\/\/www.europesays.com\/es\/141334\/","title":{"rendered":"Me pill\u00f3 con la guardia baja"},"content":{"rendered":"<p data-journey-content=\"true\" data-node-id=\"1\" class=\"body-dropcap css-1vn2egp emevuu60\">\u00bfPor qu\u00e9 no conduce?, \u00bfd\u00f3nde conoci\u00f3 a <a href=\"https:\/\/www.harpersbazaar.com\/es\/famosas\/el-estilo-de\/a65346932\/penelope-cruz-relacion-pedro-almodovar-fui-sola-cine-menti-pelicula\/\" target=\"_blank\" data-vars-ga-outbound-link=\"https:\/\/www.harpersbazaar.com\/es\/famosas\/el-estilo-de\/a65346932\/penelope-cruz-relacion-pedro-almodovar-fui-sola-cine-menti-pelicula\/\" data-vars-ga-ux-element=\"Hyperlink\" data-vars-ga-call-to-action=\"Pen\u00e9lope Cruz\" data-node-id=\"1.1\" class=\"body-link css-156jt4g emevuu60\" rel=\"nofollow noopener\">Pen\u00e9lope Cruz<\/a>? o \u00bfc\u00f3mo se sinti\u00f3 con el complicado corte de pelo que luce en No es pa\u00eds para viejos? son algunas de las preguntas que m\u00e1s hacen recurrentemente los usuarios de Google acerca de <strong data-node-id=\"1.5\">Javier Bardem<\/strong>. Cuestiones a las que el actor no tuvo reparos en contestar hace unos meses para el portal <a href=\"https:\/\/www.youtube.com\/watch?v=P6HOy2gCicg\" target=\"_blank\" rel=\"nofollow noopener\" data-vars-ga-outbound-link=\"https:\/\/www.youtube.com\/watch?v=P6HOy2gCicg\" data-vars-ga-ux-element=\"Hyperlink\" data-vars-ga-call-to-action=\"Wired\" data-node-id=\"1.7.0\" class=\"body-link css-156jt4g emevuu60\">Wired<\/a>. <\/p>\n<p data-journey-content=\"true\" data-node-id=\"4\" class=\"body-text css-6wxqfj emevuu60\">Sobre lo primero, el int\u00e9rprete de 56 a\u00f1os se\u00f1al\u00f3 que siempre ha vivido en grandes ciudades por los que siempre ha usado autobuses y metro aunque intenta caminar siempre que puede; acerca del peinado que defiende en <strong data-node-id=\"4.1\">el filme que le vali\u00f3 el Oscar <\/strong>asegur\u00f3 que le pareci\u00f3 genial para el personaje al que tuvo que dar vida, pero que cuando vio a los responsables de peluquer\u00eda de aquel proyecto no pudo evitar pensar \u00abMierda, \u00bfrealmente tengo que llevar esto durante los pr\u00f3ximos 3 meses?\u00bb; y, con respecto al momento en el que se cruz\u00f3 por primera vez con quien es su esposa desde hace una d\u00e9cada, confirm\u00f3 que fue <a href=\"https:\/\/www.harpersbazaar.com\/es\/famosas\/el-estilo-de\/a65444791\/penelope-cruz-jamon-jamon-mentir-edad-padres-guion\/\" target=\"_blank\" data-vars-ga-outbound-link=\"https:\/\/www.harpersbazaar.com\/es\/famosas\/el-estilo-de\/a65444791\/penelope-cruz-jamon-jamon-mentir-edad-padres-guion\/\" data-vars-ga-ux-element=\"Hyperlink\" data-vars-ga-call-to-action=\"Jam\u00f3n, Jam\u00f3n\" data-node-id=\"4.3.0\" class=\"body-link css-156jt4g emevuu60\" rel=\"nofollow noopener\">Jam\u00f3n, Jam\u00f3n<\/a> la cinta que les uni\u00f3. \u00abFue una pel\u00edcula muy importante por muchas razones, por la pel\u00edcula y lo que signific\u00f3 para ambos y c\u00f3mo ayud\u00f3 a nuestras carreras, y tambi\u00e9n porque nos conocimos. El director Bigas Luna es mi mentor, es una persona a la que siempre adorar\u00e9 y venerar\u00e9 por la oportunidad que nos dio\u00bb, cont\u00f3. <\/p>\n<p><img draggable=\"true\" alt=\"javier bardem premios donostia 2023\" title=\"Javier Bardem premios Donostia 2023\" loading=\"lazy\" width=\"4200\" height=\"2795\" decoding=\"async\" data-nimg=\"1\" style=\"color:transparent;width:100%;height:auto;\"   src=\"https:\/\/www.europesays.com\/es\/wp-content\/uploads\/2025\/09\/javier-bardem-attends-universal-pictures-home-entertainment-news-photo-1599293605.jpg\" class=\"css-0 e1g79fud0\"\/><\/p>\n<p>Axelle\/Bauer-Griffin\/\/Getty Images<\/p>\n<p data-journey-content=\"true\" data-node-id=\"7\" class=\"css-6wxqfj emevuu60\">Otra de las consultas relativas a Javier Bardem que aparece en los primeros puestos del buscador m\u00e1s famoso de internet si se recurre a la funci\u00f3n de autocompletar se refiere a la pel\u00edcula de 2010 en la que coincidi\u00f3 con <strong data-node-id=\"7.1\">Julia Roberts:<\/strong> <a href=\"https:\/\/www.harpersbazaar.com\/es\/famosas\/el-estilo-de\/a65360094\/javier-bardem-julia-roberts-rodar-come-bebe-ama-estaba-nervioso\/\" target=\"_blank\" data-vars-ga-outbound-link=\"https:\/\/www.harpersbazaar.com\/es\/famosas\/el-estilo-de\/a65360094\/javier-bardem-julia-roberts-rodar-come-bebe-ama-estaba-nervioso\/\" data-vars-ga-ux-element=\"Hyperlink\" data-vars-ga-call-to-action=\"Come Reza Ama\" data-node-id=\"7.3.0\" class=\"body-link css-156jt4g emevuu60\" rel=\"nofollow noopener\">Come Reza Ama<\/a>. \u00abFue una de las primeras veces que tuve la oportunidad de trabajar con una estrella tan grande y y estaba muy nervioso. Ella fue muy colaborativa, muy \u00fatil, muy generosa, muy divertida de trabajar, una actriz incre\u00edble\u00bb, record\u00f3 el actor sobre aquel inolvidable rodaje que tuvo lugar en Bali. \u00abEmpezabas a hacer la escena con Julia y ella entraba en un estado emocional en un segundo y pensabas: &#8216;Oh, joder, me pill\u00f3 con la guardia baja&#8217;, y luego sal\u00eda de \u00e9l y segu\u00eda siendo la mujer agradable que es. Luego volv\u00eda a \u00e9l y entraba en el drama&#8230; fue incre\u00edble ver eso desarrollarse frente a tus ojos\u00bb, narr\u00f3. <\/p>\n<p><img draggable=\"true\" alt=\"san sebastian, spain september 20: actress julia roberts, wearing van cleef  arpels, and spanish actor javier bardem attend come, reza, ama (eat, pray, love) premiere during the 58th san sebastian international film festival at the kursaal palace on september 20, 2010 in san sebastian, spain. (photo by carlos alvarez\/getty images)\" title=\"Julia Roberts Receives the 'Donostia Award 2010'\" loading=\"lazy\" width=\"3000\" height=\"2144\" decoding=\"async\" data-nimg=\"1\" style=\"color:transparent;width:100%;height:auto;\"   src=\"https:\/\/www.europesays.com\/es\/wp-content\/uploads\/2025\/09\/gettyimages-104310449-68a2eebe8458d.jpeg\" class=\"css-0 e1g79fud0\"\/><\/p>\n<p>Carlos Alvarez<\/p>\n<p data-journey-content=\"true\" data-node-id=\"12\" class=\"css-6wxqfj emevuu60\">Quiz\u00e1 parte del motivo por el que dijo Javier Bardem que entonces le pill\u00f3 por sorpresa aquella manera de trabajar de Julia Roberts fue el hecho de hablar distintos idiomas. \u00abSupongo que <strong data-node-id=\"12.1\">ahora es m\u00e1s f\u00e1cil actuar en ingl\u00e9s de lo que era, digamos, hace 15 a\u00f1os, pero sigue siendo exigente y siempre es dif\u00edcil dejarse llevar.<\/strong> Todav\u00eda tengo que trabajar mucho para sentirme c\u00f3modo con los di\u00e1logos como cuando trabajo en espa\u00f1ol. Pero, al mismo tiempo, puedo dejarme llevar, de alguna manera soy menos t\u00edmido en ingl\u00e9s que en espa\u00f1ol porque tengo menos apego a \u00e9l, as\u00ed que puedo saltar de un acantilado con el ingl\u00e9s porque no tengo recuerdos en ingl\u00e9s, no es como cuando hablas tu propio idioma o tu lengua materna donde todo est\u00e1 relacionado con una emoci\u00f3n\u00bb, argument\u00f3 el madrile\u00f1o, quien destac\u00f3 una vez m\u00e1s su pasi\u00f3n por la m\u00fasica al afirmar que \u00e9l <a href=\"https:\/\/www.harpersbazaar.com\/es\/famosas\/el-estilo-de\/a65422249\/antonio-banderas-primera-pelicula-estados-unidos-interprete-comunicarme-director\/\" target=\"_blank\" data-vars-ga-outbound-link=\"https:\/\/www.harpersbazaar.com\/es\/famosas\/el-estilo-de\/a65422249\/antonio-banderas-primera-pelicula-estados-unidos-interprete-comunicarme-director\/\" data-vars-ga-ux-element=\"Hyperlink\" data-vars-ga-call-to-action=\"aprendi\u00f3 el idioma\" data-node-id=\"12.3\" class=\"body-link css-156jt4g emevuu60\" rel=\"nofollow noopener\">aprendi\u00f3 el idioma<\/a> de Shakespeare \u00abescuchando ACDC e intentando entender lo que dec\u00edan\u00bb.<\/p>\n<p>Contenidos relacionados<\/p>\n","protected":false},"excerpt":{"rendered":"\u00bfPor qu\u00e9 no conduce?, \u00bfd\u00f3nde conoci\u00f3 a Pen\u00e9lope Cruz? o \u00bfc\u00f3mo se sinti\u00f3 con el complicado corte de&hellip;\n","protected":false},"author":2,"featured_media":141335,"comment_status":"","ping_status":"","sticky":false,"template":"","format":"standard","meta":{"footnotes":""},"categories":[169],"tags":[177,253,146,147,25,24,176,175,23],"class_list":{"0":"post-141334","1":"post","2":"type-post","3":"status-publish","4":"format-standard","5":"has-post-thumbnail","7":"category-cine","8":"tag-cine","9":"tag-discover","10":"tag-entertainment","11":"tag-entretenimiento","12":"tag-es","13":"tag-espana","14":"tag-film","15":"tag-movies","16":"tag-spain"},"share_on_mastodon":{"url":"","error":""},"_links":{"self":[{"href":"https:\/\/www.europesays.com\/es\/wp-json\/wp\/v2\/posts\/141334","targetHints":{"allow":["GET"]}}],"collection":[{"href":"https:\/\/www.europesays.com\/es\/wp-json\/wp\/v2\/posts"}],"about":[{"href":"https:\/\/www.europesays.com\/es\/wp-json\/wp\/v2\/types\/post"}],"author":[{"embeddable":true,"href":"https:\/\/www.europesays.com\/es\/wp-json\/wp\/v2\/users\/2"}],"replies":[{"embeddable":true,"href":"https:\/\/www.europesays.com\/es\/wp-json\/wp\/v2\/comments?post=141334"}],"version-history":[{"count":0,"href":"https:\/\/www.europesays.com\/es\/wp-json\/wp\/v2\/posts\/141334\/revisions"}],"wp:featuredmedia":[{"embeddable":true,"href":"https:\/\/www.europesays.com\/es\/wp-json\/wp\/v2\/media\/141335"}],"wp:attachment":[{"href":"https:\/\/www.europesays.com\/es\/wp-json\/wp\/v2\/media?parent=141334"}],"wp:term":[{"taxonomy":"category","embeddable":true,"href":"https:\/\/www.europesays.com\/es\/wp-json\/wp\/v2\/categories?post=141334"},{"taxonomy":"post_tag","embeddable":true,"href":"https:\/\/www.europesays.com\/es\/wp-json\/wp\/v2\/tags?post=141334"}],"curies":[{"name":"wp","href":"https:\/\/api.w.org\/{rel}","templated":true}]}}