{"id":141336,"date":"2025-09-27T01:29:10","date_gmt":"2025-09-27T01:29:10","guid":{"rendered":"https:\/\/www.europesays.com\/es\/141336\/"},"modified":"2025-09-27T01:29:10","modified_gmt":"2025-09-27T01:29:10","slug":"manu-fajardo-estoy-100-seguro-de-que-antony-es-el-mejor-fichaje-de-la-historia-del-betis","status":"publish","type":"post","link":"https:\/\/www.europesays.com\/es\/141336\/","title":{"rendered":"Manu Fajardo: \u00abEstoy 100% seguro de que Antony es el mejor fichaje de la historia del Betis\u00bb"},"content":{"rendered":"<p class=\"parrafo\">\u00abTodo (lo relacionado con la operaci\u00f3n) por el <strong>talento<\/strong>, el <strong>nivel<\/strong> del jugador, el nivel de un club de origen como el <strong>Manchester United<\/strong>, un gran equipo, un gran proyecto&#8230; <strong>Estoy 100% seguro de que Antony es el mejor fichaje en la historia del Real Betis<\/strong>\u00ab. As\u00ed opina <strong>Manu Fajardo<\/strong>, director deportivo verdiblanco, que no acostumbra a ofrecer grandes titulares, pero que analizaba para la agencia PA News la dimensi\u00f3n de una incorporaci\u00f3n que, a la postre, debe considerarse casi una ganga para la entidad heliopolitana, que pagar\u00e1 (en varios plazos) un fijo de <strong>22 millones de euros<\/strong> <strong>y unas variables de<\/strong> <strong>cuatro<\/strong> (relacionadas con la clasificaci\u00f3n para la <strong>Champions League<\/strong> y la consecuci\u00f3n de alg\u00fan t\u00edtulo) por el extremo de <strong>Osasco<\/strong>, cuyo valor de mercado, seg\u00fan la web especializada &#8216;Transfermarkt&#8217;, es ya de <strong>35 millones<\/strong>. Adem\u00e1s, los &#8216;red devils&#8217; se reservan el <strong>50%<\/strong> de cualquier plusval\u00eda futura con un jugador que <a href=\"https:\/\/www.estadiodeportivo.com\/futbol\/betis\/javier-tebas-declara-admirador-del-betis-ensalza-fichaje-antony-20250923-513249.html\" target=\"_blank\" class=\"intext-link\" rel=\"nofollow noopener\">espera seguir creciendo en LaLiga<\/a> para jugar con <strong>Brasil<\/strong> el pr\u00f3ximo <strong>Mundial de 2026<\/strong>.<\/p>\n<p><img decoding=\"async\" src=\"https:\/\/www.europesays.com\/es\/wp-content\/uploads\/2025\/09\/2938328a-1df7-434e-ae71-9d143879f18c_800x800.jpeg\" loading=\"lazy\"\/><\/p>\n<p class=\"parrafo\">\u00abCuando jugadores como <strong>Antony Matheus dos Santos<\/strong> llegan al <strong>Betis<\/strong>, es muy, muy importante. Nos ayuda a seguir creciendo en <strong>Europa<\/strong>. La temporada pasada, a partir de aterrizar \u00e9l, llegamos a jugar una final continental. <strong>Antony<\/strong>, jugadores como <strong>Gio<\/strong> (<strong>Lo Celso<\/strong>) <a href=\"https:\/\/www.estadiodeportivo.com\/estar-al-dia\/al-toque\/antony-candidato-para-balon-oro-20250922-513101.html\" target=\"_blank\" class=\"intext-link\" rel=\"nofollow noopener\">e Isco Alarc\u00f3n<\/a> son muy, muy importantes, porque son el <strong>ejemplo<\/strong> de que el <strong>Betis<\/strong> sigue <strong>creciendo<\/strong>, de que somos un club <strong>serio<\/strong> en <strong>Europa<\/strong> y de que los jugadores de primer nivel quieren venir a jugar al <strong>Betis<\/strong>\u00ab, continuaba el aljarafe\u00f1o, que detall\u00f3 lo mucho que ha costado el retorno del &#8216;7&#8217;: \u00abEmpezamos a negociar con el <strong>Manchester<\/strong> por <strong>Antony<\/strong> en mayo o junio, porque necesit\u00e1bamos mucho tiempo para convencerles. Pero el futbolista, su agente y su familia estaban <strong>convencidos<\/strong> de volver al <strong>Betis<\/strong>. En un primer momento, hablamos con el <strong>United<\/strong> para que <strong>Antony<\/strong> se quedara en el <strong>Betis<\/strong> un a\u00f1o m\u00e1s cedido. Pero para ellos era muy importante recuperar la <strong>inversi\u00f3n<\/strong>, por lo que para nosotros no fue f\u00e1cil. El traspaso era muy importante para el <strong>Betis<\/strong>\u00ab.<\/p>\n<p><a class=\"elementos-rel-t2\" href=\"https:\/\/www.estadiodeportivo.com\/futbol\/sevilla-fc\/morrina-del-arsenal-por-alexis-tanta-paz-llevas-antony-con-united-20250926-513867.html\" title=\"De la &#039;morri\u00f1a&#039; del Arsenal por Alexis al &#039;tanta paz llevas&#039; de Antony con el United\" rel=\"nofollow noopener\" target=\"_blank\">De la &#8216;morri\u00f1a&#8217; del Arsenal por Alexis al &#8216;tanta paz llevas&#8217; de Antony con el United<img decoding=\"async\" src=\"https:\/\/www.europesays.com\/es\/wp-content\/uploads\/2025\/09\/8a852d4c-3321-4de8-8d82-303fd394e653_320x180.png\" alt=\"De la 'morri\u00f1a' del Arsenal por Alexis al 'tanta paz llevas' de Antony con el United\"\/><\/a><a class=\"elementos-rel-t2\" href=\"https:\/\/www.estadiodeportivo.com\/futbol\/betis\/antony-rompe-pero-pide-mas-hace-autocritica-para-fue-dificil-20250924-513522.html\" title=\"Antony &#039;se rompe&#039;, pero pide m\u00e1s y hace autocr\u00edtica: &quot;Para m\u00ed fue dif\u00edcil&quot;\" rel=\"nofollow noopener\" target=\"_blank\">Antony &#8216;se rompe&#8217;, pero pide m\u00e1s y hace autocr\u00edtica: \u00abPara m\u00ed fue dif\u00edcil\u00bb<img decoding=\"async\" src=\"https:\/\/www.europesays.com\/es\/wp-content\/uploads\/2025\/09\/6905eece-6a5c-43ab-b039-59d10b06d6e7_320x180.jpeg\" alt=\"Antony 'se rompe', pero pide m\u00e1s y hace autocr\u00edtica: &quot;Para m\u00ed fue dif\u00edcil&quot;\"\/><\/a><a class=\"elementos-rel-t2\" href=\"https:\/\/www.estadiodeportivo.com\/futbol\/betis\/manu-fajardo-habla-antony-europa-league-mercado-fichajes-betis-renuncia-nada-20250925-513548.html\" title=\"Manu Fajardo habla de Antony, la Europa League y el mercado de fichajes: &quot;El Betis no renuncia a nada&quot; \" rel=\"nofollow noopener\" target=\"_blank\">Manu Fajardo habla de Antony, la Europa League y el mercado de fichajes: \u00abEl Betis no renuncia a nada\u00bb <img decoding=\"async\" src=\"https:\/\/www.europesays.com\/es\/wp-content\/uploads\/2025\/09\/3b581e40-e3af-4dc6-8ec8-fe00217dadce_320x180.jpeg\" alt=\"Manu Fajardo habla de Antony, la Europa League y el mercado de fichajes: &quot;El Betis no renuncia a nada&quot; \"\/><\/a><\/p>\n<p class=\"parrafo\">Con todo, <strong>Fajardo<\/strong> se vanagloria de la entente final, gracias a todos: \u00abPero el <strong>Manchester United<\/strong> hizo un gran esfuerzo, el <strong>Real<\/strong> <strong>Betis<\/strong> hizo un gran esfuerzo y <strong>Antony<\/strong> hizo un gran, gran esfuerzo para volver a jugar aqu\u00ed. Quiz\u00e1s, en esa situaci\u00f3n, \u00e9se fue el <strong>secreto<\/strong>.<strong> <\/strong>Para el <strong>Betis<\/strong> no es f\u00e1cil fichar a jugadores de la <strong>Premier<\/strong> <strong>League<\/strong>, porque la diferencia <strong>salarial<\/strong> entre <strong>Inglaterra<\/strong> y <strong>LaLiga<\/strong> es demasiado grande. Pero, cuando un jugador como <strong>Antony<\/strong>, por ejemplo, quiere venirs, es m\u00e1s f\u00e1cil. <strong>Antony<\/strong> s\u00f3lo pensaba en volver a jugar en el <strong>Betis<\/strong>, as\u00ed que, cuando tienes una negociaci\u00f3n con un gran club como el <strong>Manchester<\/strong> <strong>United<\/strong>, un club que pag\u00f3 una gran cantidad por <strong>Antony<\/strong>, no es f\u00e1cil. Pero el jugador marc\u00f3 la diferencia\u00bb. Y ya vuelve a ser decisivo sobre el c\u00e9sped: a la tercera, lleg\u00f3 la vencida, con asistencia y gol del empate ante el <strong>Nottingham Forest<\/strong>.<\/p>\n","protected":false},"excerpt":{"rendered":"\u00abTodo (lo relacionado con la operaci\u00f3n) por el talento, el nivel del jugador, el nivel de un club&hellip;\n","protected":false},"author":2,"featured_media":141337,"comment_status":"","ping_status":"","sticky":false,"template":"","format":"standard","meta":{"footnotes":""},"categories":[93],"tags":[168,25,24,284,282,43965,286,23,167],"class_list":{"0":"post-141336","1":"post","2":"type-post","3":"status-publish","4":"format-standard","5":"has-post-thumbnail","7":"category-deportes","8":"tag-deportes","9":"tag-es","10":"tag-espana","11":"tag-estadio-deportivo","12":"tag-futbol","13":"tag-manu-fajardo","14":"tag-real-betis-balompie","15":"tag-spain","16":"tag-sports"},"share_on_mastodon":{"url":"","error":""},"_links":{"self":[{"href":"https:\/\/www.europesays.com\/es\/wp-json\/wp\/v2\/posts\/141336","targetHints":{"allow":["GET"]}}],"collection":[{"href":"https:\/\/www.europesays.com\/es\/wp-json\/wp\/v2\/posts"}],"about":[{"href":"https:\/\/www.europesays.com\/es\/wp-json\/wp\/v2\/types\/post"}],"author":[{"embeddable":true,"href":"https:\/\/www.europesays.com\/es\/wp-json\/wp\/v2\/users\/2"}],"replies":[{"embeddable":true,"href":"https:\/\/www.europesays.com\/es\/wp-json\/wp\/v2\/comments?post=141336"}],"version-history":[{"count":0,"href":"https:\/\/www.europesays.com\/es\/wp-json\/wp\/v2\/posts\/141336\/revisions"}],"wp:featuredmedia":[{"embeddable":true,"href":"https:\/\/www.europesays.com\/es\/wp-json\/wp\/v2\/media\/141337"}],"wp:attachment":[{"href":"https:\/\/www.europesays.com\/es\/wp-json\/wp\/v2\/media?parent=141336"}],"wp:term":[{"taxonomy":"category","embeddable":true,"href":"https:\/\/www.europesays.com\/es\/wp-json\/wp\/v2\/categories?post=141336"},{"taxonomy":"post_tag","embeddable":true,"href":"https:\/\/www.europesays.com\/es\/wp-json\/wp\/v2\/tags?post=141336"}],"curies":[{"name":"wp","href":"https:\/\/api.w.org\/{rel}","templated":true}]}}