{"id":141344,"date":"2025-09-27T01:35:07","date_gmt":"2025-09-27T01:35:07","guid":{"rendered":"https:\/\/www.europesays.com\/es\/141344\/"},"modified":"2025-09-27T01:35:07","modified_gmt":"2025-09-27T01:35:07","slug":"moodys-y-fitch-mejoran-la-nota-a-espana-por-su-fortaleza-economica-economia","status":"publish","type":"post","link":"https:\/\/www.europesays.com\/es\/141344\/","title":{"rendered":"Moody\u2019s y Fitch mejoran la nota a Espa\u00f1a por su fortaleza econ\u00f3mica | Econom\u00eda"},"content":{"rendered":"<p class=\"\">Tres de tres. Si hace dos semanas<a href=\"https:\/\/elpais.com\/economia\/2025-09-12\/sp-mejora-la-calificacion-de-espana-por-su-fuerte-crecimiento-economico.html\" target=\"_self\" rel=\"nofollow noopener\" title=\"https:\/\/elpais.com\/economia\/2025-09-12\/sp-mejora-la-calificacion-de-espana-por-su-fuerte-crecimiento-economico.html\"> S&amp;P Global Ratings mejoraba la nota a Espa\u00f1a <\/a>por la solvencia de la deuda soberana, este viernes han sido las agencias de calificaci\u00f3n crediticia Moody\u2019s y Fitch las que han dado su respaldo subiendo un escal\u00f3n sus respectivas calificaciones debido a su fortaleza y \u201cresiliencia\u201d econ\u00f3mica. La primera eleva la calificaci\u00f3n de deuda de \u2018Baa1\u2032 a \u2018A3\u2019y su hom\u00f3loga pasa de \u2018A-\u2019 a \u2018A\u2019, lo que las sit\u00faa en el nivel m\u00e1s alto desde 2012. La nueva nota implica una mejora en el grado de inversi\u00f3n, que en el caso de la agencia Moody\u2019s cambia de \u201csatisfactorio\u201d a \u201cbueno\u201d, donde ya se encontraban Fitch y S&amp;P.<\/p>\n<p class=\"\">Las agencias reconocen el buen ritmo de la econom\u00eda espa\u00f1ola, con un crecimiento por encima de la media europea \u2014la Organizaci\u00f3n para la Cooperaci\u00f3n y el Desarrollo Econ\u00f3micos (OCDE) <a href=\"https:\/\/elpais.com\/economia\/2025-09-23\/la-ocde-eleva-las-previsiones-de-crecimiento-del-pib-global-y-de-espana-para-este-ano.html\" target=\"_self\" rel=\"nofollow noopener\" title=\"https:\/\/elpais.com\/economia\/2025-09-23\/la-ocde-eleva-las-previsiones-de-crecimiento-del-pib-global-y-de-espana-para-este-ano.html\">estima un repunte del PIB del 2% en 2026<\/a>, y<a href=\"https:\/\/elpais.com\/economia\/2025-07-29\/el-fmi-mejora-la-prevision-sobre-la-economia-mundial-por-una-modesta-desescalada-de-las-tensiones-comerciales.html\" target=\"_self\" rel=\"nofollow noopener\" title=\"https:\/\/elpais.com\/economia\/2025-07-29\/el-fmi-mejora-la-prevision-sobre-la-economia-mundial-por-una-modesta-desescalada-de-las-tensiones-comerciales.html\"> el FMI cree que progresar\u00e1 un 2,5%<\/a>\u2014 y la creaci\u00f3n de empleo. De hecho, el examen positivo supone un mensaje de confianza hacia la econom\u00eda espa\u00f1ola por la capacidad del pa\u00eds para hacer frente a sus obligaciones financieras y refuerza la capacidad de Espa\u00f1a para financiarse en los mercados en mejores condiciones.<\/p>\n<p class=\"\">\u201cEspa\u00f1a logra un triplete ins\u00f3lito de mejoras de rating de las mayores agencias internacionalesAlcanzado una calificaci\u00f3n A en todas las agencias, el rango alto, lo que visibiliza la confianza en solidez y las buenas perspectivas de nuestra econom\u00eda\u201d, ha celebrado el ministro de Econom\u00eda, Comercio y Empresas, Carlos Cuerpo, en su perfil de la red social X.<\/p>\n<blockquote class=\"twitter-tweet\">\n<p lang=\"es\" dir=\"ltr\">\u00a1Siguen las buenas noticias!<\/p>\n<p>Espa\u00f1a logra un triplete ins\u00f3lito de mejoras de rating de las mayores agencias internacionales<\/p>\n<p>Alcanzado una calificaci\u00f3n A en todas las agencias, el rango alto, lo que visibiliza la confianza en solidez y las buenas perspectivas de nuestra econom\u00eda <a href=\"https:\/\/t.co\/gtv0TtftYI\" rel=\"nofollow\">pic.twitter.com\/gtv0TtftYI<\/a><\/p>\n<p>\u2014 Carlos Cuerpo (@carlos_cuerpo) <a href=\"https:\/\/twitter.com\/carlos_cuerpo\/status\/1971686494290288850?ref_src=twsrc%5Etfw\" rel=\"nofollow noopener\" target=\"_blank\">September 26, 2025<\/a><\/p><\/blockquote>\n<p class=\"\">Fitch, que <a href=\"https:\/\/cincodias.elpais.com\/economia\/2024-05-18\/fitch-mantiene-la-calificacion-de-deuda-de-espana-en-a-y-eleva-su-prevision-de-crecimiento.html\" target=\"_self\" rel=\"nofollow noopener\" title=\"https:\/\/cincodias.elpais.com\/economia\/2024-05-18\/fitch-mantiene-la-calificacion-de-deuda-de-espana-en-a-y-eleva-su-prevision-de-crecimiento.html\">manten\u00eda la calificaci\u00f3n a Espa\u00f1a en \u2018A-\u2019 desde 2018<\/a>, aunque en noviembre de 2024 elev\u00f3 a positiva la perspectiva de su rating, subraya que el desempe\u00f1o econ\u00f3mico del pa\u00eds \u201cha superado las expectativas y ha superado con creces a otras importantes econom\u00edas de la eurozona\u201d. El pasado 13 de septiembre, la entidad <a href=\"https:\/\/elpais.com\/economia\/2025-09-13\/fitch-rebaja-la-deuda-de-francia-un-escalon-por-la-degradacion-de-sus-finanzas-publicas.html\" target=\"_self\" rel=\"nofollow noopener\" title=\"https:\/\/elpais.com\/economia\/2025-09-13\/fitch-rebaja-la-deuda-de-francia-un-escalon-por-la-degradacion-de-sus-finanzas-publicas.html\">recort\u00f3 la nota de Francia <\/a>(cay\u00f3 un pelda\u00f1o de de \u2018AA-\u2019 a \u2018A\u2019, con perspectiva estable) por la persistente inestabilidad pol\u00edtica y las incertidumbres presupuestarias que dificultan un saneamiento fiscal<\/p>\n<p class=\"\">Moody\u2019s es la agencia de calificaci\u00f3n entre las principales que da la nota m\u00e1s baja a la deuda espa\u00f1ola, que desde 2018 la situaba en \u2018Baa1\u2032, aunque manten\u00eda una perspectiva positiva. Ahora ha pasado a estable. En febrero, la agencia ya advirti\u00f3 de que la condonaci\u00f3n de casi 85.000 millones de euros a la deuda auton\u00f3mica, qu<a href=\"https:\/\/elpais.com\/economia\/2025-09-02\/el-gobierno-aprueba-la-quita-de-deuda-a-que-comunidad-beneficia-mas-como-se-ha-calculado.html\" target=\"_self\" rel=\"nofollow noopener\" title=\"https:\/\/elpais.com\/economia\/2025-09-02\/el-gobierno-aprueba-la-quita-de-deuda-a-que-comunidad-beneficia-mas-como-se-ha-calculado.html\">e se aprob\u00f3 a principios de septiembre<\/a>, podr\u00eda perjudicar al rating de Espa\u00f1a. No obstante, ha elevado su nota al poner en valor \u201cun modelo de crecimiento econ\u00f3mico m\u00e1s equilibrado, mejoras en el mercado laboral y un fortalecimiento del sector bancario, que incrementa la resiliencia de la econom\u00eda\u201d.<\/p>\n<p class=\"\">Tambi\u00e9n S&amp;P puso reparos a esta medida, al entender que pod\u00eda genera un \u201criesgo moral\u201d al disminuir los incentivos para que las comunidades pongan freno al crecimiento de la deuda. Sin embargo, la nota que dio a Espa\u00f1a el pasado 12 de septiembre como emisor soberano a largo plazo super\u00f3 las expectativas, ya que elev\u00f3 la calificaci\u00f3n desde \u2018A\u2019 hasta \u2018A+\u2019, con perspectiva estable, siendo la primera subida desde 2019. <a href=\"https:\/\/cincodias.elpais.com\/mercados-financieros\/2025-09-15\/la-prima-de-riesgo-espanola-roza-minimos-de-2009-tras-la-mejora-de-calificacion-de-la-deuda.html\" target=\"_self\" rel=\"nofollow noopener\" title=\"https:\/\/cincodias.elpais.com\/mercados-financieros\/2025-09-15\/la-prima-de-riesgo-espanola-roza-minimos-de-2009-tras-la-mejora-de-calificacion-de-la-deuda.html\">Esta calificaci\u00f3n hizo que la prima de riesgo espa\u00f1ola bajara de los 55 puntos por primera vez en 19 a\u00f1os.<\/a><\/p>\n<p class=\"\">Para Moody\u2019s, el empleo ha sido una de las cuestiones m\u00e1s valoradas. En su opini\u00f3n, la oferta laboral se ver\u00e1 incrementada debido a los flujos migratorios netos positivos y a los \u201cincentivos para prolongar la vida laboral\u201d, destaca en una nota de prensa. Asimismo, apostilla que el crecimiento econ\u00f3mico se ve impulsado por la \u201cventaja competitiva\u201d de Espa\u00f1a en la producci\u00f3n de energ\u00edas renovables y la estabilidad macroecon\u00f3mica. <\/p>\n<p class=\"\">En la misma l\u00ednea, Fitch recalca que el crecimiento econ\u00f3mico se sustenta en esa gran afluencia migratoria, en los \u201cm\u00e1ximos hist\u00f3ricos\u201d de tasas de actividad y empleo, as\u00ed como unas exportaciones de servicios s\u00f3lidas y cada vez m\u00e1s diversificadas. \u201cLas recientes ganancias de productividad, el moderado crecimiento salarial y los precios relativamente bajos de la energ\u00eda han impulsado la competitividad externa y fortalecido los balances externos privados\u201d, a\u00f1ade. Es m\u00e1s, coincide con Moody\u2019s en que las previsiones acerca de Espa\u00f1a es que su econom\u00eda se mantenga \u201cresiliente\u201d, gracias a la limitada exposici\u00f3n a los aranceles estadounidenses y al continuo desapalancamiento externo neto.<\/p>\n<p>Retos para Espa\u00f1a<\/p>\n<p class=\"\">Pese a la mejora de calificaci\u00f3n acometida, Moody\u2019s advierte de que los futuros retos de la econom\u00eda espa\u00f1ola son el envejecimiento de la poblaci\u00f3n espa\u00f1ola. Sobre este desaf\u00edo, indica la agencia crediticia que pone en valor que las sucesivas reformas de las pensiones que han elevado la edad media de jubilaci\u00f3n, tanto mediante cambios en la edad legal de jubilaci\u00f3n como a trav\u00e9s de un sistema de bonus-malus que incentiva la prolongaci\u00f3n de la vida laboral y penaliza las jubilaciones anticipadas.<\/p>\n<p class=\"\">Otro de los desaf\u00edos es el debilitamiento de las instituciones legislativas y ejecutivas espa\u00f1olas durante la \u00faltima d\u00e9cada, motivo este \u00faltimo que le ha llevado a dejar la perspectiva de evoluci\u00f3n de su calificaci\u00f3n en estable. \u201cLa perspectiva estable tambi\u00e9n equilibra una combinaci\u00f3n de fortalezas y desaf\u00edos a nivel institucional. La fortaleza de las instituciones y la gobernanza de Espa\u00f1a es s\u00f3lida en comparaci\u00f3n con la de sus hom\u00f3logos mundiales. Sin embargo, en nuestra opini\u00f3n, la fortaleza de las instituciones legislativas y ejecutivas se ha debilitado en la \u00faltima d\u00e9cada, ya que las instituciones tienen dificultades para funcionar en medio de una mayor fragmentaci\u00f3n pol\u00edtica. Esta fragmentaci\u00f3n pol\u00edtica ha provocado un aumento significativo del uso de decretos que emanan directamente del ejecutivo y ha generado una incertidumbre pol\u00edtica que puede estar frenando la inversi\u00f3n\u201d, asevera el documento.<\/p>\n<p class=\"\">Para Fitch, este punto tambi\u00e9n es clave, pues destaca que el Gobierno \u201ctiene cada vez m\u00e1s dificultades para conseguir el apoyo parlamentario\u201d para aprobar iniciativas legislativas como son<a href=\"https:\/\/elpais.com\/economia\/2025-09-25\/el-gobierno-ve-poco-probable-cumplir-con-el-plazo-de-los-presupuestos-y-se-arriesga-a-una-nueva-prorroga.html\" target=\"_self\" rel=\"nofollow noopener\" title=\"https:\/\/elpais.com\/economia\/2025-09-25\/el-gobierno-ve-poco-probable-cumplir-con-el-plazo-de-los-presupuestos-y-se-arriesga-a-una-nueva-prorroga.html\"> los Presupuestos Generales del Estado, prorrogados desde 2023<\/a>. En este sentido, apunta adem\u00e1s que existe una \u201cincertidumbre fiscal\u201d a medio plazo debido a la falta de una estrategia \u201ccre\u00edble\u201d sobre la materia.<\/p>\n<p><script async src=\"https:\/\/platform.twitter.com\/widgets.js\" charset=\"utf-8\"><\/script><\/p>\n","protected":false},"excerpt":{"rendered":"Tres de tres. Si hace dos semanas S&amp;P Global Ratings mejoraba la nota a Espa\u00f1a por la solvencia&hellip;\n","protected":false},"author":2,"featured_media":141345,"comment_status":"","ping_status":"","sticky":false,"template":"","format":"standard","meta":{"footnotes":""},"categories":[8],"tags":[38013,17,18,32279,25014,95,25,24,13,14,43967,11,19,20,1841,43968,9,10,15,16,3509,23,12,21,22],"class_list":{"0":"post-141344","1":"post","2":"type-post","3":"status-publish","4":"format-standard","5":"has-post-thumbnail","7":"category-espana","8":"tag-agencias-calificacion","9":"tag-breaking-news","10":"tag-breakingnews","11":"tag-deficit-publico","12":"tag-deuda-publica","13":"tag-economia","14":"tag-es","15":"tag-espana","16":"tag-featured-news","17":"tag-featurednews","18":"tag-fitch-ibca","19":"tag-headlines","20":"tag-latest-news","21":"tag-latestnews","22":"tag-mercados-financieros","23":"tag-moodys","24":"tag-news","25":"tag-noticias","26":"tag-noticias-destacadas","27":"tag-noticiasdestacadas","28":"tag-sp-500","29":"tag-spain","30":"tag-titulares","31":"tag-ultimas-noticias","32":"tag-ultimasnoticias"},"share_on_mastodon":{"url":"","error":""},"_links":{"self":[{"href":"https:\/\/www.europesays.com\/es\/wp-json\/wp\/v2\/posts\/141344","targetHints":{"allow":["GET"]}}],"collection":[{"href":"https:\/\/www.europesays.com\/es\/wp-json\/wp\/v2\/posts"}],"about":[{"href":"https:\/\/www.europesays.com\/es\/wp-json\/wp\/v2\/types\/post"}],"author":[{"embeddable":true,"href":"https:\/\/www.europesays.com\/es\/wp-json\/wp\/v2\/users\/2"}],"replies":[{"embeddable":true,"href":"https:\/\/www.europesays.com\/es\/wp-json\/wp\/v2\/comments?post=141344"}],"version-history":[{"count":0,"href":"https:\/\/www.europesays.com\/es\/wp-json\/wp\/v2\/posts\/141344\/revisions"}],"wp:featuredmedia":[{"embeddable":true,"href":"https:\/\/www.europesays.com\/es\/wp-json\/wp\/v2\/media\/141345"}],"wp:attachment":[{"href":"https:\/\/www.europesays.com\/es\/wp-json\/wp\/v2\/media?parent=141344"}],"wp:term":[{"taxonomy":"category","embeddable":true,"href":"https:\/\/www.europesays.com\/es\/wp-json\/wp\/v2\/categories?post=141344"},{"taxonomy":"post_tag","embeddable":true,"href":"https:\/\/www.europesays.com\/es\/wp-json\/wp\/v2\/tags?post=141344"}],"curies":[{"name":"wp","href":"https:\/\/api.w.org\/{rel}","templated":true}]}}