{"id":141346,"date":"2025-09-27T01:36:25","date_gmt":"2025-09-27T01:36:25","guid":{"rendered":"https:\/\/www.europesays.com\/es\/141346\/"},"modified":"2025-09-27T01:36:25","modified_gmt":"2025-09-27T01:36:25","slug":"carlos-alcaraz-zizou-bergs-horario-y-donde-ver-los-octavos-del-atp-500-de-tokio","status":"publish","type":"post","link":"https:\/\/www.europesays.com\/es\/141346\/","title":{"rendered":"Carlos Alcaraz &#8211; Zizou Bergs: horario y d\u00f3nde ver los octavos del ATP 500 de Tokio"},"content":{"rendered":"<p class=\"paragraph\">Despu\u00e9s de superar un debut contra Sebasti\u00e1n B\u00e1ez en el que una torcedura de tobillo estuvo a nada de dejarle K.O, <b>Carlos Alcaraz <\/b>disputa este s\u00e1bado su segundo partido en el ATP 500 de Tokio, torneo en el que est\u00e1 estrenando de manera oficial su condici\u00f3n de n\u00famero uno del mundo.<\/p>\n<p class=\"paragraph\">El partido ante B\u00e1ez fue relativamente sencillo y, tras haber dejado al argentino por el camino, su segundo rival en el torneo nip\u00f3n es el belga <b>Zizou Bergs<\/b>, un tenista imprevisible y con mucha calidad que gan\u00f3 en primera ronda al chileno Alejandro Tabilo por 1-6, 7-6(2), 7-6(4).<\/p>\n<p>            <a href=\"#\" title=\"\"><br \/>\n                <img decoding=\"async\" loading=\"lazy\" width=\"120px\" height=\"90px\" alt=\"Momento en el que Carlos Alcaraz se torci\u00f3 el tobillo ante Sebasti\u00e1n B\u00e1ez\" src=\"https:\/\/imagenes.eldebate.com\/files\/related_image\/uploads\/2025\/09\/25\/68d5176e3893b.jpeg\" data-full-src=\"https:\/\/www.europesays.com\/es\/wp-content\/uploads\/2025\/09\/68d5176e3893b.jpeg\"\/><br \/>\n            <\/a><\/p>\n<p class=\"paragraph\">La de este s\u00e1bado ser\u00e1 la primera vez que Carlos Alcaraz y <b>Zizou Bergs <\/b>se vean las caras en un partido oficial. Por lo tanto, el cara a cara entre ambos est\u00e1 sin estrenar. Y eso hace indicar que el encuentro va a ser exigente, ya que el espa\u00f1ol no tiene referencias del tenista belga y tampoco conoce sus puntos d\u00e9biles.<\/p>\n<p class=\"paragraph\">En juego est\u00e1 un puesto en los cuartos de final del torneo de Tokio. El que salga victorioso del duelo de octavos, se medir\u00e1 al ganador del partido entre el h\u00fangaro <b>Marton Fucsovics<\/b> y el estadounidense <b>Brandon Nakashima.<\/b><\/p>\n<p>\u00bfCu\u00e1ndo es el partido?<\/p>\n<p class=\"paragraph\">El partido entre Carlos Alcaraz y Zizou Bergs en el ATP 500 de Tokio se disputar\u00e1 este s\u00e1bado 27 de septiembre en la pista central del <b>Ariake Coliseum<\/b>. El murciano, ganador ya de seis Grand Slams, se enfrentar\u00e1 al belga en los octavos de final del torneo.<\/p>\n<p>\u00bfCu\u00e1l es el horario?<\/p>\n<p class=\"paragraph\">Alcaraz se enfrentar\u00e1 al belga Zizou Bergs este s\u00e1bado 27 de septiembre. Concretamente, el partido se jugar\u00e1 a las en torno a las 18:00 hora local, es decir, <b>11:00h en Espa\u00f1a<\/b> (una hora menos en Canarias).<\/p>\n<p>\u00bfD\u00f3nde ver por TV?<\/p>\n<p class=\"paragraph\">El partido de Carlos Alcaraz en el ATP 500 contra Zizou Bergs podr\u00e1 verse este s\u00e1bado 27 de septiembre en directo en Espa\u00f1a a trav\u00e9s de <b>Movistar+<\/b>, por el dial 7 y alg\u00fan canal del paquete Deportes+. Tambi\u00e9n se podr\u00e1 seguir a trav\u00e9s de la plataforma Tennis TV y en El Debate ofreceremos una cr\u00f3nica y todas las reacciones posteriores.<\/p>\n","protected":false},"excerpt":{"rendered":"Despu\u00e9s de superar un debut contra Sebasti\u00e1n B\u00e1ez en el que una torcedura de tobillo estuvo a nada&hellip;\n","protected":false},"author":2,"featured_media":141347,"comment_status":"","ping_status":"","sticky":false,"template":"","format":"standard","meta":{"footnotes":""},"categories":[5],"tags":[17,18,25,24,13,14,11,19,20,9,10,15,16,23,12,21,22],"class_list":{"0":"post-141346","1":"post","2":"type-post","3":"status-publish","4":"format-standard","5":"has-post-thumbnail","7":"category-titulares","8":"tag-breaking-news","9":"tag-breakingnews","10":"tag-es","11":"tag-espana","12":"tag-featured-news","13":"tag-featurednews","14":"tag-headlines","15":"tag-latest-news","16":"tag-latestnews","17":"tag-news","18":"tag-noticias","19":"tag-noticias-destacadas","20":"tag-noticiasdestacadas","21":"tag-spain","22":"tag-titulares","23":"tag-ultimas-noticias","24":"tag-ultimasnoticias"},"share_on_mastodon":{"url":"","error":""},"_links":{"self":[{"href":"https:\/\/www.europesays.com\/es\/wp-json\/wp\/v2\/posts\/141346","targetHints":{"allow":["GET"]}}],"collection":[{"href":"https:\/\/www.europesays.com\/es\/wp-json\/wp\/v2\/posts"}],"about":[{"href":"https:\/\/www.europesays.com\/es\/wp-json\/wp\/v2\/types\/post"}],"author":[{"embeddable":true,"href":"https:\/\/www.europesays.com\/es\/wp-json\/wp\/v2\/users\/2"}],"replies":[{"embeddable":true,"href":"https:\/\/www.europesays.com\/es\/wp-json\/wp\/v2\/comments?post=141346"}],"version-history":[{"count":0,"href":"https:\/\/www.europesays.com\/es\/wp-json\/wp\/v2\/posts\/141346\/revisions"}],"wp:featuredmedia":[{"embeddable":true,"href":"https:\/\/www.europesays.com\/es\/wp-json\/wp\/v2\/media\/141347"}],"wp:attachment":[{"href":"https:\/\/www.europesays.com\/es\/wp-json\/wp\/v2\/media?parent=141346"}],"wp:term":[{"taxonomy":"category","embeddable":true,"href":"https:\/\/www.europesays.com\/es\/wp-json\/wp\/v2\/categories?post=141346"},{"taxonomy":"post_tag","embeddable":true,"href":"https:\/\/www.europesays.com\/es\/wp-json\/wp\/v2\/tags?post=141346"}],"curies":[{"name":"wp","href":"https:\/\/api.w.org\/{rel}","templated":true}]}}