{"id":141352,"date":"2025-09-27T01:43:14","date_gmt":"2025-09-27T01:43:14","guid":{"rendered":"https:\/\/www.europesays.com\/es\/141352\/"},"modified":"2025-09-27T01:43:14","modified_gmt":"2025-09-27T01:43:14","slug":"checo-perez-ya-realizo-su-primera-prueba-con-cadillac-y-sufrio-su-primer-choque","status":"publish","type":"post","link":"https:\/\/www.europesays.com\/es\/141352\/","title":{"rendered":"Checo P\u00e9rez ya realiz\u00f3 su primera prueba con Cadillac y sufri\u00f3 su primer choque"},"content":{"rendered":"<p>Un nuevo inicio. <a href=\"https:\/\/www.record.com.mx\/formula1\/en-un-mes-checo-estara-listo-mario-dominguez-sobre-el-regreso-de-checo-perez-la-f1-con\" rel=\"nofollow noopener\" target=\"_blank\"><strong>Sergio &#8216;Checo&#8217; P\u00e9rez<\/strong><\/a> se present\u00f3 esta semana en las instalaciones de <a href=\"https:\/\/www.record.com.mx\/formula1\/se-acerca-el-debut-checo-perez-ya-visito-la-fabrica-de-cadillac\" rel=\"nofollow noopener\" target=\"_blank\"><strong>Cadillac<\/strong><\/a> y oficialmente conoci\u00f3 a quienes ser\u00e1n sus compa\u00f1eros de trabajo para la Temporada 2026 de <a href=\"https:\/\/www.record.com.mx\/formula1\/el-mejor-de-su-carrera-asi-describio-carlos-sainz-su-podio-en-el-gran-premio-de-azerbaiyan\" rel=\"nofollow noopener\" target=\"_blank\"><strong>F\u00f3rmula 1<\/strong><\/a>. Adem\u00e1s, este jueves se subi\u00f3 por primera vez al simulador y tambi\u00e9n sufri\u00f3 su primer choque.\u00a0<\/p>\n<p>Desde la semana pasada, el jefe de Cadillac, <strong>Graeme Lowdon<\/strong>, adelant\u00f3 que P\u00e9rez Mendoza estar\u00eda trabajando en el simulador, antes de subirse a un monoplaza real de temporadas pasadas. Con ello, oficialmente Checo inici\u00f3 funciones como piloto de la escuder\u00eda de <strong>General Motors.\u00a0<\/strong><\/p>\n<p><img loading=\"lazy\" decoding=\"async\" data-entity-uuid=\"43fe2283-9f2d-4b49-bbac-5e0c90e5a3f3\" data-entity-type=\"file\" src=\"https:\/\/www.europesays.com\/es\/wp-content\/uploads\/2025\/09\/G1t8mvCXUAAo4_s (1).jpg\" width=\"640\" height=\"800\" alt=\"Checo P\u00e9rez ya se present\u00f3 en las instalaciones de Cadillac\" data-caption=\"Checo P\u00e9rez ya se present\u00f3 en las instalaciones de Cadillac | CADILLAC\"\/><\/p>\n<p>Checo P\u00e9rez ya se present\u00f3 en las instalaciones de Cadillac | CADILLAC<\/p>\n<p>Checo Perez sufri\u00f3 su primer choque<\/p>\n<p>En un video compartido por Cadillac, se observa a Lowdon y el equipo de trabajo viendo las pantallas del simulador mientras Checo trabaja. Aunque apenas es un momento, en uno de los monitores se observa como la imagen del autom\u00f3vil se gira y choca contra uno de los muros.\u00a0<\/p>\n<p>Seg\u00fan reportes, la pr\u00f3xima semana Checo volver\u00e1 a subirse al simulador, pero con m\u00e1s condiciones semejantes a las de un Gran Premio de <strong>F\u00f3rmula 1<\/strong>. Adem\u00e1s, se a\u00f1adir\u00e1 m\u00e1s intensidad y desaf\u00edo a la prueba para que poco a poco el tapat\u00edo entre en ritmo de cara a la siguiente temporada.\u00a0<\/p>\n<p><img loading=\"lazy\" decoding=\"async\" data-entity-uuid=\"07a34cf8-1368-449f-99a5-4ba1d1d5214c\" data-entity-type=\"file\" src=\"https:\/\/www.europesays.com\/es\/wp-content\/uploads\/2025\/09\/Checo Perez.jpg\" width=\"614\" height=\"704\" alt=\"Checo ya sufri\u00f3 su primer choque en el simulador\" data-caption=\"Checo ya sufri\u00f3 su primer choque en el simulador | CAPTURA\u00a0\"\/><\/p>\n<p>Checo ya sufri\u00f3 su primer choque en el simulador | CAPTURA\u00a0<\/p>\n<p>La idea es que despu\u00e9s de las pruebas de simulador, Checo se suba a un monoplaza. Por ahora Cadillac no ha confirmado de qu\u00e9 tipo, aunque los reportes apuntan a que ser\u00e1 un monoplaza <strong>Ferrari de 2023<\/strong> (SF-23).\u00a0<\/p>\n<p>\u00bfCu\u00e1ndo volver\u00e1 a correr Checo P\u00e9rez en F\u00f3rmula 1?<\/p>\n<p>La Temporada 2026 de la F\u00f3rmula 1 comenzar\u00e1 con el <strong>Gran Premio de Australia, <\/strong>programado del <strong>viernes 6 al domingo 8 de marzo<\/strong>. Melbourne fue el escenario en el cual Checo P\u00e9rez debut\u00f3 en 2011, aunque sufri\u00f3 una descalificaci\u00f3n en aquella ocasi\u00f3n con <strong>Sauber<\/strong>. Desde entonces, su mejor resultado fue el segundo lugar con <strong>Red Bull<\/strong> en 2022.\u00a0<\/p>\n<p><img loading=\"lazy\" decoding=\"async\" data-entity-uuid=\"b12dd36d-19ff-4348-baa0-7593358fefc6\" data-entity-type=\"file\" src=\"https:\/\/www.europesays.com\/es\/wp-content\/uploads\/2025\/09\/G1t8kTBWgAAz_at (1).jpg\" width=\"640\" height=\"800\" alt=\"Checo P\u00e9rez volver\u00e1 a la parrilla en 2026\" data-caption=\"Checo P\u00e9rez volver\u00e1 a la parrilla en 2026 | CADILLAC\u00a0\"\/><\/p>\n<p>Checo P\u00e9rez volver\u00e1 a la parrilla en 2026 | CADILLAC\u00a0<\/p>\n<p>Antes de la carrera en Australia, habr\u00e1 pruebas de pretemporada, que ser\u00e1n m\u00e1s d\u00edas en 2026 por los cambios en la regulaci\u00f3n t\u00e9cnica. Las primeras sesiones ser\u00e1n en <strong>Barcelona, del 26 al 30 de enero<\/strong> y ser\u00e1 cuando debute oficialmente el monoplaza de Cadillac; la segunda fecha de pruebas es del <strong>11 al 13 de febrero, en Bahr\u00e9in<\/strong>.<\/p>\n<p>Por otra parte, en lo que respecta al <strong>Gran Premio de M\u00e9xico<\/strong>, la carrera de casa para P\u00e9rez Mendoza, est\u00e1 programada del <strong>30 de octubre al 1\u00b0 de noviembre<\/strong>. Ser\u00e1 la primera edici\u00f3n del nuevo contrato, mismo que tiene una duraci\u00f3n hasta 2028, y el regreso oficial de Checo al <strong>Aut\u00f3dromo Hermanos Rodr\u00edguez.\u00a0<\/strong><\/p>\n<p><img loading=\"lazy\" decoding=\"async\" data-entity-uuid=\"233e0ea0-e8b5-4e6d-a79b-177bfdda99a1\" data-entity-type=\"file\" src=\"https:\/\/www.europesays.com\/es\/wp-content\/uploads\/2025\/09\/G1t8n9PWgAAQgKa (1).jpg\" width=\"640\" height=\"800\" alt=\"Checo ya se present\u00f3 para trabajar con Cadillac\" data-caption=\"Checo ya se present\u00f3 para trabajar con Cadillac | CADILLAC\"\/><\/p>\n<p>Checo ya se present\u00f3 para trabajar con Cadillac | CADILLAC<\/p>\n","protected":false},"excerpt":{"rendered":"Un nuevo inicio. Sergio &#8216;Checo&#8217; P\u00e9rez se present\u00f3 esta semana en las instalaciones de Cadillac y oficialmente conoci\u00f3&hellip;\n","protected":false},"author":2,"featured_media":141353,"comment_status":"","ping_status":"","sticky":false,"template":"","format":"standard","meta":{"footnotes":""},"categories":[270],"tags":[168,25,24,306,271,272,43970,6480,23,167,43969],"class_list":{"0":"post-141352","1":"post","2":"type-post","3":"status-publish","4":"format-standard","5":"has-post-thumbnail","7":"category-formula-1","8":"tag-deportes","9":"tag-es","10":"tag-espana","11":"tag-f1","12":"tag-formula-1","13":"tag-formula1","14":"tag-pruebas-checo-perez","15":"tag-sergio-checo-perez","16":"tag-spain","17":"tag-sports","18":"tag-temporada-2026-formula-1"},"share_on_mastodon":{"url":"","error":""},"_links":{"self":[{"href":"https:\/\/www.europesays.com\/es\/wp-json\/wp\/v2\/posts\/141352","targetHints":{"allow":["GET"]}}],"collection":[{"href":"https:\/\/www.europesays.com\/es\/wp-json\/wp\/v2\/posts"}],"about":[{"href":"https:\/\/www.europesays.com\/es\/wp-json\/wp\/v2\/types\/post"}],"author":[{"embeddable":true,"href":"https:\/\/www.europesays.com\/es\/wp-json\/wp\/v2\/users\/2"}],"replies":[{"embeddable":true,"href":"https:\/\/www.europesays.com\/es\/wp-json\/wp\/v2\/comments?post=141352"}],"version-history":[{"count":0,"href":"https:\/\/www.europesays.com\/es\/wp-json\/wp\/v2\/posts\/141352\/revisions"}],"wp:featuredmedia":[{"embeddable":true,"href":"https:\/\/www.europesays.com\/es\/wp-json\/wp\/v2\/media\/141353"}],"wp:attachment":[{"href":"https:\/\/www.europesays.com\/es\/wp-json\/wp\/v2\/media?parent=141352"}],"wp:term":[{"taxonomy":"category","embeddable":true,"href":"https:\/\/www.europesays.com\/es\/wp-json\/wp\/v2\/categories?post=141352"},{"taxonomy":"post_tag","embeddable":true,"href":"https:\/\/www.europesays.com\/es\/wp-json\/wp\/v2\/tags?post=141352"}],"curies":[{"name":"wp","href":"https:\/\/api.w.org\/{rel}","templated":true}]}}