{"id":141356,"date":"2025-09-27T01:45:08","date_gmt":"2025-09-27T01:45:08","guid":{"rendered":"https:\/\/www.europesays.com\/es\/141356\/"},"modified":"2025-09-27T01:45:08","modified_gmt":"2025-09-27T01:45:08","slug":"el-real-zaragoza-despierta-y-gana-su-primer-partido-de-la-temporada-0-1","status":"publish","type":"post","link":"https:\/\/www.europesays.com\/es\/141356\/","title":{"rendered":"El Real Zaragoza despierta y gana su primer partido de la temporada (0-1)"},"content":{"rendered":"<p>            El Real Zaragoza despierta y gana su primer partido de la temporada (0-1)                <\/p>\n<p>El Real Zaragoza despierta y gana su primer partido de la temporada (0-1)<\/p>\n<p class=\"epigraph\">Gabi regatea la crisis con un buen triunfo del equipo aragon\u00e9s contra el Mirand\u00e9s. Un gol de Moyano alimenta una victoria clave en un partido completo, serio y pr\u00e1ctico.<\/p>\n<p class=\"paragraph\">Ganar era as\u00ed. La victoria, la primera de la temporada despu\u00e9s de siete partidos, era un manantial en el medio del desierto que hab\u00eda que proteger, defender y santificar porque el Zaragoza la necesitaba como el comer, aunque no tanto como su entrenador. El conjunto aragon\u00e9s gan\u00f3 el partido en la primera mitad y lo protegi\u00f3 en la segunda.  Un gol de Sebas Moyano lo puso de cara y un concierto de defensa colectiva dirigido por Paul Akouokou tras el descanso lo asegur\u00f3 en Mendizorroza, tras un partido ameno, inclinado hacia el lado visitante gracias a su aplomo y control de las situaciones. Gabi sac\u00f3 as\u00ed adelante el aprieto de una crisis con muy mala pinta venciendo al Mirand\u00e9s y haci\u00e9ndolo, sobre todo, desde su papel de entrenador: \u00e9l marc\u00f3 las diferencias con un Zaragoza nuevo, levantado sobre postulados distintos. El giro fue radical. \u00bfC\u00f3mo es posible una transformaci\u00f3n as\u00ed en solo cuatro d\u00edas?<\/p>\n<p>            Conforme a los criterios de<br \/>\n            <a class=\"trustproject_img\" id=\"trustproject_img\" href=\"https:\/\/thetrustproject.org\/\" target=\"_blank\" rel=\"nofollow noopener\" aria-label=\"Trust Project\"><img decoding=\"async\" loading=\"lazy\" src=\"https:\/\/www.heraldo.es\/images\/Trust-Logo-Horizontal.svg\" alt=\"Logo Trust Project\" width=\"200\" height=\"34\"\/><\/a><\/p>\n<p>        <a href=\"https:\/\/www.henneo.com\/\" title=\"Grupo Henneo\" class=\"logo\" rel=\"nofollow noopener\" target=\"_blank\"><br \/>\n            <img decoding=\"async\" src=\"https:\/\/www.heraldo.es\/images\/logo_henneo_gris.svg\" alt=\"Logo Henneo\" width=\"559\" height=\"389\" loading=\"lazy\"\/><br \/>\n        <\/a><\/p>\n<p>\u00a9 HERALDO DE ARAGON EDITORA, S.L.U.<br \/>Tel\u00e9fono 976 765 000 \/ &#8211; P\u00ba. Independencia, 29, 50001 Zaragoza &#8211; CIF: B99288763 &#8211; Inscrita en el Registro Mercantil de Zaragoza al Tomo 3796, Libro 0, Folio 177, Secci\u00f3n 8, Hoja Z-50564<br \/>Queda prohibida toda reproducci\u00f3n sin permiso escrito de la empresa a los efectos del art\u00edculo 32.1, p\u00e1rrafo segundo, de la Ley de Propiedad Intelectual<\/p>\n<p>\n                P\u00ba Independencia, 29, 50001 Zaragoza<br \/> Tel\u00e9fono 976 765 000\n            <\/p>\n<p>                    Actualmente tu navegador no permite ejecutar JavaScript. Para poder disfrutar de nuestro contenido es necesario que lo permita.<br \/>\n                                        <img decoding=\"async\" loading=\"lazy\" alt=\"Heraldo logo\" src=\"https:\/\/dkumiip2e9ary.cloudfront.net\/xalok\/heraldo\/especiales\/hola-de-nuevo\/logo-heraldo.svg\" width=\"215\" height=\"43\"\/><\/p>\n","protected":false},"excerpt":{"rendered":"El Real Zaragoza despierta y gana su primer partido de la temporada (0-1) El Real Zaragoza despierta y&hellip;\n","protected":false},"author":2,"featured_media":141357,"comment_status":"","ping_status":"","sticky":false,"template":"","format":"standard","meta":{"footnotes":""},"categories":[268],"tags":[5293,168,25,24,280,282,6922,798,281,23,167,491],"class_list":{"0":"post-141356","1":"post","2":"type-post","3":"status-publish","4":"format-standard","5":"has-post-thumbnail","7":"category-futbol","8":"tag-cronica","9":"tag-deportes","10":"tag-es","11":"tag-espana","12":"tag-football","13":"tag-futbol","14":"tag-mirandes","15":"tag-real","16":"tag-soccer","17":"tag-spain","18":"tag-sports","19":"tag-zaragoza"},"share_on_mastodon":{"url":"","error":""},"_links":{"self":[{"href":"https:\/\/www.europesays.com\/es\/wp-json\/wp\/v2\/posts\/141356","targetHints":{"allow":["GET"]}}],"collection":[{"href":"https:\/\/www.europesays.com\/es\/wp-json\/wp\/v2\/posts"}],"about":[{"href":"https:\/\/www.europesays.com\/es\/wp-json\/wp\/v2\/types\/post"}],"author":[{"embeddable":true,"href":"https:\/\/www.europesays.com\/es\/wp-json\/wp\/v2\/users\/2"}],"replies":[{"embeddable":true,"href":"https:\/\/www.europesays.com\/es\/wp-json\/wp\/v2\/comments?post=141356"}],"version-history":[{"count":0,"href":"https:\/\/www.europesays.com\/es\/wp-json\/wp\/v2\/posts\/141356\/revisions"}],"wp:featuredmedia":[{"embeddable":true,"href":"https:\/\/www.europesays.com\/es\/wp-json\/wp\/v2\/media\/141357"}],"wp:attachment":[{"href":"https:\/\/www.europesays.com\/es\/wp-json\/wp\/v2\/media?parent=141356"}],"wp:term":[{"taxonomy":"category","embeddable":true,"href":"https:\/\/www.europesays.com\/es\/wp-json\/wp\/v2\/categories?post=141356"},{"taxonomy":"post_tag","embeddable":true,"href":"https:\/\/www.europesays.com\/es\/wp-json\/wp\/v2\/tags?post=141356"}],"curies":[{"name":"wp","href":"https:\/\/api.w.org\/{rel}","templated":true}]}}