{"id":141360,"date":"2025-09-27T01:47:10","date_gmt":"2025-09-27T01:47:10","guid":{"rendered":"https:\/\/www.europesays.com\/es\/141360\/"},"modified":"2025-09-27T01:47:10","modified_gmt":"2025-09-27T01:47:10","slug":"de-rosa-bonheur-a-dali-y-degas-arte-para-ninos-en-los-museos-de-madrid-noticias-de-madrid","status":"publish","type":"post","link":"https:\/\/www.europesays.com\/es\/141360\/","title":{"rendered":"De Rosa Bonheur a Dal\u00ed y Degas: arte para ni\u00f1os en los museos de Madrid | Noticias de Madrid"},"content":{"rendered":"<p class=\"\">Se puede acudir a museos con ni\u00f1os. Y no solo a esos \u201cmuseos\u201d que en realidad son chiquiparks o salas de m\u00e1quinas recreativas disfrazados. Ya lo dec\u00eda mi compa\u00f1era Rut de las Heras Bret\u00edn hace unas semanas en una de las columnas de la secci\u00f3n de Madrid:<a href=\"https:\/\/t.newsletter.elpais.com\/r\/?id=hd78ef3ad,ce53d0a,5199632&amp;e=cDE9bWFkcmlkXzIwMjUuMDkuMjY&amp;s=PI3HxoFwqq3KbSL3r5HXm1WVPHe8vdNcCeRxgdulvUw\" rel=\"nofollow noopener\" target=\"_blank\">No tomar\u00e1s la palabra museo en vano<\/a>. [Este texto es un extracto del bolet\u00edn cultural de los viernes de EL PA\u00cdS Madrid.<a href=\"https:\/\/eur01.safelinks.protection.outlook.com\/?url=https%3A%2F%2Fplus.elpais.com%2Fnewsletters%2Flnp%2F1%2F395%3Fsma%3D%26utm_medium%3Demail%26utm_source%3Dnewsletter%26utm_campaign%3D%253C%2525%3D%2520delivery.label%2520%2525%253E&amp;data=05%7C02%7CKLema%40elpais.es%7Ceea87145dc5d44913b5e08dd83c13150%7Cc4fd49f3e15a44d882e2c909735d2e45%7C0%7C0%7C638811587964161741%7CUnknown%7CTWFpbGZsb3d8eyJFbXB0eU1hcGkiOnRydWUsIlYiOiIwLjAuMDAwMCIsIlAiOiJXaW4zMiIsIkFOIjoiTWFpbCIsIldUIjoyfQ%3D%3D%7C0%7C%7C%7C&amp;sdata=5kav1G9Zbem8hQ%2FJVW0OElZC3ghoKARXElCkCgXVpN8%3D&amp;reserved=0\" rel=\"nofollow noopener\" title=\"Direcci\u00f3n URL original: https:\/\/plus.elpais.com\/newsletters\/lnp\/1\/395?sma=&amp;utm_medium=email&amp;utm_source=newsletter&amp;utm_campaign=%3C%25=%20delivery.label%20%25%3E. Haga clic o pulse si conf\u00eda en este v\u00ednculo.\" target=\"_blank\">Para recibir la newsletter, puedes apuntarte aqu\u00ed<\/a>]<\/p>\n<p class=\"\">A lo que yo me refiero es a ir con los ni\u00f1os a museos en los que se aloja arte. Ojal\u00e1 los grandes museos de Madrid se animaran, si el presupuesto se lo permite, a propuestas como la de mi idolatrado Victoria &amp; Albert Museum de Londres, que tiene una versi\u00f3n mini llamada <a href=\"https:\/\/t.newsletter.elpais.com\/r\/?id=hd78ef3ad,ce53d0a,5199633&amp;e=cDE9bWFkcmlkXzIwMjUuMDkuMjY&amp;s=eSdNEFDA1e0q0irt2F2YQ90p09qXFbVBtrL7Tyid0MU\" rel=\"nofollow noopener\" target=\"_blank\">Young V&amp;A<\/a> y que es justo lo contrario a los falsos museos familiares de Madrid: parece un chiquipark pero en realidad esconde, a trav\u00e9s de un dise\u00f1o muy inteligente y un excelente concepto de la pedagog\u00eda, nociones b\u00e1sicas de arte que inculcar a los cr\u00edos de forma amena.<\/p>\n<p class=\"\">La editorial Phaidon, que no solo no est\u00e1 dejando morir al libro f\u00edsico frente a lo digital sino que lo est\u00e1 elevando a los altares, ha lanzado una edici\u00f3n revisada y ampliada de <a href=\"https:\/\/t.newsletter.elpais.com\/r\/?id=hd78ef3ad,ce53d0a,5199634&amp;e=cDE9bWFkcmlkXzIwMjUuMDkuMjY&amp;s=ObAX2xos3mmuut2Vdj5kZgQWtsIe20YLnQK4zMg2f-4\" rel=\"nofollow noopener\" target=\"_blank\">El ABC del arte para ni\u00f1os<\/a>. Para celebrar el 20 aniversario del lanzamiento del libro original y llegar a otras generaciones de lectores y amantes de la cultura en potencia, esta nueva versi\u00f3n ampl\u00eda la selecci\u00f3n de creaciones y a\u00f1ade 30 nuevas obras contempor\u00e1neas. El libro analiza los diferentes significados y funciones del arte a partir de cuadros, esculturas, fotograf\u00edas y grabados y aterriza muy bien los conceptos para que pueda entenderlo un lector de 8 o 12 a\u00f1os y que tampoco viene mal a los padres. <\/p>\n<p><img decoding=\"auto\" class=\"_re lazyload a_m-h\" height=\"218\"  width=\"414\"  src=\"https:\/\/www.europesays.com\/es\/wp-content\/uploads\/2025\/09\/7IQHDRP2I5FCRFTDJ33DCU2GZA.jpg\" loading=\"lazy\"\/>Obras de Joan Mir\u00f3 en el Museo Reina Sof\u00eda.<\/p>\n<p class=\"\">Yo sugerir\u00eda llevar a los ni\u00f1os solo un rato al museo, a ver un par de obras espec\u00edficas, aprovechando que muchos de ellos son gratuitos siempre o en alg\u00fan horario concreto. Para ver de cerca y en vivo lo que leen y ven en el libro. Por ejemplo, el volumen destaca los dibujos de leones de Rosa Bonheur, de quien puede verse en el Prado uno de ellos, El Cid. La colecci\u00f3n del Prado tiene otros pintores m\u00e1s cl\u00e1sicos como Diego Vel\u00e1zquez, Artemisa Gentileschi, Clara Peeters y Pieter Bruegel el Viejo. Y podr\u00eda ser un juego interesante comparar con los ni\u00f1os la versi\u00f3n de La Gioconda de Da Vinci del Louvre, la que aparece en las p\u00e1ginas del libro, con la que muestra la pinacoteca madrile\u00f1a.<\/p>\n<p class=\"\">La sala de exposiciones de la <a href=\"https:\/\/t.newsletter.elpais.com\/r\/?id=hd78ef3ad,ce53d0a,5199635&amp;e=cDE9bWFkcmlkXzIwMjUuMDkuMjY&amp;s=U51PKOauJ5mPVbVoQ5ly0DPHP52O-kjZNiRVPKP1khg\" rel=\"nofollow noopener\" target=\"_blank\">Fundaci\u00f3n Mar\u00eda Cristina Masaveu Peterson <\/a>que est\u00e1 en Chamber\u00ed, aloja obras de Picasso, Mir\u00f3, Dal\u00ed, que forman parte de la selecci\u00f3n de 60 artistas del libro. Las entradas son gratuitas y se reservan de dos en dos en la web del centro. Y cuenta con una colorida exposici\u00f3n de Street Art de entrada libre sin necesidad de reserva.<\/p>\n<p class=\"\">En el Thyssen se localizan obras de Degas, Van Gogh o Matisse, que quiz\u00e1 llamen la atenci\u00f3n de los ni\u00f1os. Y en el Reina Sof\u00eda hay un Warhol featuring Basquiat y habr\u00e1 esta temporada una retrospectiva dedicada a F\u00e9lix Gonz\u00e1lez Torres, artista cubano afincado en Estados Unidos que tambi\u00e9n aparece recomendado en el volumen de Phaidon.<\/p>\n<p class=\"\"><a href=\"https:\/\/eur01.safelinks.protection.outlook.com\/?url=https%3A%2F%2Fplus.elpais.com%2Fnewsletters%2Flnp%2F1%2F395%3Fsma%3D%26utm_medium%3Demail%26utm_source%3Dnewsletter%26utm_campaign%3D%253C%2525%3D%2520delivery.label%2520%2525%253E&amp;data=05%7C02%7CKLema%40elpais.es%7Ceea87145dc5d44913b5e08dd83c13150%7Cc4fd49f3e15a44d882e2c909735d2e45%7C0%7C0%7C638811587964161741%7CUnknown%7CTWFpbGZsb3d8eyJFbXB0eU1hcGkiOnRydWUsIlYiOiIwLjAuMDAwMCIsIlAiOiJXaW4zMiIsIkFOIjoiTWFpbCIsIldUIjoyfQ%3D%3D%7C0%7C%7C%7C&amp;sdata=5kav1G9Zbem8hQ%2FJVW0OElZC3ghoKARXElCkCgXVpN8%3D&amp;reserved=0\" rel=\"nofollow noopener\" title=\"Direcci\u00f3n URL original: https:\/\/plus.elpais.com\/newsletters\/lnp\/1\/395?sma=&amp;utm_medium=email&amp;utm_source=newsletter&amp;utm_campaign=%3C%25=%20delivery.label%20%25%3E. Haga clic o pulse si conf\u00eda en este v\u00ednculo.\" target=\"_blank\">Ap\u00fantate aqu\u00ed para recibir cada viernes la newsletter de EL PA\u00cdS con planes en Madrid<\/a>.<\/p>\n","protected":false},"excerpt":{"rendered":"Se puede acudir a museos con ni\u00f1os. Y no solo a esos \u201cmuseos\u201d que en realidad son chiquiparks&hellip;\n","protected":false},"author":2,"featured_media":141361,"comment_status":"","ping_status":"","sticky":false,"template":"","format":"standard","meta":{"footnotes":""},"categories":[173],"tags":[229,233,231,230,1467,209,232,234,3662,146,147,25,24,3624,225,205,18792,18088,28335,3873,503,23],"class_list":{"0":"post-141360","1":"post","2":"type-post","3":"status-publish","4":"format-standard","5":"has-post-thumbnail","7":"category-arte-y-diseno","8":"tag-arte","9":"tag-arte-y-diseno","10":"tag-arts","11":"tag-arts-and-design","12":"tag-comunidad-de-madrid","13":"tag-cultura","14":"tag-design","15":"tag-diseno","16":"tag-editoriales","17":"tag-entertainment","18":"tag-entretenimiento","19":"tag-es","20":"tag-espana","21":"tag-infancia","22":"tag-libros","23":"tag-madrid","24":"tag-museo-del-prado","25":"tag-museo-reina-sofia","26":"tag-museo-thyssen-bornemisza","27":"tag-museos","28":"tag-pintura","29":"tag-spain"},"share_on_mastodon":{"url":"","error":""},"_links":{"self":[{"href":"https:\/\/www.europesays.com\/es\/wp-json\/wp\/v2\/posts\/141360","targetHints":{"allow":["GET"]}}],"collection":[{"href":"https:\/\/www.europesays.com\/es\/wp-json\/wp\/v2\/posts"}],"about":[{"href":"https:\/\/www.europesays.com\/es\/wp-json\/wp\/v2\/types\/post"}],"author":[{"embeddable":true,"href":"https:\/\/www.europesays.com\/es\/wp-json\/wp\/v2\/users\/2"}],"replies":[{"embeddable":true,"href":"https:\/\/www.europesays.com\/es\/wp-json\/wp\/v2\/comments?post=141360"}],"version-history":[{"count":0,"href":"https:\/\/www.europesays.com\/es\/wp-json\/wp\/v2\/posts\/141360\/revisions"}],"wp:featuredmedia":[{"embeddable":true,"href":"https:\/\/www.europesays.com\/es\/wp-json\/wp\/v2\/media\/141361"}],"wp:attachment":[{"href":"https:\/\/www.europesays.com\/es\/wp-json\/wp\/v2\/media?parent=141360"}],"wp:term":[{"taxonomy":"category","embeddable":true,"href":"https:\/\/www.europesays.com\/es\/wp-json\/wp\/v2\/categories?post=141360"},{"taxonomy":"post_tag","embeddable":true,"href":"https:\/\/www.europesays.com\/es\/wp-json\/wp\/v2\/tags?post=141360"}],"curies":[{"name":"wp","href":"https:\/\/api.w.org\/{rel}","templated":true}]}}