{"id":141379,"date":"2025-09-27T02:00:17","date_gmt":"2025-09-27T02:00:17","guid":{"rendered":"https:\/\/www.europesays.com\/es\/141379\/"},"modified":"2025-09-27T02:00:17","modified_gmt":"2025-09-27T02:00:17","slug":"christian-tamburrino-convocado-a-la-seleccion-argentina-de-handball","status":"publish","type":"post","link":"https:\/\/www.europesays.com\/es\/141379\/","title":{"rendered":"Christian Tamburrino convocado a la Selecci\u00f3n Argentina de handball"},"content":{"rendered":"<p><strong>El entrenador de Los Gladiadores oficializ\u00f3 un listado de jugadores proyecci\u00f3n que comenzar\u00e1n a entrenar esta semana en el Centro Nacional de Alto Rendimiento Deportivo ubicado en Capital Federal.<\/strong><\/p>\n<p>Con el objetivo de ampliar la base de jugadores que en un futuro podr\u00e1n nutrir la Selecci\u00f3n Argentina masculina de handball, Rodolfo Jung comenzar\u00e1 a trabajar con un grupo de 29 atletas que en su mayor\u00eda se desempe\u00f1an en el \u00e1mbito local.<\/p>\n<p>El listado est\u00e1 conformado por algunos jugadores con experiencia y pasado Gladiador, sumado a j\u00f3venes que vienen de integrar los procesos de Selecciones Juveniles y Juniors que participaron en los Mundiales de sus categor\u00edas entre ellos el sanrafaelino Christian Tamburrino y el alvearense Mart\u00edn Moreno.<\/p>\n<p>Tras su participaci\u00f3n en el Mundial juvenil que se disput\u00f3 en Egipto, los representantes de la Asociaci\u00f3n Sanrafaelina de Balonmano tendr\u00e1n la posibilidad de entrenar con los mayores y de esta manera el sue\u00f1o se est\u00e1 haciendo realidad.<\/p>\n<p><a href=\"https:\/\/diariosanrafael.com.ar\/christian-tamburrino-convocado-a-la-seleccion-argentina-de-handball\/?print=pdf\" class=\"pdfprnt-button pdfprnt-button-pdf\" target=\"_blank\" rel=\"nofollow noopener\"><img decoding=\"async\" src=\"https:\/\/www.europesays.com\/es\/wp-content\/uploads\/2025\/07\/1753680667_366_pdf.png\" alt=\"image_pdf\" title=\"Ver PDF\"\/><\/a><a href=\"https:\/\/diariosanrafael.com.ar\/christian-tamburrino-convocado-a-la-seleccion-argentina-de-handball\/?print=print\" class=\"pdfprnt-button pdfprnt-button-print\" target=\"_blank\" rel=\"nofollow noopener\"><img decoding=\"async\" src=\"https:\/\/www.europesays.com\/es\/wp-content\/uploads\/2025\/07\/1753680667_514_print.png\" alt=\"image_print\" title=\"Imprimir contenido\"\/><\/a>\t\t\t\t<\/p>\n","protected":false},"excerpt":{"rendered":"El entrenador de Los Gladiadores oficializ\u00f3 un listado de jugadores proyecci\u00f3n que comenzar\u00e1n a entrenar esta semana en&hellip;\n","protected":false},"author":2,"featured_media":141380,"comment_status":"","ping_status":"","sticky":false,"template":"","format":"standard","meta":{"footnotes":""},"categories":[278],"tags":[376,43973,168,25,24,375,6368,23,167],"class_list":{"0":"post-141379","1":"post","2":"type-post","3":"status-publish","4":"format-standard","5":"has-post-thumbnail","7":"category-balonmano","8":"tag-balonmano","9":"tag-christian-tamburrino","10":"tag-deportes","11":"tag-es","12":"tag-espana","13":"tag-handball","14":"tag-seleccion-argentina","15":"tag-spain","16":"tag-sports"},"share_on_mastodon":{"url":"","error":""},"_links":{"self":[{"href":"https:\/\/www.europesays.com\/es\/wp-json\/wp\/v2\/posts\/141379","targetHints":{"allow":["GET"]}}],"collection":[{"href":"https:\/\/www.europesays.com\/es\/wp-json\/wp\/v2\/posts"}],"about":[{"href":"https:\/\/www.europesays.com\/es\/wp-json\/wp\/v2\/types\/post"}],"author":[{"embeddable":true,"href":"https:\/\/www.europesays.com\/es\/wp-json\/wp\/v2\/users\/2"}],"replies":[{"embeddable":true,"href":"https:\/\/www.europesays.com\/es\/wp-json\/wp\/v2\/comments?post=141379"}],"version-history":[{"count":0,"href":"https:\/\/www.europesays.com\/es\/wp-json\/wp\/v2\/posts\/141379\/revisions"}],"wp:featuredmedia":[{"embeddable":true,"href":"https:\/\/www.europesays.com\/es\/wp-json\/wp\/v2\/media\/141380"}],"wp:attachment":[{"href":"https:\/\/www.europesays.com\/es\/wp-json\/wp\/v2\/media?parent=141379"}],"wp:term":[{"taxonomy":"category","embeddable":true,"href":"https:\/\/www.europesays.com\/es\/wp-json\/wp\/v2\/categories?post=141379"},{"taxonomy":"post_tag","embeddable":true,"href":"https:\/\/www.europesays.com\/es\/wp-json\/wp\/v2\/tags?post=141379"}],"curies":[{"name":"wp","href":"https:\/\/api.w.org\/{rel}","templated":true}]}}