{"id":141390,"date":"2025-09-27T02:13:10","date_gmt":"2025-09-27T02:13:10","guid":{"rendered":"https:\/\/www.europesays.com\/es\/141390\/"},"modified":"2025-09-27T02:13:10","modified_gmt":"2025-09-27T02:13:10","slug":"jon-bon-jovi-habla-de-su-nieta-hija-de-milliw-bobby-brown-y-jake","status":"publish","type":"post","link":"https:\/\/www.europesays.com\/es\/141390\/","title":{"rendered":"Jon Bon Jovi habla de su nieta, hija de Milliw Bobby Brown y Jake"},"content":{"rendered":"<p><strong>Jon Bon Jovi<\/strong> vive un momento especial en su vida familiar: a los 63 a\u00f1os, se ha convertido en abuelo por primera vez. La noticia llega tras la adopci\u00f3n de una ni\u00f1a por parte de su hijo, <strong>Jake Bongiovi, y su esposa, la actriz<\/strong> <strong>Millie Bobby Brown<\/strong>, quienes decidieron dar este importante paso durante el verano.<\/p>\n<p>El reconocido cantante comparti\u00f3 su emoci\u00f3n<strong> en una entrevista reciente con Bunnie XO, donde habl\u00f3 sobre el primer encuentro<\/strong> con la nueva integrante de la familia.<\/p>\n<blockquote>\n<p>\u201cEs una locura, pero maravilloso. Incre\u00edble. Adoptaron una ni\u00f1a, conocimos al beb\u00e9, obviamente, y en cuanto la ves, se convierte en tu nieta. Es tu beb\u00e9\u201d, expres\u00f3 visiblemente conmovido.<\/p>\n<\/blockquote>\n<p>Jon Bon Jovi habla de su faceta como abuelo<\/p>\n<p>Aunque su carrera lo ha mantenido activo por d\u00e9cadas,<strong> el m\u00fasico no esconde que este nuevo rol ha despertado una sensibilidad <\/strong>distinta en \u00e9l.<\/p>\n<blockquote>\n<p>\u201cQuiero ver fotos casi todos los d\u00edas. Ya soy ese tipo molesto que siempre est\u00e1 pidiendo actualizaciones, pero s\u00ed, es genial\u201d, dijo entre risas durante la conversaci\u00f3n.<\/p>\n<\/blockquote>\n<p>La llegada de su nieta no solo ha sido motivo de felicidad<strong>, sino que tambi\u00e9n representa un nuevo cap\u00edtulo familiar, lleno de ternura <\/strong>y momentos \u00fanicos.<\/p>\n<blockquote>\n<p>\u201cEs hermoso. Ser abuelo te cambia\u201d, reconoci\u00f3.<\/p>\n<\/blockquote>\n<p>Jon Bon Jovi habla del matrimonio de Jake y Millie Bobby Brown<\/p>\n<p>Desde hace tiempo, la pareja formada por <strong>Jake y Millie ha demostrado que, a pesar de su juventud, tienen claras sus prioridades. <\/strong>En mayo de 2024, celebraron su matrimonio en una ceremonia \u00edntima, y m\u00e1s adelante realizaron una boda m\u00e1s grande en Italia, rodeados de sus seres queridos.<\/p>\n<p>Durante la misma entrevista, <strong>Bon Jovi defendi\u00f3 la decisi\u00f3n de su hijo y nuera de casarse j\u00f3venes, <\/strong>asegurando que cuentan con el apoyo total de la familia.<\/p>\n<blockquote>\n<p>\u201cEllos son maduros para su edad, lo entendimos desde el principio. As\u00ed que les dimos nuestra bendici\u00f3n. Millie viene de una familia cuyos padres siguen juntos y se casaron muy j\u00f3venes tambi\u00e9n. Ellos dos se enamoraron y pensamos: \u2018Est\u00e1 bien, los apoyamos\u2019. Y est\u00e1 funcionando\u201d, explic\u00f3 el m\u00fasico.<\/p>\n<\/blockquote>\n<p>Millie Bobby Brown y Jake Bongiovi se convierten en padres<\/p>\n<p>Fue a trav\u00e9s de una publicaci\u00f3n en redes sociales que <strong>Millie Bobby Brown y Jake Bongiovi compartieron la noticia de la llegada <\/strong>de su hija.<\/p>\n<blockquote>\n<p>\u201cEste verano le dimos la bienvenida a nuestra dulce ni\u00f1a mediante la adopci\u00f3n. Estamos m\u00e1s que emocionados de comenzar este hermoso nuevo cap\u00edtulo de la paternidad en paz y privacidad\u201d, escribieron en Instagram.<\/p>\n<\/blockquote>\n<p>Con una trayectoria en ascenso y a\u00fan muy joven, <strong>Millie ha hablado en varias ocasiones sobre su deseo de tener una familia <\/strong>desde temprana edad. Ahora, con apenas 21 a\u00f1os reci\u00e9n cumplidos, la actriz cumple ese anhelo junto a su esposo.<\/p>\n<p>Pese a los comentarios que puedan surgir por la edad de la pareja o la rapidez con la que han formado su familia, quienes los conocen aseguran que ambos est\u00e1n plenamente convencidos de sus decisiones.<\/p>\n<blockquote>\n<p>\u201cEs demasiado segura de s\u00ed misma como para dejarse afectar. No le importa lo que digan. \u00bfPor qu\u00e9 deber\u00eda?\u201d, coment\u00f3 una fuente cercana a la actriz al medio Page Six.<\/p>\n<\/blockquote>\n<p>El 21 de septiembre marc\u00f3 el primer aniversario de bodas de <strong>Jake Bongiovi<\/strong> <strong>y Millie Bobby Brown. La actriz comparti\u00f3 una imagen en blanco<\/strong> y negro del d\u00eda de su boda con un mensaje lleno de cari\u00f1o:<\/p>\n<blockquote>\n<p>\u201c1 a\u00f1o casados. Amo ser tu esposa\u201d.<\/p>\n<\/blockquote>\n<p>Por su parte,<strong> Jake tambi\u00e9n celebr\u00f3 el momento con una publicaci\u00f3n<\/strong> dedicada a su pareja.<\/p>\n<blockquote>\n<p>\u201cUn a\u00f1o en los libros, muchos m\u00e1s por venir. Te amo tanto, mi hermosa esposa. Feliz aniversario\u201d.<\/p>\n<\/blockquote>\n<p>\u00a0<\/p>\n<p>\u00a0<\/p>\n<p>PJG<\/p>\n","protected":false},"excerpt":{"rendered":"Jon Bon Jovi vive un momento especial en su vida familiar: a los 63 a\u00f1os, se ha convertido&hellip;\n","protected":false},"author":2,"featured_media":141391,"comment_status":"","ping_status":"","sticky":false,"template":"","format":"standard","meta":{"footnotes":""},"categories":[170],"tags":[146,147,25,24,43975,43978,17372,43977,26025,43979,43980,184,185,43976,23],"class_list":{"0":"post-141390","1":"post","2":"type-post","3":"status-publish","4":"format-standard","5":"has-post-thumbnail","7":"category-musica","8":"tag-entertainment","9":"tag-entretenimiento","10":"tag-es","11":"tag-espana","12":"tag-hijo-de-jon-bon-jovi","13":"tag-jake-bongiovi-y-millie-bobby-brown-hija","14":"tag-jon-bon-jovi","15":"tag-jon-bon-jovi-abuelo","16":"tag-millie-bobby-brown","17":"tag-millie-bobby-brown-adopcion","18":"tag-millie-bobby-brown-matrimonio","19":"tag-music","20":"tag-musica","21":"tag-nieta-de-jon-bon-jovi","22":"tag-spain"},"share_on_mastodon":{"url":"","error":""},"_links":{"self":[{"href":"https:\/\/www.europesays.com\/es\/wp-json\/wp\/v2\/posts\/141390","targetHints":{"allow":["GET"]}}],"collection":[{"href":"https:\/\/www.europesays.com\/es\/wp-json\/wp\/v2\/posts"}],"about":[{"href":"https:\/\/www.europesays.com\/es\/wp-json\/wp\/v2\/types\/post"}],"author":[{"embeddable":true,"href":"https:\/\/www.europesays.com\/es\/wp-json\/wp\/v2\/users\/2"}],"replies":[{"embeddable":true,"href":"https:\/\/www.europesays.com\/es\/wp-json\/wp\/v2\/comments?post=141390"}],"version-history":[{"count":0,"href":"https:\/\/www.europesays.com\/es\/wp-json\/wp\/v2\/posts\/141390\/revisions"}],"wp:featuredmedia":[{"embeddable":true,"href":"https:\/\/www.europesays.com\/es\/wp-json\/wp\/v2\/media\/141391"}],"wp:attachment":[{"href":"https:\/\/www.europesays.com\/es\/wp-json\/wp\/v2\/media?parent=141390"}],"wp:term":[{"taxonomy":"category","embeddable":true,"href":"https:\/\/www.europesays.com\/es\/wp-json\/wp\/v2\/categories?post=141390"},{"taxonomy":"post_tag","embeddable":true,"href":"https:\/\/www.europesays.com\/es\/wp-json\/wp\/v2\/tags?post=141390"}],"curies":[{"name":"wp","href":"https:\/\/api.w.org\/{rel}","templated":true}]}}