{"id":141392,"date":"2025-09-27T02:14:10","date_gmt":"2025-09-27T02:14:10","guid":{"rendered":"https:\/\/www.europesays.com\/es\/141392\/"},"modified":"2025-09-27T02:14:10","modified_gmt":"2025-09-27T02:14:10","slug":"la-fecha-de-estreno-de-spider-man-beyond-the-spider-verse-cambia-de-nuevo-pero-esta-vez-son-buenas-noticias-ign-espana","status":"publish","type":"post","link":"https:\/\/www.europesays.com\/es\/141392\/","title":{"rendered":"La fecha de estreno de Spider-Man: Beyond the Spider-Verse cambia de nuevo, pero esta vez son buenas noticias &#8211; IGN Espa\u00f1a"},"content":{"rendered":"<ol>\n<li><a href=\"https:\/\/news.google.com\/rss\/articles\/CBMi-gFBVV95cUxPNWwzSU1STFM4VmZUQzN3SVh5TlNaZTJIaFRZazk5MmFGbG1PYWZNeUE1dEZwTDNFa1hiTG9VZ1YxRG5kaGw1MktWZnJOVjd6WXBLeTM5MjlRUWNSSTFaM1ZZOGwwWG1JN0FYeW4tUEViYjZuRi1ibHJKaGh6MkViQjBDR3VoamV0WEVQSUlLUDFwdWZMNXk3UlNVdHZ5Ry1VUHFLcHlBLTVRY21KMmNmbzgxMzkxZDVWNWdNdExGakRpS2VrY0lLQ21SdVZFV3A2MzZjSDd6eXhEMjAyRWtvVTdHTHFqdmVDb2N5Y19RQWVPYmxYSTFCeVBB?oc=5\" target=\"_blank\" rel=\"nofollow noopener\">La fecha de estreno de Spider-Man: Beyond the Spider-Verse cambia de nuevo, pero esta vez son buenas noticias<\/a>&nbsp;&nbsp;IGN Espa\u00f1a<\/li>\n<li><a href=\"https:\/\/news.google.com\/rss\/articles\/CBMi3gFBVV95cUxPRS11S0c3SUpoYWdIcF80SlIwbG5EWExfNi1wdXlpSFRwLXV4dzZ3TkxDN2dzTjFjdXVPbUZUbXVfYV82NTdBYzFaSVRvUjk0UUc2cFR3M1dERGZMLXVpemJFMG1HRHdwSHlQREdCQ0hWYmRCQVVHM0VGbXF0QlRUSlQxSzE3M3Y2aGFRSDZUSldaeUlvV25OUTJOVGdRYmNHbDlyRzJVWmV0aFhsVnlRX1BlZVkyT3FVNEFpZElPY0ppOXRXNF9Bc2VrcDBsbGljZkF0cHdzWlNWcHhaWWfSAfIBQVVfeXFMTUhxZkdoSVM2MnRyN0JnU093SUVyRkRCRmhVMGUwN2JLMmxMcGRULVY5dkpwU1REUmRxZXowaWV5WWs3ZzB6MzN4VElhWUkxMDRwdkYzWW1VUEhnUXJGSDJKLTYzV1A3TVh6UUJmVDB1dkc4SGpyb3RGeTZKUXh3M0pQTFFBOWMwS2VDVWpaU2dqTC1yTk04RmcwdDdNVjBpZ1hTNmYyUmY2eG0wdWJkYVpScWxqYnUtODZfZ3lhYzJoSXNueHRhY0diM2MyZnhpTVpVM0JBUTFnQUVZa1N2SDU2UXZOa2lMb19QZk1rRWQ0aWc?oc=5\" target=\"_blank\" rel=\"nofollow noopener\">La pel\u00edcula m\u00e1s esperada de Spider-Man tiene que enfrentarse a un nuevo reto en su estreno<\/a>&nbsp;&nbsp;La Raz\u00f3n<\/li>\n<li><a href=\"https:\/\/news.google.com\/rss\/articles\/CBMi4AFBVV95cUxNLWZuVC1YLU9VcnBuU1k1cllEeTBsMGRjR25xd19ybTF1UjU1OHB3YVJUVVdPeXI0bUo5MzdBRWlTaHlCTVFTQVNNdjJvbURTOEgyZ2JyRTJjUWVXaGZJWEU5eGhmdmw3NGd0Q1hja3NLSVVlNnFuYnhoRUlMX3ZNS0FabjQ1b0lRNkdnR2pYTFJ0UF9yY0xsVWF0cjltcWhxa1d6QWQ4S3p5RkJUY0MzUm5aN2V4MklNY054OUhyWGkwWWU5czljOEoxOFN4R0tRdkt5a0pkdDMtU3ZzQU1FVQ?oc=5\" target=\"_blank\" rel=\"nofollow noopener\">Spider-Man: Beyond the Spider-Verse da buenas noticias a los fans adelantando su estreno en cines, aunque no demasiado<\/a>&nbsp;&nbsp;Hobby Consolas<\/li>\n<li><a href=\"https:\/\/news.google.com\/rss\/articles\/CBMiqAFBVV95cUxNQTZpYk0tY1lwdkctQTVPMFZOWllOdF9pdnVGWTBPc1pLalVGRzM3NTdkcG5YU3ItaVNzOTl6RjZzV2k5emFvbm1uUVQ2SHktQjNFblcxQllOTGNTZlF0N3h5NVkzdnpFRUhCMERSTUl5aTRLRjJkT1RYaENNWUdLUWdkUlNEdzVVSnV2Q3Rhc21JZEZTQmgxRHloeFlBeUFMQnotSU5zUlY?oc=5\" target=\"_blank\" rel=\"nofollow noopener\">Spider-Man: Beyond the Spider-Verse vuelve a mover la fecha de estreno<\/a>&nbsp;&nbsp;Gamereactor<\/li>\n<li><a href=\"https:\/\/news.google.com\/rss\/articles\/CBMirgFBVV95cUxQZ0syMnhBTU5ybkR1RGctVWFDZ1lFb2M2My1OdUp2b3dpeGQxUVFlOVFRZ2oxSHFSbWQzb2o5S19MZ0JIUzE4LW1laFJiYlBYb3QxYzVoM0FzbE0taGdaNlg0c1Rnb2w1My1jZXllYmlNM2l1a1VCTGNTOEQ3czhuRVJodThjU3lOSEVXNVRlV20wYUFLSTByUHRZSWNMMjNqVXJORlpETk0wYjJCRmc?oc=5\" target=\"_blank\" rel=\"nofollow noopener\">M\u00e1s all\u00e1 de la ara\u00f1a \u201caya\u201d llegando antes de lo que piensas<\/a>&nbsp;&nbsp;mascipolletti.com.ar<\/li>\n<\/ol>\n","protected":false},"excerpt":{"rendered":"La fecha de estreno de Spider-Man: Beyond the Spider-Verse cambia de nuevo, pero esta vez son buenas noticias&nbsp;&nbsp;IGN&hellip;\n","protected":false},"author":2,"featured_media":141393,"comment_status":"","ping_status":"","sticky":false,"template":"","format":"standard","meta":{"footnotes":""},"categories":[169],"tags":[177,146,147,25,24,176,175,23],"class_list":{"0":"post-141392","1":"post","2":"type-post","3":"status-publish","4":"format-standard","5":"has-post-thumbnail","7":"category-cine","8":"tag-cine","9":"tag-entertainment","10":"tag-entretenimiento","11":"tag-es","12":"tag-espana","13":"tag-film","14":"tag-movies","15":"tag-spain"},"share_on_mastodon":{"url":"","error":""},"_links":{"self":[{"href":"https:\/\/www.europesays.com\/es\/wp-json\/wp\/v2\/posts\/141392","targetHints":{"allow":["GET"]}}],"collection":[{"href":"https:\/\/www.europesays.com\/es\/wp-json\/wp\/v2\/posts"}],"about":[{"href":"https:\/\/www.europesays.com\/es\/wp-json\/wp\/v2\/types\/post"}],"author":[{"embeddable":true,"href":"https:\/\/www.europesays.com\/es\/wp-json\/wp\/v2\/users\/2"}],"replies":[{"embeddable":true,"href":"https:\/\/www.europesays.com\/es\/wp-json\/wp\/v2\/comments?post=141392"}],"version-history":[{"count":0,"href":"https:\/\/www.europesays.com\/es\/wp-json\/wp\/v2\/posts\/141392\/revisions"}],"wp:featuredmedia":[{"embeddable":true,"href":"https:\/\/www.europesays.com\/es\/wp-json\/wp\/v2\/media\/141393"}],"wp:attachment":[{"href":"https:\/\/www.europesays.com\/es\/wp-json\/wp\/v2\/media?parent=141392"}],"wp:term":[{"taxonomy":"category","embeddable":true,"href":"https:\/\/www.europesays.com\/es\/wp-json\/wp\/v2\/categories?post=141392"},{"taxonomy":"post_tag","embeddable":true,"href":"https:\/\/www.europesays.com\/es\/wp-json\/wp\/v2\/tags?post=141392"}],"curies":[{"name":"wp","href":"https:\/\/api.w.org\/{rel}","templated":true}]}}