{"id":141396,"date":"2025-09-27T02:17:12","date_gmt":"2025-09-27T02:17:12","guid":{"rendered":"https:\/\/www.europesays.com\/es\/141396\/"},"modified":"2025-09-27T02:17:12","modified_gmt":"2025-09-27T02:17:12","slug":"la-revuelta-toca-fondo-el-hormiguero-le-propina-el-golpe-mas-certero-de-la-temporada","status":"publish","type":"post","link":"https:\/\/www.europesays.com\/es\/141396\/","title":{"rendered":"\u2018La Revuelta\u2019 toca fondo: \u2018El Hormiguero\u2019 le propina el golpe m\u00e1s certero de la temporada"},"content":{"rendered":"<p class=\"\">Al sonar la campana del segundo asalto, el golpe fue al ment\u00f3n. Los meses en los que <b>La Revuelta<\/b><b> <\/b>ech\u00f3 a andar, hace algo m\u00e1s de un a\u00f1o, vinieron acompa\u00f1ados de unos excelentes datos de audiencia que, en no pocas ocasiones, adelantaron a los de<b> <\/b><b>El Hormiguero<\/b> en la codiciada franja del <b>access prime time<\/b>. Se ve\u00eda amenazada la soberan\u00eda de Motos. Pero a medida que fueron pasando los meses fue perdiendo fuelle el programa de TVE, dibujando<b> una din\u00e1mica que, al inicio de esta segunda temporada de \u2018guerra televisiva\u2019, no ha hecho sino acrecentarse.<\/b><\/p>\n<p class=\"\">Mientras que El Hormiguero, que inici\u00f3 el curso con unos datos astron\u00f3micos,<b> ha logrado estabilizar sus registros por encima de<\/b><b> La Revuelta<\/b> \u2014en estas tres semanas de contienda, <b>todav\u00eda no ha perdido ninguna noche<\/b> el programa de Motos\u2014, el formato presentado por David Broncano, si bien tampoco cosecha malos datos, pierde audiencia con el paso de las jornadas. <b>Esta no ha sido solo su peor semana; este jueves, la \u00faltima emisi\u00f3n, ha obtenido los peores datos de la temporada<\/b>. Toca fondo.<\/p>\n<p>Los n\u00fameros, sobre la mesa<\/p>\n<p class=\"\">A El Hormiguero acudi\u00f3 este jueves <b>\u00c1lex Gonz\u00e1lez<\/b> con motivo del estreno de la nueva pel\u00edcula de Imanol Uribe: <b>La sospecha de Sof\u00eda<\/b>. Al plat\u00f3 de La 1 fue <b>Ra\u00fal Cimas<\/b>, quien present\u00f3 <b>Poquita fe<\/b>, serie que protagoniza junto a Esperanza Pedre\u00f1o. <b>Las cartas estaban echadas<\/b>. Cada programa sigui\u00f3 su escaleta con \u00e9xito y el oro del triunfo qued\u00f3 pendiente de la elecci\u00f3n de los telespectadores.<\/p>\n<p class=\"\">Fue meridiano. El Hormiguero lider\u00f3 con un<b> 14\u20325% de cuota de pantalla y 1.707.000 de espectadores de media<\/b>, seg\u00fan datos de Dos30, mientras que La Revuelta cay\u00f3 a un<b> 11% de tasa de audiencia<\/b>, estanc\u00e1ndose en unos notables <b>1.307.000 espectadores<\/b> de media. La ventaja es considerable: en el tramo de estricta coincidencia (de 21:55 a 23.12 horas), <b>el programa de La 1 qued\u00f3 tres puntos por debajo<\/b> del comandado por Pablo Motos.<\/p>\n<p class=\"\">Cabe se\u00f1alar que, una vez pasada dicha franja, ya en el seno del <b>prime time<\/b>, la corona se la puso Telecinco:<b> Supervivientes All Stars<\/b> logr\u00f3 un <b>17% <\/b>de share en su tramo principal, obteniendo una media de 969.000 espectadores. En este tramo Andreu Buenafuente y su <b>Futuro imperfecto<\/b> dejaron a La 1 en un <b>11%<\/b>, mientras que Antena 3 cay\u00f3 con <b>La Encrucijada<\/b> a la cuarta opci\u00f3n de la noche al obtener apenas un <b>8%<\/b>. Pero en lo que al access prime time respecta, al sonar la campana de la segunda temporada, al ment\u00f3n.<\/p>\n<p>Noticias relacionadas<a href=\"https:\/\/as.com\/tikitakas\/television\/ana-rosa-quintana-la-lia-en-directo-al-hablar-de-camela-y-las-redes-arden-no-da-mas-de-si-n\/\" class=\"s_m_w\" title=\"La presentadora de \u2018El programa de Ana Rosa\u2019 ha sufrido un lapsus que ha sido muy criticado y comentado en el \u00e1mbito medi\u00e1tico.\" data-tb-link=\"\" rel=\"nofollow noopener\" target=\"_blank\"><img decoding=\"async\" src=\"https:\/\/www.europesays.com\/es\/wp-content\/uploads\/2025\/09\/CD7SUYDK7JGKBDRW46X24T2PNE.png\" alt=\"Ana Rosa Quintana la l\u00eda en directo al hablar de Camela y las redes arden: \u201cNo da m\u00e1s de s\u00ed\u201d\" class=\"\" height=\"1\" width=\"1\"   loading=\"lazy\" data-tb-thumbnail=\"\"\/><\/a><a href=\"https:\/\/as.com\/tikitakas\/famosos\/el-espectacular-cambio-fisico-de-labrador-mitico-concursante-de-gandia-shore-irreconocible-12-anos-despues-n\/\" class=\"s_m_w\" title=\"A sus 39 a\u00f1os, el televisivo ha sufrido una transformaci\u00f3n radical, en la que el entrenamiento, la dieta y la constancia han sido fundamentales.\" data-tb-link=\"\" rel=\"nofollow noopener\" target=\"_blank\"><img decoding=\"async\" src=\"https:\/\/www.europesays.com\/es\/wp-content\/uploads\/2025\/09\/1758939432_878_AHY6WSY46ZHPXI56CSXOVLQ5P4.jpg\" alt=\"El espectacular cambio f\u00edsico de Labrador, m\u00edtico concursante de \u2018Gand\u00eda Shore\u2019: irreconocible 12 a\u00f1os despu\u00e9s\" class=\"\" height=\"1\" width=\"1\"   loading=\"lazy\" data-tb-thumbnail=\"\"\/><\/a><\/p>\n<p class=\"\"><b>\u00a1Tus opiniones importan!<\/b> Comenta en los art\u00edculos y suscr\u00edbete gratis a nuestra <a href=\"https:\/\/asfan.as.com\/newsletters\/\" target=\"_blank\" rel=\"nofollow noopener\" title=\"https:\/\/asfan.as.com\/newsletters\/\">newsletter<\/a> y a las alertas informativas en la <a href=\"https:\/\/as.com\/aplicacion-de-as-n\/\" target=\"_blank\" rel=\"nofollow noopener\" title=\"https:\/\/as.com\/aplicacion-de-as-n\/\">App<\/a> o el canal de <a href=\"https:\/\/www.whatsapp.com\/channel\/0029VaAasdA7j6g745nz9M10\" target=\"_blank\" rel=\"nofollow noopener\" title=\"https:\/\/www.whatsapp.com\/channel\/0029VaAasdA7j6g745nz9M10\">WhatsApp<\/a>. \u00bfBuscas licenciar contenido?<\/p>\n<p class=\"\">Haz clic <a href=\"https:\/\/profesional.elpais.com\/landing-sindicacion?utm_medium=interno&amp;utm_source=crosslinking&amp;utm_campaign=sindicacion_as_pie_articulos\" target=\"_blank\" rel=\"nofollow noopener\" title=\"https:\/\/profesional.elpais.com\/landing-sindicacion?utm_medium=interno&amp;utm_source=crosslinking&amp;utm_campaign=sindicacion_as_pie_articulos\">aqu\u00ed<\/a><\/p>\n","protected":false},"excerpt":{"rendered":"Al sonar la campana del segundo asalto, el golpe fue al ment\u00f3n. Los meses en los que La&hellip;\n","protected":false},"author":2,"featured_media":141397,"comment_status":"","ping_status":"","sticky":false,"template":"","format":"standard","meta":{"footnotes":""},"categories":[91],"tags":[146,147,25,24,23],"class_list":{"0":"post-141396","1":"post","2":"type-post","3":"status-publish","4":"format-standard","5":"has-post-thumbnail","7":"category-entretenimiento","8":"tag-entertainment","9":"tag-entretenimiento","10":"tag-es","11":"tag-espana","12":"tag-spain"},"share_on_mastodon":{"url":"","error":""},"_links":{"self":[{"href":"https:\/\/www.europesays.com\/es\/wp-json\/wp\/v2\/posts\/141396","targetHints":{"allow":["GET"]}}],"collection":[{"href":"https:\/\/www.europesays.com\/es\/wp-json\/wp\/v2\/posts"}],"about":[{"href":"https:\/\/www.europesays.com\/es\/wp-json\/wp\/v2\/types\/post"}],"author":[{"embeddable":true,"href":"https:\/\/www.europesays.com\/es\/wp-json\/wp\/v2\/users\/2"}],"replies":[{"embeddable":true,"href":"https:\/\/www.europesays.com\/es\/wp-json\/wp\/v2\/comments?post=141396"}],"version-history":[{"count":0,"href":"https:\/\/www.europesays.com\/es\/wp-json\/wp\/v2\/posts\/141396\/revisions"}],"wp:featuredmedia":[{"embeddable":true,"href":"https:\/\/www.europesays.com\/es\/wp-json\/wp\/v2\/media\/141397"}],"wp:attachment":[{"href":"https:\/\/www.europesays.com\/es\/wp-json\/wp\/v2\/media?parent=141396"}],"wp:term":[{"taxonomy":"category","embeddable":true,"href":"https:\/\/www.europesays.com\/es\/wp-json\/wp\/v2\/categories?post=141396"},{"taxonomy":"post_tag","embeddable":true,"href":"https:\/\/www.europesays.com\/es\/wp-json\/wp\/v2\/tags?post=141396"}],"curies":[{"name":"wp","href":"https:\/\/api.w.org\/{rel}","templated":true}]}}