{"id":141404,"date":"2025-09-27T02:22:15","date_gmt":"2025-09-27T02:22:15","guid":{"rendered":"https:\/\/www.europesays.com\/es\/141404\/"},"modified":"2025-09-27T02:22:15","modified_gmt":"2025-09-27T02:22:15","slug":"el-silencio-clamoroso-que-hace-estallar-a-iker-jimenez-y-carmen-porter-en-plato-estan-todas-calladas","status":"publish","type":"post","link":"https:\/\/www.europesays.com\/es\/141404\/","title":{"rendered":"El \u00absilencio clamoroso\u00bb que hace estallar a Iker Jim\u00e9nez y Carmen Porter en plat\u00f3: \u00ab\u00a1Est\u00e1n todas calladas!\u00bb"},"content":{"rendered":"<p><img loading=\"lazy\" decoding=\"async\" src=\"https:\/\/www.europesays.com\/es\/wp-content\/uploads\/2025\/09\/100x100_informalia-logo.jpg\" itemtype=\"\/\/schema.org\/ImageObject\" itemprop=\"url\" alt=\"Informalia\" width=\"64\" height=\"64\" pinger-seen=\"true\"\/><\/p>\n<p>Iker Jim\u00e9nez critic\u00f3 el \u00absilencio clamoroso\u00bb que hay en determinados sectores en torno al esc\u00e1ndalo de las pulseras antimaltrato que ha puesto en el punto de mira la gesti\u00f3n del Ministerio de Igualdad. \u00ab\u00bfNo hab\u00e9is visto las manifestaciones? Si estaba cortada la Gran V\u00eda hoy, \u00bfno?\u00bb, brome\u00f3 Carmen Porter en el programa Horizonte este jueves por la noche.<\/p>\n<p>La presentadora se mostr\u00f3 indignada ante la actitud que, a su juicio, est\u00e1n teniendo las asociaciones feministas que no est\u00e1n protestando ante la supuesta desprotecci\u00f3n que sufrieron las v\u00edctimas de violencia machista. \u00abHay muchas asociaciones feministas que<b> por cualquier cosa montan un esc\u00e1ndalo y salen a la calle, cuando interesa.<\/b> Pero cuando estas cosas verdaderamente graves, yo no he visto a nadie con la camiseta morada diciendo &#8216;hermana yo s\u00ed te creo\u00bb. \u00ab\u00a1Est\u00e1n todas calladas!\u00bb, se quej\u00f3 la periodista. \u00abEstamos jugando con la vida de mujeres\u00bb.<\/p>\n<p><b>\u00abA m\u00ed esto me sorprende mucho\u00bb<\/b>, a\u00f1adi\u00f3 Iker Jim\u00e9nez, que tambi\u00e9n se mostr\u00f3 extra\u00f1ado. \u00abHab\u00eda declaraciones del portavoz de Podemos, muy en\u00e9rgico, que dec\u00eda que era un bulo\u00bb, relat\u00f3 extra\u00f1ado, en referencia al momento cuando salt\u00f3 el esc\u00e1ndalo. \u00abMe parece de una valent\u00eda extrema, porque existe una documentaci\u00f3n que la dan unos jueces, gente muy seria, que no creo que busque un inter\u00e9s pol\u00edtico\u00bb, prosigui\u00f3 Iker. \u00abT\u00fa sabes que las actas existe, \u00bfconf\u00edas en que haya un silencio com\u00fan y que no salga?\u00bb, se pregunt\u00f3.<\/p>\n<p><b>\u00abConfiar\u00e1n en que solo llegue al p\u00fablico la palabra bulo.<\/b> Confiar\u00e1n en que llegue lo de &#8216;bulo, bulo, bulo&#8217; y que se queden con esa palabra y que lo que la gente piense es que todos los periodistas somos unos mentirosos, como ha pasado con otras muchas cosas\u00bb, termin\u00f3 Carmen Porter.<\/p>\n<p>WhatsApp<a href=\"https:\/\/api.whatsapp.com\/send?text=https:\/\/www.eleconomista.es\/informalia\/television\/noticias\/13565136\/09\/25\/el-silencio-clamoroso-que-indigna-a-iker-jimenez-y-carmen-porter-estan-todas-calladas.html?utm_source%3Dwhatsapp%26utm_medium%3Dshare_button&amp;id=1648118629957_whatsapp\" target=\"_blank\" data-action=\"share\/whatsapp\/share\" aria-label=\"Compartir en Whatsapp\" rel=\"nofollow noopener\"><\/a>Facebook<a id=\"fb-share\" href=\"#\" target=\"_blank\" rel=\"noopener noreferrer\" aria-label=\"Compartir en Facebook\"><\/a>Twitter<a href=\"https:\/\/twitter.com\/share?text=El+%22silencio+clamoroso%22+que+hace+estallar+a+Iker+Jim%C3%A9nez+y+Carmen+Porter+en+plat%C3%B3%3A+%22%C2%A1Est%C3%A1n+todas+calladas%21%22&amp;url=https:\/\/www.eleconomista.es\/informalia\/television\/noticias\/13565136\/09\/25\/el-silencio-clamoroso-que-indigna-a-iker-jimenez-y-carmen-porter-estan-todas-calladas.html&amp;via=Informalia&amp;id=1648118839245_twitter\" target=\"_blank\" aria-label=\"Compartir en Twitter\" rel=\"nofollow noopener\"><\/a>Linkedin<a onclick=\"return abrirLinkedin();\" href=\"https:\/\/www.linkedin.com\/shareArticle?text=El+%22silencio+clamoroso%22+que+hace+estallar+a+Iker+Jim%C3%A9nez+y+Carmen+Porter+en+plat%C3%B3%3A+%22%C2%A1Est%C3%A1n+todas+calladas%21%22&amp;url=https:\/\/www.eleconomista.es\/informalia\/television\/noticias\/13565136\/09\/25\/el-silencio-clamoroso-que-indigna-a-iker-jimenez-y-carmen-porter-estan-todas-calladas.html&amp;mini=true\" target=\"_blank\" aria-label=\"Compartir en linkedin\" rel=\"nofollow noopener\"><\/a>Beloud<a href=\"https:\/\/beloud.com\/share?text=El+%22silencio+clamoroso%22+que+hace+estallar+a+Iker+Jim%C3%A9nez+y+Carmen+Porter+en+plat%C3%B3%3A+%22%C2%A1Est%C3%A1n+todas+calladas%21%22&amp;url=https:\/\/www.eleconomista.es\/informalia\/television\/noticias\/13565136\/09\/25\/el-silencio-clamoroso-que-indigna-a-iker-jimenez-y-carmen-porter-estan-todas-calladas.html&amp;via=Informalia&amp;id=1648118839245_beloud\" target=\"_blank\" aria-label=\"Compartir en beloud\" rel=\"nofollow noopener\"><\/a>Bluesky<a href=\"https:\/\/bsky.app\/intent\/compose?text=https:\/\/bsky.app\/intent\/compose?text=https:\/\/www.eleconomista.es\/informalia\/television\/noticias\/13565136\/09\/25\/el-silencio-clamoroso-que-indigna-a-iker-jimenez-y-carmen-porter-estan-todas-calladas.html&amp;url=https:\/\/www.eleconomista.es\/informalia\/television\/noticias\/13565136\/09\/25\/el-silencio-clamoroso-que-indigna-a-iker-jimenez-y-carmen-porter-estan-todas-calladas.html&amp;via=elEconomistaes&amp;id=1648118839245_bluesky\" target=\"_blank\" aria-label=\"Compartir en bluesky\" rel=\"nofollow noopener\"><\/a><\/p>\n<p><script async src=\"https:\/\/platform.twitter.com\/widgets.js\" charset=\"utf-8\"><\/script><\/p>\n","protected":false},"excerpt":{"rendered":"Iker Jim\u00e9nez critic\u00f3 el \u00absilencio clamoroso\u00bb que hay en determinados sectores en torno al esc\u00e1ndalo de las pulseras&hellip;\n","protected":false},"author":2,"featured_media":141405,"comment_status":"","ping_status":"","sticky":false,"template":"","format":"standard","meta":{"footnotes":""},"categories":[5],"tags":[17,18,25,24,13,14,11,19,20,9,10,15,16,23,807,12,21,22],"class_list":{"0":"post-141404","1":"post","2":"type-post","3":"status-publish","4":"format-standard","5":"has-post-thumbnail","7":"category-titulares","8":"tag-breaking-news","9":"tag-breakingnews","10":"tag-es","11":"tag-espana","12":"tag-featured-news","13":"tag-featurednews","14":"tag-headlines","15":"tag-latest-news","16":"tag-latestnews","17":"tag-news","18":"tag-noticias","19":"tag-noticias-destacadas","20":"tag-noticiasdestacadas","21":"tag-spain","22":"tag-television","23":"tag-titulares","24":"tag-ultimas-noticias","25":"tag-ultimasnoticias"},"share_on_mastodon":{"url":"","error":""},"_links":{"self":[{"href":"https:\/\/www.europesays.com\/es\/wp-json\/wp\/v2\/posts\/141404","targetHints":{"allow":["GET"]}}],"collection":[{"href":"https:\/\/www.europesays.com\/es\/wp-json\/wp\/v2\/posts"}],"about":[{"href":"https:\/\/www.europesays.com\/es\/wp-json\/wp\/v2\/types\/post"}],"author":[{"embeddable":true,"href":"https:\/\/www.europesays.com\/es\/wp-json\/wp\/v2\/users\/2"}],"replies":[{"embeddable":true,"href":"https:\/\/www.europesays.com\/es\/wp-json\/wp\/v2\/comments?post=141404"}],"version-history":[{"count":0,"href":"https:\/\/www.europesays.com\/es\/wp-json\/wp\/v2\/posts\/141404\/revisions"}],"wp:featuredmedia":[{"embeddable":true,"href":"https:\/\/www.europesays.com\/es\/wp-json\/wp\/v2\/media\/141405"}],"wp:attachment":[{"href":"https:\/\/www.europesays.com\/es\/wp-json\/wp\/v2\/media?parent=141404"}],"wp:term":[{"taxonomy":"category","embeddable":true,"href":"https:\/\/www.europesays.com\/es\/wp-json\/wp\/v2\/categories?post=141404"},{"taxonomy":"post_tag","embeddable":true,"href":"https:\/\/www.europesays.com\/es\/wp-json\/wp\/v2\/tags?post=141404"}],"curies":[{"name":"wp","href":"https:\/\/api.w.org\/{rel}","templated":true}]}}