{"id":141410,"date":"2025-09-27T02:30:16","date_gmt":"2025-09-27T02:30:16","guid":{"rendered":"https:\/\/www.europesays.com\/es\/141410\/"},"modified":"2025-09-27T02:30:16","modified_gmt":"2025-09-27T02:30:16","slug":"baloncesto-casademont-zaragoza-mariona-ortiz-mvp-de-la-fase-previa-de-la-euroliga","status":"publish","type":"post","link":"https:\/\/www.europesays.com\/es\/141410\/","title":{"rendered":"Baloncesto | Casademont Zaragoza | Mariona Ortiz, MVP de la fase previa de la Euroliga"},"content":{"rendered":"<p class=\"ft-text\"><strong>Mariona Ortiz ha conseguido el reconocimiento de MVP de la fase previa de la Euroliga por votaci\u00f3n popular<\/strong>. La capitana del Casademont Zaragoza hizo una actuaci\u00f3n digna de elogiar en los dos partidos frente al Zabiny Brno y fue decisiva frente al conjunto checo en la remontada hist\u00f3rica del equipo rojillo.<\/p>\n<p class=\"ft-text\">Mariona consigui\u00f3 una <strong>valoraci\u00f3n de 31 en el segundo partido, adem\u00e1s de 26 puntos, 2 rebotes y 9 asistencias<\/strong>. El primer encuentro lo termin\u00f3 con 11 de valoraci\u00f3n, 6 puntos, 5 rebotes y 6 asistencias. En la fase previa de la competici\u00f3n europea, <strong>la base obtuvo una media de 16 puntos, 3 rebotes, 7.5 asistencias y una valoraci\u00f3n final de 21<\/strong>.<\/p>\n","protected":false},"excerpt":{"rendered":"Mariona Ortiz ha conseguido el reconocimiento de MVP de la fase previa de la Euroliga por votaci\u00f3n popular.&hellip;\n","protected":false},"author":2,"featured_media":141411,"comment_status":"","ping_status":"","sticky":false,"template":"","format":"standard","meta":{"footnotes":""},"categories":[269],"tags":[299,298,5369,168,25,24,833,4521,36732,24242,5971,1045,22611,23,167],"class_list":{"0":"post-141410","1":"post","2":"type-post","3":"status-publish","4":"format-standard","5":"has-post-thumbnail","7":"category-baloncesto","8":"tag-baloncesto","9":"tag-basketball","10":"tag-casademont-zaragoza","11":"tag-deportes","12":"tag-es","13":"tag-espana","14":"tag-euroliga","15":"tag-fase","16":"tag-mariona","17":"tag-mvp","18":"tag-ortiz","19":"tag-partido","20":"tag-previa","21":"tag-spain","22":"tag-sports"},"share_on_mastodon":{"url":"","error":""},"_links":{"self":[{"href":"https:\/\/www.europesays.com\/es\/wp-json\/wp\/v2\/posts\/141410","targetHints":{"allow":["GET"]}}],"collection":[{"href":"https:\/\/www.europesays.com\/es\/wp-json\/wp\/v2\/posts"}],"about":[{"href":"https:\/\/www.europesays.com\/es\/wp-json\/wp\/v2\/types\/post"}],"author":[{"embeddable":true,"href":"https:\/\/www.europesays.com\/es\/wp-json\/wp\/v2\/users\/2"}],"replies":[{"embeddable":true,"href":"https:\/\/www.europesays.com\/es\/wp-json\/wp\/v2\/comments?post=141410"}],"version-history":[{"count":0,"href":"https:\/\/www.europesays.com\/es\/wp-json\/wp\/v2\/posts\/141410\/revisions"}],"wp:featuredmedia":[{"embeddable":true,"href":"https:\/\/www.europesays.com\/es\/wp-json\/wp\/v2\/media\/141411"}],"wp:attachment":[{"href":"https:\/\/www.europesays.com\/es\/wp-json\/wp\/v2\/media?parent=141410"}],"wp:term":[{"taxonomy":"category","embeddable":true,"href":"https:\/\/www.europesays.com\/es\/wp-json\/wp\/v2\/categories?post=141410"},{"taxonomy":"post_tag","embeddable":true,"href":"https:\/\/www.europesays.com\/es\/wp-json\/wp\/v2\/tags?post=141410"}],"curies":[{"name":"wp","href":"https:\/\/api.w.org\/{rel}","templated":true}]}}