{"id":141416,"date":"2025-09-27T02:33:18","date_gmt":"2025-09-27T02:33:18","guid":{"rendered":"https:\/\/www.europesays.com\/es\/141416\/"},"modified":"2025-09-27T02:33:18","modified_gmt":"2025-09-27T02:33:18","slug":"fotos-el-fotografo-que-retrato-la-valencia-del-desarrollismo-las-provincias","status":"publish","type":"post","link":"https:\/\/www.europesays.com\/es\/141416\/","title":{"rendered":"FOTOS | El fot\u00f3grafo que retrat\u00f3 la Valencia del desarrollismo &#8211; Las Provincias"},"content":{"rendered":"<ol>\n<li><a href=\"https:\/\/news.google.com\/rss\/articles\/CBMiqwFBVV95cUxQMnNxNVlISTlDVy0zTml4WHo2VU5tRHoyYUJfZTZMdnU1NU95WmtjeEg5UnhvV0ZYbUlCWWFKSUFzVVpHb3oxVE5uQkhoZUtBUnBCUTN1ZlcyQ3NKQUdaVElhRWlQQ1I5LVAyM1lPWE0zdHE5eUxOeXV2Z09tUGxpRHpFSDRUczJhOG9ucUx4N0lnT2xuZHlwNjYxLWxxZ0hQX3pCRTJCVnduc1XSAbABQVVfeXFMTTZFeDBRUHFDX0lQckJpejlsRjJFRlFwU3FUUGVjNFJQeW0wV01OT2dPUHdTamVIUzlYMnpZVVVmSWtLTXNUTjRkVnZaR2xCNDNMNWM1OFo1dTdRWFU2TDZ0YTdPX0s5My1xQmpLZ1k3NTVaUklyTDRtOWJzQmVZMXg4bDRsWWFnU0hOc1NOTlo1LTM4N2lqUDNSOFdQLW4xcWRnN1lPTmJzUGV6Umh1eHc?oc=5\" target=\"_blank\" rel=\"nofollow noopener\">FOTOS | El fot\u00f3grafo que retrat\u00f3 la Valencia del desarrollismo<\/a>&nbsp;&nbsp;Las Provincias<\/li>\n<li><a href=\"https:\/\/news.google.com\/rss\/articles\/CBMiogFBVV95cUxPWXFZaFU5TGwxNnBSTmVKaC1JdGZNLThTakxuTkpKTmpCdmdrYTc1YW12cDdpT2ZqTnRFcl9sRVlwckJnY2h1S0FTLXBkUV92dExLSmxQaUFRNm9YcS1DTldENFl1SFpyZ0JfZDI5RG1UUy1CWHF3b0tOdlVDZXA1Wlg1LTJ2OUxiVUZLWFF6SzJ5MVR0OXUtazgyT3lNc1BWdVE?oc=5\" target=\"_blank\" rel=\"nofollow noopener\">Asesta varias pu\u00f1aladas a un joven en Jardines de Albia<\/a>&nbsp;&nbsp;El Correo<\/li>\n<li><a href=\"https:\/\/news.google.com\/rss\/articles\/CBMinAFBVV95cUxPQ0NLdzJFYU9LVXZQZlJ1Vko5U1IwN0Y1SFI4MkFnUmJsYndLdXpuOHlMSzM3YkEydGw3bW15R3lkckhwWjZFY1E5TmdzNWl1MEM5R3hqWEZaUnBFaVFqTlJqNFRLckdydjBlZ3ZaQzdxYmtsYXc5TmpKT3MtQUxDUmxwZ0tnTmVNaThnekZoRjYycVlKVHNfb0FpRWvSAaIBQVVfeXFMTVVWZ1c2MGFvcWN1UVBjejJsZ2lzYjJOc0xuODNQem4zSXZvQnVmamVZOXFvem1MUlptWmhka205dWZpaEtLajhfWHpCVWlkQ1Fja2laM2xBTHJka05PeDd3eW94NXBTYkdUb001MlNWdl9ETlMyWW1nN2dTOF9RTVMxcGtmVnFTaWJQckhicU5RMC1Ra0REbGczTVk4VjBPTW5R?oc=5\" target=\"_blank\" rel=\"nofollow noopener\">\u00c1lex Sola: \u201cLos resultados van a llegar\u201d<\/a>&nbsp;&nbsp;Granada Hoy<\/li>\n<li><a href=\"https:\/\/news.google.com\/rss\/articles\/CBMiY0FVX3lxTFB1Wk1Vc2dsbnU1U1d2SDlqV2FPbFZpZ2NlN3pMMUNBSnBmRW1qckk2SVFqd29yaVpYOHVsWnRXOWs4NzJPcXVGMW85ZGFoZlpvaDNsZE1EZ1o0R0ZFcjk5NjVoNA?oc=5\" target=\"_blank\" rel=\"nofollow noopener\">El Granada se trastabillea en Burgos (1-1)<\/a>&nbsp;&nbsp;GranadaDigital<\/li>\n<li><a href=\"https:\/\/news.google.com\/rss\/articles\/CBMinwFBVV95cUxQN3BRY3hIOEp0dWZfdUVMX3E0Uk03QzZ3bVExZTFtVWktM2Z5bmNBQkpaUG1pN2ZCd0k2d0pONFAwVHNTbGMyalplUVdYLUQ4UmQ1U0N2TWJMaE8wYUh2M1FaTUZla0VYRGZGUS1VcFZsckI3b2xTclNTNGI1TmlzNWpuYndEQUF1cFRNUHlLeFJucVN5QmFINDJfOUktc2M?oc=5\" target=\"_blank\" rel=\"nofollow noopener\">Queda confirmado lo de Curro S\u00e1nchez<\/a>&nbsp;&nbsp;Estadio Deportivo<\/li>\n<\/ol>\n","protected":false},"excerpt":{"rendered":"FOTOS | El fot\u00f3grafo que retrat\u00f3 la Valencia del desarrollismo&nbsp;&nbsp;Las Provincias Asesta varias pu\u00f1aladas a un joven en&hellip;\n","protected":false},"author":2,"featured_media":141417,"comment_status":"","ping_status":"","sticky":false,"template":"","format":"standard","meta":{"footnotes":""},"categories":[173],"tags":[229,233,231,230,43641,232,234,146,147,25,24,6638,1016,14017,23,235],"class_list":{"0":"post-141416","1":"post","2":"type-post","3":"status-publish","4":"format-standard","5":"has-post-thumbnail","7":"category-arte-y-diseno","8":"tag-arte","9":"tag-arte-y-diseno","10":"tag-arts","11":"tag-arts-and-design","12":"tag-desarrollismo","13":"tag-design","14":"tag-diseno","15":"tag-entertainment","16":"tag-entretenimiento","17":"tag-es","18":"tag-espana","19":"tag-fotografo","20":"tag-fotos","21":"tag-retrato","22":"tag-spain","23":"tag-valencia"},"share_on_mastodon":{"url":"","error":""},"_links":{"self":[{"href":"https:\/\/www.europesays.com\/es\/wp-json\/wp\/v2\/posts\/141416","targetHints":{"allow":["GET"]}}],"collection":[{"href":"https:\/\/www.europesays.com\/es\/wp-json\/wp\/v2\/posts"}],"about":[{"href":"https:\/\/www.europesays.com\/es\/wp-json\/wp\/v2\/types\/post"}],"author":[{"embeddable":true,"href":"https:\/\/www.europesays.com\/es\/wp-json\/wp\/v2\/users\/2"}],"replies":[{"embeddable":true,"href":"https:\/\/www.europesays.com\/es\/wp-json\/wp\/v2\/comments?post=141416"}],"version-history":[{"count":0,"href":"https:\/\/www.europesays.com\/es\/wp-json\/wp\/v2\/posts\/141416\/revisions"}],"wp:featuredmedia":[{"embeddable":true,"href":"https:\/\/www.europesays.com\/es\/wp-json\/wp\/v2\/media\/141417"}],"wp:attachment":[{"href":"https:\/\/www.europesays.com\/es\/wp-json\/wp\/v2\/media?parent=141416"}],"wp:term":[{"taxonomy":"category","embeddable":true,"href":"https:\/\/www.europesays.com\/es\/wp-json\/wp\/v2\/categories?post=141416"},{"taxonomy":"post_tag","embeddable":true,"href":"https:\/\/www.europesays.com\/es\/wp-json\/wp\/v2\/tags?post=141416"}],"curies":[{"name":"wp","href":"https:\/\/api.w.org\/{rel}","templated":true}]}}