{"id":141418,"date":"2025-09-27T02:35:09","date_gmt":"2025-09-27T02:35:09","guid":{"rendered":"https:\/\/www.europesays.com\/es\/141418\/"},"modified":"2025-09-27T02:35:09","modified_gmt":"2025-09-27T02:35:09","slug":"nando-destaca-en-la-voz-con-una-actuacion-perfecta-falta-solo-emocion","status":"publish","type":"post","link":"https:\/\/www.europesays.com\/es\/141418\/","title":{"rendered":"Nando destaca en La Voz con una actuaci\u00f3n perfecta: \u201cFalta solo emoci\u00f3n\u201d"},"content":{"rendered":"<p>La noche de <b>Audiciones a ciegas<\/b> en La Voz tuvo a <b>Nando <\/b>como gran protagonista. Este joven de Alicante, que <b>compagina su trabajo en la cocina con su pasi\u00f3n por la m\u00fasica<\/b>, lleg\u00f3 dispuesto a cumplir un sue\u00f1o y a demostrar su versatilidad sobre el escenario.<\/p>\n<p>Para su debut eligi\u00f3 <b>\u2018Watermelon Sugar\u2019<\/b> de Harry Styles, con el que despleg\u00f3 frescura, buen rollo y un gran nivel vocal. La puesta en escena convenci\u00f3 r\u00e1pidamente a <b>Mika <\/b>y <b>Sebasti\u00e1n Yatra<\/b>, que no tardaron en pulsar sus botones para luchar por \u00e9l.<\/p>\n<p>Los <b>elogios <\/b>no se hicieron esperar. \u201cEres una de las voces m\u00e1s profesionales que hemos escuchado en las \u00faltimas Audiciones\u201d, se\u00f1al\u00f3 Mika. <b>Yatra<\/b>, por su parte, destac\u00f3 la <b>personalidad <\/b>de su voz: <b>\u201cTienes una voz muy especial y un color muy propio\u201d<\/b>. Mika tambi\u00e9n quiso matizar: \u201cFalta solo la emoci\u00f3n\u201d, lo que cal\u00f3 hondo en Nando.<\/p>\n<p>Viendo la <b>conexi\u00f3n <\/b>que se estaba generando, <b>Sebasti\u00e1n Yatra<\/b> no dud\u00f3 en activar el <b>superbloqueo contra Mika<\/b>, asegur\u00e1ndose as\u00ed de <b><a title=\"sumar a Nando a su equipo\" href=\"https:\/\/www.antena3.com\/programas\/la-voz\/equipo-sebastian-yatra_2025092068cde56ea2dd1a7e0d0d167c.html\" target=\"_blank\" rel=\"nofollow noopener\">sumar a Nando a su equipo<\/a><\/b>. La cara del talent lo dijo todo: sorpresa, emoci\u00f3n y la certeza de que comenzaba su camino en La Voz 2025 junto al coach colombiano.<\/p>\n<p>   <img decoding=\"async\" title=\"Javier, talent de La Voz\" alt=\"Javier, talent de La Voz\" width=\"480\" height=\"270\" src=\"https:\/\/www.europesays.com\/es\/wp-content\/uploads\/2025\/09\/1758940509_713_javier-talent-voz_70.jpg\" loading=\"lazy\" class=\"lazy\"\/><\/p>\n","protected":false},"excerpt":{"rendered":"La noche de Audiciones a ciegas en La Voz tuvo a Nando como gran protagonista. Este joven de&hellip;\n","protected":false},"author":2,"featured_media":141419,"comment_status":"","ping_status":"","sticky":false,"template":"","format":"standard","meta":{"footnotes":""},"categories":[171],"tags":[146,147,25,24,23,214],"class_list":{"0":"post-141418","1":"post","2":"type-post","3":"status-publish","4":"format-standard","5":"has-post-thumbnail","7":"category-tv","8":"tag-entertainment","9":"tag-entretenimiento","10":"tag-es","11":"tag-espana","12":"tag-spain","13":"tag-tv"},"share_on_mastodon":{"url":"","error":""},"_links":{"self":[{"href":"https:\/\/www.europesays.com\/es\/wp-json\/wp\/v2\/posts\/141418","targetHints":{"allow":["GET"]}}],"collection":[{"href":"https:\/\/www.europesays.com\/es\/wp-json\/wp\/v2\/posts"}],"about":[{"href":"https:\/\/www.europesays.com\/es\/wp-json\/wp\/v2\/types\/post"}],"author":[{"embeddable":true,"href":"https:\/\/www.europesays.com\/es\/wp-json\/wp\/v2\/users\/2"}],"replies":[{"embeddable":true,"href":"https:\/\/www.europesays.com\/es\/wp-json\/wp\/v2\/comments?post=141418"}],"version-history":[{"count":0,"href":"https:\/\/www.europesays.com\/es\/wp-json\/wp\/v2\/posts\/141418\/revisions"}],"wp:featuredmedia":[{"embeddable":true,"href":"https:\/\/www.europesays.com\/es\/wp-json\/wp\/v2\/media\/141419"}],"wp:attachment":[{"href":"https:\/\/www.europesays.com\/es\/wp-json\/wp\/v2\/media?parent=141418"}],"wp:term":[{"taxonomy":"category","embeddable":true,"href":"https:\/\/www.europesays.com\/es\/wp-json\/wp\/v2\/categories?post=141418"},{"taxonomy":"post_tag","embeddable":true,"href":"https:\/\/www.europesays.com\/es\/wp-json\/wp\/v2\/tags?post=141418"}],"curies":[{"name":"wp","href":"https:\/\/api.w.org\/{rel}","templated":true}]}}