{"id":141420,"date":"2025-09-27T02:36:24","date_gmt":"2025-09-27T02:36:24","guid":{"rendered":"https:\/\/www.europesays.com\/es\/141420\/"},"modified":"2025-09-27T02:36:24","modified_gmt":"2025-09-27T02:36:24","slug":"acusan-a-dua-lipa-de-despedir-a-su-manager-por-presuntamente-intentar-boicotear-a-kneecap-un-grupo-de-rap-a-favor-de-palestina","status":"publish","type":"post","link":"https:\/\/www.europesays.com\/es\/141420\/","title":{"rendered":"Acusan a Dua Lipa de despedir a su m\u00e1nager por presuntamente intentar boicotear a Kneecap, un grupo de rap a favor de Palestina"},"content":{"rendered":"<p class=\"c-paragraph\">Seg\u00fan public\u00f3 el diario Daily Mail\u00a0<a href=\"https:\/\/www.20minutos.es\/tags\/personas\/dua-lipa.html\" title=\"Dua Lipa\" rel=\"nofollow noopener\" target=\"_blank\">Dua Lipa<\/a> decidi\u00f3\u00a0<b>prescindir de su supuesto representante, David Levy,<\/b> tras enterarse de que, presuntamente, habr\u00eda intentado boicotear la actuaci\u00f3n del grupo de rap\u00a0Kneecap del Festival de Glastonbury por apoyar a Palestina en el conflict\u00f3 con Israel.<\/p>\n<p class=\"c-paragraph\">El evento musical tuvo lugar en junio de 2024, pero recientemente se ha dado a conocer que Levy habr\u00eda firmado una carta pidiendo a su fundador, Michael Eavis, y a su hija que<b> vetaran la participaci\u00f3n de los raperos propalestinos,<\/b> seg\u00fan informa el <a href=\"https:\/\/www.dailymail.co.uk\/tvshowbiz\/article-15118465\/Dua-Lipa-dumps-manager-tried-Kneecap-barred-Glastonbury-anti-Semitism-storm.html\" rel=\"nofollow noreferrer noopener\" title=\"Dua Lipa abandona a su agente que intent\u00f3 que Kneecap fuera excluido de Glastonbury por ser activistas pro-Palestina.\" target=\"_blank\">Daily Mail.<\/a><\/p>\n<p class=\"c-paragraph\">Dicho texto, que fue firmado por m\u00e1s personas de la industria musical, era de caracter \u00abprivado y confidencial\u00bb, pero finalmente result\u00f3 filtrado y difundido. En \u00e9l, reclamaban el veto a\u00a0Kneecap por el <b>supuesto apoyo de la banda a los grupos terroristas Hezbol\u00e1 y Ham\u00e1s.<\/b><\/p>\n<p class=\"c-paragraph\">\u00abDua se asegur\u00f3 a trav\u00e9s de su gente de que David Levy ya no trabajara en su m\u00fasica. <b>Es abiertamente pro-Palestina y eso no le cuadra a David<\/b>. Ella lo ve como un partidario de la ofensiva israel\u00ed en Gaza y del terrible trato a los palestinos y eso qued\u00f3 muy claro a trav\u00e9s de la carta que firm\u00f3 y envi\u00f3 a Michael Eavis\u00bb, apunt\u00f3 una fuente cercana a la artista para\u00a0The Mail on Sunday.<\/p>\n<p class=\"c-paragraph\">Por su parte, ni la cantante ni el que fuera su representante durante ocho a\u00f1os han ofrecido declaraciones al respecto del despido. Dua Lipa se declar\u00f3 abiertamente <b>activista y defensora del pueblo palestino<\/b> desde que estall\u00f3 el conflicto.<\/p>\n<p class=\"c-paragraph\">Nacida en Londres, pero con ra\u00edces de Albania y Kosovo,<b> en 2024 denunci\u00f3 a trav\u00e9s de sus redes el conflicto <\/b>y desde entonces ha participado en varias manifestaciones contra el apoyo de Reino Unido a Israel.<\/p>\n<p class=\"c-paragraph\">La propia <b>Dua Lipa neg\u00f3 las acusaciones, asegurando que hace tiempo que se desvincul\u00f3 de\u00a0David Levy<\/b>, y acus\u00f3 al citado diario de buscar \u00abvisitas\u00bb y de emplear un lenguaje agresivo que fomenta la divisi\u00f3n on-line.\u00a0<\/p>\n","protected":false},"excerpt":{"rendered":"Seg\u00fan public\u00f3 el diario Daily Mail\u00a0Dua Lipa decidi\u00f3\u00a0prescindir de su supuesto representante, David Levy, tras enterarse de que,&hellip;\n","protected":false},"author":2,"featured_media":141421,"comment_status":"","ping_status":"","sticky":false,"template":"","format":"standard","meta":{"footnotes":""},"categories":[170],"tags":[19913,6193,13496,146,147,25,24,22853,12064,184,185,33611,43986,23,3271],"class_list":{"0":"post-141420","1":"post","2":"type-post","3":"status-publish","4":"format-standard","5":"has-post-thumbnail","7":"category-musica","8":"tag-contra","9":"tag-despide","10":"tag-dua","11":"tag-entertainment","12":"tag-entretenimiento","13":"tag-es","14":"tag-espana","15":"tag-lipa","16":"tag-manager","17":"tag-music","18":"tag-musica","19":"tag-propalestinos","20":"tag-raperos","21":"tag-spain","22":"tag-su"},"share_on_mastodon":{"url":"","error":""},"_links":{"self":[{"href":"https:\/\/www.europesays.com\/es\/wp-json\/wp\/v2\/posts\/141420","targetHints":{"allow":["GET"]}}],"collection":[{"href":"https:\/\/www.europesays.com\/es\/wp-json\/wp\/v2\/posts"}],"about":[{"href":"https:\/\/www.europesays.com\/es\/wp-json\/wp\/v2\/types\/post"}],"author":[{"embeddable":true,"href":"https:\/\/www.europesays.com\/es\/wp-json\/wp\/v2\/users\/2"}],"replies":[{"embeddable":true,"href":"https:\/\/www.europesays.com\/es\/wp-json\/wp\/v2\/comments?post=141420"}],"version-history":[{"count":0,"href":"https:\/\/www.europesays.com\/es\/wp-json\/wp\/v2\/posts\/141420\/revisions"}],"wp:featuredmedia":[{"embeddable":true,"href":"https:\/\/www.europesays.com\/es\/wp-json\/wp\/v2\/media\/141421"}],"wp:attachment":[{"href":"https:\/\/www.europesays.com\/es\/wp-json\/wp\/v2\/media?parent=141420"}],"wp:term":[{"taxonomy":"category","embeddable":true,"href":"https:\/\/www.europesays.com\/es\/wp-json\/wp\/v2\/categories?post=141420"},{"taxonomy":"post_tag","embeddable":true,"href":"https:\/\/www.europesays.com\/es\/wp-json\/wp\/v2\/tags?post=141420"}],"curies":[{"name":"wp","href":"https:\/\/api.w.org\/{rel}","templated":true}]}}