{"id":141422,"date":"2025-09-27T02:37:20","date_gmt":"2025-09-27T02:37:20","guid":{"rendered":"https:\/\/www.europesays.com\/es\/141422\/"},"modified":"2025-09-27T02:37:20","modified_gmt":"2025-09-27T02:37:20","slug":"una-muy-buena-propuesta-para-todos-los-publicos","status":"publish","type":"post","link":"https:\/\/www.europesays.com\/es\/141422\/","title":{"rendered":"una muy buena propuesta para todos los p\u00fablicos"},"content":{"rendered":"<p class=\"c-paragraph\"><b>S\u00e1came de dudas <\/b>iba de un hombre que descubr\u00eda qui\u00e9n era su verdadero padre biol\u00f3gico al tiempo que se daba cuenta que la chica de la que se hab\u00eda enamorado era, en realidad, la hija de este, <b>un planteamiento t\u00f3pico de comedia a lo feel good <\/b>que<b> Carine Tardieu<\/b> sab\u00eda explotar con inteligencia. <b>Los lazos que nos unen<\/b> arranca de manera no menos previsible: vecino (<b>Pio Marma\u00ef<\/b>), con ni\u00f1o mon\u00edsimo, pierde a su mujer, y estrecha lazos con vecina madura y decididamente independiente (<b><a href=\"https:\/\/www.20minutos.es\/cinemania\/noticias\/amandiers-forever-young-valeria-bruni-tedeschi-cannes-2022-5005561\/\" rel=\"nofollow noopener\" target=\"_blank\">Valeria Bruni Tedeschi<\/a><\/b>).<\/p>\n<p class=\"c-paragraph\">Pero el tratamiento que le da Tardieu, a trav\u00e9s de <b>una puesta de escena sutil<\/b> <b>e intimista<\/b>, con sus colores tenues (y dos directores de fotograf\u00eda, uno para la parte invernal), un guion trabajado <b>hasta hacer desaparecer las costuras<\/b> y un exquisito trabajo actoral \u2013 sobre todo una Bruni en el punto m\u00e1ximo de su capacidad de contenci\u00f3n, pero tambi\u00e9n unos entra\u00f1ables <b><a href=\"https:\/\/www.20minutos.es\/cinemania\/noticias\/quentin-dupieux-se-rie-todo-menos-maldicion-inaugurar-cannes-con-tu-pelicula-mas-floja-5245519\/\" rel=\"nofollow noopener\" target=\"_blank\">Rapha\u00ebl Quenard<\/a> <\/b>y <b>Vimala Pons<\/b>, en roles secundarios que le roban el plano a Marma\u00ef\u2013, hacen que, una vez m\u00e1s, se produzca la magia en <b>una muy buena propuesta<\/b> para todos los p\u00fablicos, carente de provocaciones, sensible y con calado, de las que tampoco abundan.<\/p>\n<p>T\u00edtulo &#8216;Los lazos que nos unen&#8217;<\/p>\n<ul class=\"c-card__movie__data\">\n<li class=\"c-card__movie__data__item\"> Director\n<p class=\"c-card__movie__data__item__txt\">Carine Tardieu<\/p>\n<\/li>\n<li class=\"c-card__movie__data__item\"> G\u00e9nero\n<p class=\"c-card__movie__data__item__txt\">Drama<\/p>\n<\/li>\n<li class=\"c-card__movie__data__item\"> Pa\u00eds\n<p class=\"c-card__movie__data__item__txt\">Francia<\/p>\n<\/li>\n<li class=\"c-card__movie__data__item\"> Sinopsis\n<p class=\"c-card__movie__data__item__txt\">Sandra es una librera extremadamente independiente. Su vecino Alex es un joven arquitecto con dos hijos peque\u00f1os que acaba de perder a su pareja. De la noche a la ma\u00f1ana, Sandra se encuentra compartiendo su vida con la familia de Alex y contra todo pron\u00f3stico encari\u00f1\u00e1ndose poco a poco con ellos, especialmente con el peque\u00f1o Elliott de seis a\u00f1os. Los meses pasan y el apego a esta familia adoptiva ir\u00e1 creciendo a la vez que Sandra va siendo consciente que a veces los v\u00ednculos afectivos no son de nuestra elecci\u00f3n.<\/p>\n<\/li>\n<li class=\"c-card__movie__data__item\"> Gui\u00f3n\n<p class=\"c-card__movie__data__item__txt\">Carine Tardieu, Rapha\u00eble Moussafir, Vimala Pons<\/p>\n<\/li>\n<li class=\"c-card__movie__data__item\"> Duraci\u00f3n\n<p class=\"c-card__movie__data__item__txt\">106 min<\/p>\n<\/li>\n<li class=\"c-card__movie__data__item\"> Distribuidora\n<p class=\"c-card__movie__data__item__txt\">Karma<\/p>\n<\/li>\n<li class=\"c-card__movie__data__item\"> Estreno\n<p class=\"c-card__movie__data__item__txt\">26 de septiembre<\/p>\n<\/li>\n<li class=\"c-card__movie__data__item\">\n<p class=\"c-card__movie__data__item__txt\"><b>Reparto:<br \/><\/b>\u200bValeria Bruni Tedeschi, Pio Marma\u00ef, Vimala Pons<\/p>\n<\/li>\n<\/ul>\n<p><img decoding=\"async\" loading=\"lazy\" alt=\"'Los lazos que nos unen'\" width=\"250\" height=\"375\" src=\"https:\/\/www.europesays.com\/es\/wp-content\/uploads\/2025\/09\/68d50e60c96f0.jpeg\"\/><\/p>\n","protected":false},"excerpt":{"rendered":"S\u00e1came de dudas iba de un hombre que descubr\u00eda qui\u00e9n era su verdadero padre biol\u00f3gico al tiempo que&hellip;\n","protected":false},"author":2,"featured_media":141423,"comment_status":"","ping_status":"","sticky":false,"template":"","format":"standard","meta":{"footnotes":""},"categories":[169],"tags":[177,1497,146,147,25,24,176,43987,4417,175,382,2074,23],"class_list":{"0":"post-141422","1":"post","2":"type-post","3":"status-publish","4":"format-standard","5":"has-post-thumbnail","7":"category-cine","8":"tag-cine","9":"tag-critica","10":"tag-entertainment","11":"tag-entretenimiento","12":"tag-es","13":"tag-espana","14":"tag-film","15":"tag-lazos","16":"tag-los","17":"tag-movies","18":"tag-nos","19":"tag-que","20":"tag-spain"},"share_on_mastodon":{"url":"","error":""},"_links":{"self":[{"href":"https:\/\/www.europesays.com\/es\/wp-json\/wp\/v2\/posts\/141422","targetHints":{"allow":["GET"]}}],"collection":[{"href":"https:\/\/www.europesays.com\/es\/wp-json\/wp\/v2\/posts"}],"about":[{"href":"https:\/\/www.europesays.com\/es\/wp-json\/wp\/v2\/types\/post"}],"author":[{"embeddable":true,"href":"https:\/\/www.europesays.com\/es\/wp-json\/wp\/v2\/users\/2"}],"replies":[{"embeddable":true,"href":"https:\/\/www.europesays.com\/es\/wp-json\/wp\/v2\/comments?post=141422"}],"version-history":[{"count":0,"href":"https:\/\/www.europesays.com\/es\/wp-json\/wp\/v2\/posts\/141422\/revisions"}],"wp:featuredmedia":[{"embeddable":true,"href":"https:\/\/www.europesays.com\/es\/wp-json\/wp\/v2\/media\/141423"}],"wp:attachment":[{"href":"https:\/\/www.europesays.com\/es\/wp-json\/wp\/v2\/media?parent=141422"}],"wp:term":[{"taxonomy":"category","embeddable":true,"href":"https:\/\/www.europesays.com\/es\/wp-json\/wp\/v2\/categories?post=141422"},{"taxonomy":"post_tag","embeddable":true,"href":"https:\/\/www.europesays.com\/es\/wp-json\/wp\/v2\/tags?post=141422"}],"curies":[{"name":"wp","href":"https:\/\/api.w.org\/{rel}","templated":true}]}}