{"id":141435,"date":"2025-09-27T02:45:09","date_gmt":"2025-09-27T02:45:09","guid":{"rendered":"https:\/\/www.europesays.com\/es\/141435\/"},"modified":"2025-09-27T02:45:09","modified_gmt":"2025-09-27T02:45:09","slug":"con-el-retiro-de-busquets-cuantos-jugadores-quedan-activos-del-mitico-barcelona-de-guardiola-ole","status":"publish","type":"post","link":"https:\/\/www.europesays.com\/es\/141435\/","title":{"rendered":"Con el retiro de Busquets, \u00bfcu\u00e1ntos jugadores quedan activos del m\u00edtico Barcelona de Guardiola? :: Ol\u00e9"},"content":{"rendered":"<p>26\/09\/2025 17:46hs.<\/p>\n<p>Este viernes, el f\u00fatbol se vio impactado por el anuncio realizado por<a href=\"https:\/\/www.ole.com.ar\/usa\/mls\/sergio-busquets-anuncio-retiro-futbol-jugador-inter-miami-ultimos-meses_0_lYPffbrLc4.html\" target=\"_self\" title=\" Sergio Busquets, que manifest\u00f3 que colgar\u00e1 los botines de manera profesional una vez que termine el 2025 con Inter de Miam\" alt=\" Sergio Busquets, que manifest\u00f3 que colgar\u00e1 los botines de manera profesional una vez que termine el 2025 con Inter de Miam\" rel=\"nofollow noopener\"> Sergio Busquets, que manifest\u00f3 que colgar\u00e1 los botines de manera profesional una vez que termine el 2025 con Inter de Miam<\/a>i. A los 37 a\u00f1os, el volante espa\u00f1ol le pondr\u00e1 fin a su exitosa carrera. Una carrera que lo tuvo como uno de los s\u00edmbolos de Barcelona en su \u00e9poca dorada y de la selecci\u00f3n de Espa\u00f1a.<\/p>\n<p>Busquets, que alguna vez fue gratamente elogiado por Juan Rom\u00e1n Riquelme al considerar que revolucion\u00f3 el puesto de volante central, i<strong>ntegr\u00f3 desde luego el fabuloso equipo del Barsa comandado por Pep Guardiola<\/strong>. Un Guardiola que consigui\u00f3 14 t\u00edtulos en cuatro temporadas (entre 2008 y 2012). Provoc\u00f3 un verdadero antes y despu\u00e9s en el mundo del f\u00fatbol.<\/p>\n<p>Tomando al hoy volante de Inter Miami como disparador, <strong>\u00bfcu\u00e1ntos jugadores de ese fabuloso equipo siguen en actividad profesional?<\/strong><\/p>\n<p><img alt=\"Busquets colgar\u00e1 los botines. \" loading=\"lazy\" width=\"720\" height=\"100\" decoding=\"async\" data-nimg=\"1\" style=\"color:transparent\" src=\"https:\/\/www.europesays.com\/es\/wp-content\/uploads\/2025\/09\/cJq_6iALn_720x0__1.jpg\"\/>Busquets colgar\u00e1 los botines. <\/p>\n<p><strong>La recordada formaci\u00f3n <\/strong><\/p>\n<p><img alt=\"Una de las formaciones del Barcelona de Guardiola.\" loading=\"lazy\" width=\"720\" height=\"100\" decoding=\"async\" data-nimg=\"1\" style=\"color:transparent\" src=\"https:\/\/www.europesays.com\/es\/wp-content\/uploads\/2025\/09\/R6k5X7_YG_720x0__1.jpg\"\/>Una de las formaciones del Barcelona de Guardiola.<\/p>\n<p><strong>El once generalmente titular est\u00e1 pr\u00e1cticamente fuera de servicio. <\/strong>Apenas siguen en actividad dos futbolistas:<strong> Lionel Messi, de 38 a\u00f1os y compa\u00f1ero de Busquets en Inter. <\/strong>El 10 tiene contrato hasta fin de a\u00f1o con las Garzas y se aguarda por su renovaci\u00f3n. Desde luego, tambi\u00e9n lo espera la Selecci\u00f3n de cara al Mundial del a\u00f1o que viene. <\/p>\n<p>El otro -de los que habitualmente iban desde el arranque- que sigue como profesional<strong> es el espa\u00f1ol Pedro, extremo derecho de 38 a\u00f1os que hoy juega en Lazio de Italia.<\/strong><\/p>\n<p><strong>\u00bfY los dem\u00e1s? <\/strong>Retirados a medida que fueron pasando los a\u00f1os: Eric Abidal (fue director deportivo de Barcelona), Javier Mascherano (hoy DT de Inter Miami), Sergio Busquets (empresario), V\u00edctor Vald\u00e9s (entrenador), el brasile\u00f1o Dani Alves, David Villa, Andr\u00e9s Iniesta y Xavi Hern\u00e1ndez (supo ser DT del Barsa).<\/p>\n<p><strong>\u00bfOtros que formaron parte de ese plantel en la \u00faltima temporada 11\/12? <\/strong>Puyol (retirado), Marc Bartra (hoy en Betis), los brasile\u00f1os Adriano y Maxwell (tambi\u00e9n ya colgaron los botines), Cesc F\u00e1bregas (DT del Como), Thiago Alc\u00e1ntara (ayudante de campo en Barcelona), Seydou Keita y Alexis S\u00e1nchez (que juega en el Sevilla de Mat\u00edas Almeyda).<\/p>\n<p><a href=\"https:\/\/www.ole.com.ar\/messi\/carinosa-foto-messi-compartio-busquets-luego-anunciara-retiro_0_TuxcebVhu2.html\" aria-label=\"La cari\u00f1osa foto que Messi comparti\u00f3 con Busquets: &quot;Juntos casi desde el arranque hasta el final&quot;\" class=\"sc-198398ff-0 dGmAry\" rel=\"nofollow noopener\" target=\"_blank\"><img alt=\"La cari\u00f1osa foto que Messi comparti\u00f3 con Busquets: &quot;Juntos casi desde el arranque hasta el final&quot;\" loading=\"lazy\" width=\"290\" height=\"290\" decoding=\"async\" data-nimg=\"1\" style=\"color:transparent\" src=\"https:\/\/www.europesays.com\/es\/wp-content\/uploads\/2025\/09\/7F2omwAZK_290x290__1.jpg\"\/><\/p>\n<p>Mir\u00e1 tambi\u00e9nLa cari\u00f1osa foto que Messi comparti\u00f3 con Busquets: \u00abJuntos casi desde el arranque hasta el final\u00bb<\/p>\n<p><a href=\"https:\/\/www.ole.com.ar\/usa\/mls\/sergio-busquets-anuncio-retiro-futbol-jugador-inter-miami-ultimos-meses_0_lYPffbrLc4.html\" aria-label=\"Sergio Busquets anunci\u00f3 su retiro: &quot;Ser\u00e1n mis \u00faltimos meses en un terreno de juego\u201d\" class=\"sc-198398ff-0 dGmAry\" rel=\"nofollow noopener\" target=\"_blank\"><img alt=\"Sergio Busquets anunci\u00f3 su retiro: &quot;Ser\u00e1n mis \u00faltimos meses en un terreno de juego\u201d\" loading=\"lazy\" width=\"290\" height=\"290\" decoding=\"async\" data-nimg=\"1\" style=\"color:transparent\" src=\"https:\/\/www.europesays.com\/es\/wp-content\/uploads\/2025\/09\/gCo9sEkK3_290x290__1.jpg\"\/><\/p>\n<p>Mir\u00e1 tambi\u00e9nSergio Busquets anunci\u00f3 su retiro: \u00abSer\u00e1n mis \u00faltimos meses en un terreno de juego\u201d<\/p>\n<p><a href=\"https:\/\/www.ole.com.ar\/usa\/mls\/inter-miami\/dijo-javier-mascherano-despues-retiro-profesional-sergio-busquets-inter-miami-entrenador-futuro-confesion_0_wSIrKKxxbe.html\" aria-label=\"Las confesiones de Mascherano tras el retiro de Busquets: de &quot;es una l\u00e1stima&quot; a sus charlas privadas y &quot;va a ser entrenador&quot;\" class=\"sc-198398ff-0 dGmAry\" rel=\"nofollow noopener\" target=\"_blank\"><img alt=\"Las confesiones de Mascherano tras el retiro de Busquets: de &quot;es una l\u00e1stima&quot; a sus charlas privadas y &quot;va a ser entrenador&quot;\" loading=\"lazy\" width=\"290\" height=\"290\" decoding=\"async\" data-nimg=\"1\" style=\"color:transparent\" src=\"https:\/\/www.europesays.com\/es\/wp-content\/uploads\/2025\/09\/XtFs-VYVd_290x290__1.jpg\"\/><\/p>\n<p>Mir\u00e1 tambi\u00e9nLas confesiones de Mascherano tras el retiro de Busquets: de \u00abes una l\u00e1stima\u00bb a sus charlas privadas y \u00abva a ser entrenador\u00bb<\/p>\n","protected":false},"excerpt":{"rendered":"26\/09\/2025 17:46hs. Este viernes, el f\u00fatbol se vio impactado por el anuncio realizado por Sergio Busquets, que manifest\u00f3&hellip;\n","protected":false},"author":2,"featured_media":141436,"comment_status":"","ping_status":"","sticky":false,"template":"","format":"standard","meta":{"footnotes":""},"categories":[5],"tags":[17,18,25,24,13,14,11,3408,19,20,3411,43989,9,10,15,16,3410,23,12,21,22],"class_list":{"0":"post-141435","1":"post","2":"type-post","3":"status-publish","4":"format-standard","5":"has-post-thumbnail","7":"category-titulares","8":"tag-breaking-news","9":"tag-breakingnews","10":"tag-es","11":"tag-espana","12":"tag-featured-news","13":"tag-featurednews","14":"tag-headlines","15":"tag-inter-miami","16":"tag-latest-news","17":"tag-latestnews","18":"tag-lionel-messi","19":"tag-major-league-soccer","20":"tag-news","21":"tag-noticias","22":"tag-noticias-destacadas","23":"tag-noticiasdestacadas","24":"tag-sergio-busquets","25":"tag-spain","26":"tag-titulares","27":"tag-ultimas-noticias","28":"tag-ultimasnoticias"},"share_on_mastodon":{"url":"","error":""},"_links":{"self":[{"href":"https:\/\/www.europesays.com\/es\/wp-json\/wp\/v2\/posts\/141435","targetHints":{"allow":["GET"]}}],"collection":[{"href":"https:\/\/www.europesays.com\/es\/wp-json\/wp\/v2\/posts"}],"about":[{"href":"https:\/\/www.europesays.com\/es\/wp-json\/wp\/v2\/types\/post"}],"author":[{"embeddable":true,"href":"https:\/\/www.europesays.com\/es\/wp-json\/wp\/v2\/users\/2"}],"replies":[{"embeddable":true,"href":"https:\/\/www.europesays.com\/es\/wp-json\/wp\/v2\/comments?post=141435"}],"version-history":[{"count":0,"href":"https:\/\/www.europesays.com\/es\/wp-json\/wp\/v2\/posts\/141435\/revisions"}],"wp:featuredmedia":[{"embeddable":true,"href":"https:\/\/www.europesays.com\/es\/wp-json\/wp\/v2\/media\/141436"}],"wp:attachment":[{"href":"https:\/\/www.europesays.com\/es\/wp-json\/wp\/v2\/media?parent=141435"}],"wp:term":[{"taxonomy":"category","embeddable":true,"href":"https:\/\/www.europesays.com\/es\/wp-json\/wp\/v2\/categories?post=141435"},{"taxonomy":"post_tag","embeddable":true,"href":"https:\/\/www.europesays.com\/es\/wp-json\/wp\/v2\/tags?post=141435"}],"curies":[{"name":"wp","href":"https:\/\/api.w.org\/{rel}","templated":true}]}}