{"id":141439,"date":"2025-09-27T02:51:14","date_gmt":"2025-09-27T02:51:14","guid":{"rendered":"https:\/\/www.europesays.com\/es\/141439\/"},"modified":"2025-09-27T02:51:14","modified_gmt":"2025-09-27T02:51:14","slug":"10-subidas-a-olarizu-con-montes-solidarios","status":"publish","type":"post","link":"https:\/\/www.europesays.com\/es\/141439\/","title":{"rendered":"10 subidas a Olarizu con Montes Solidarios"},"content":{"rendered":"<p>\n        <strong>Se cumplen diez a\u00f1os del inicio de la labor de la Asociaci\u00f3n de <\/strong><a href=\"https:\/\/www.montesolidarios.org\/\" title=\"Montes solidarios\" rel=\"nofollow noopener\" target=\"_blank\" class=\"link copy\"><strong>Montes solidarios<\/strong><\/a><strong>, Y para celebrar esta efem\u00e9ride, se propusieron el reto de ascender diez veces consecutivas el monte Olarizu y a su m\u00edtica cruz. Todo un reto inclusivo en el que les acompa\u00f1amos .<\/strong>\n<\/p>\n<p>  <strong>DATOS PRINCIPALES<\/strong> \u00a0<\/p>\n<p class=\"article-body__text \">\n        \u00b7\u00a0\u00a0\u00a0\u00a0\u00a0\u00a0\u00a0\u00a0Kil\u00f3metros: 4,2 km\n<\/p>\n<p class=\"article-body__text \">\n        \u00b7\u00a0\u00a0\u00a0\u00a0\u00a0\u00a0\u00a0\u00a0Desnivel positivo: 159+\u00a0\n<\/p>\n<p class=\"article-body__text \">\n        \u00b7\u00a0\u00a0\u00a0\u00a0\u00a0\u00a0\u00a0\u00a0Duraci\u00f3n: corriendo 0:30h \/ Caminar &#8211; correr: 0:45h \/ Senderismo 1:10h\n<\/p>\n<p>  <strong>LLEGADA AL PUNTO DE PARTIDA<\/strong>\u00a0\u00a0\u00a0<\/p>\n<p>\u00b7\u00a0\u00a0\u00a0\u00a0\u00a0\u00a0\u00a0\u00a0Desde Vitoria, vamos a la parte sureste de la ciudad, hacia la zona de esmaltaciones para acceder al parque de Olarizu.<\/p>\n<p>\u00b7\u00a0\u00a0\u00a0\u00a0\u00a0\u00a0\u00a0\u00a0Desde Pamplona, saliendo por la parte oeste de la ciudad tomamos la A-15 y luego la A-10 hasta Alsasua. Aqu\u00ed por la N-1 vamos direcci\u00f3n Madrid hasta que la abandonamos en la salida 367 para acceder a la N-104 hasta Vitoria, donde en la parte sur tenemos Olarizu.<\/p>\n<p>\u00b7\u00a0\u00a0\u00a0\u00a0\u00a0\u00a0\u00a0\u00a0Desde Donostia tomamos la N-1 sentido Madrid hasta que la abandonamos en la salida 367 para acceder a la N-104 hasta Vitoria, donde en la parte sur tenemos Olarizu.<\/p>\n<p>\u00b7\u00a0\u00a0\u00a0\u00a0\u00a0\u00a0\u00a0\u00a0Desde Bilbao, tomamos la AP-68 hasta la salida 5 en Altube. Seguimos por la N-622 hasta Vitoria la cual circunvalamos para llegar a la parte sur y con ello a Olarizu.<\/p>\n<p>  <strong>DESCRIPCI\u00d3N\u00a0<\/strong>\u00a0<\/p>\n<p class=\"article-body__text \">\n        Este 2025 se cumplen diez a\u00f1os desde que la asociaci\u00f3n <a href=\"https:\/\/www.montesolidarios.org\/\" title=\"Montes Solidarios\" rel=\"nofollow noopener\" target=\"_blank\" class=\"link copy\"><strong>Montes Solidarios<\/strong><\/a> comenz\u00f3 su labor de inclusi\u00f3n en rutas de monta\u00f1a, entre otras cosas. Diez a\u00f1os de salidas a la naturaleza, cumplir sue\u00f1os y acercar el monte a aquellos que presentan m\u00e1s dificultad para acceder a \u00e9l. Diez a\u00f1os de emociones, l\u00e1grimas de felicidad, sonrisas y muchos otros sentimientos. Diez a\u00f1os de inclusi\u00f3n en may\u00fasculas, donde lo importante siempre han sido las personas, tanto usuarios como voluntarios, que han hecho de esta asociaci\u00f3n algo mas que una simple ONG.\n<\/p>\n<p class=\"article-photo__footer\">\n            En im\u00e1genes: Reto en Olarizu con Montes Solidarios            Gonzalo P\u00e9rez Zunzunegui        <\/p>\n<p class=\"article-body__text \">\n        Entre los actos que se han planificado para este a\u00f1o, como <strong>una gala especial<\/strong> que se celebrar\u00e1 en noviembre, se realizaron unas <strong>salidas consecutivas a Aitzgorri, Anboto y Gorbea<\/strong>, adem\u00e1s del reto que tuvo lugar el pasado 15 de septiembre, aprovechando la romer\u00eda anual que se celebra en las campas de Olarizu, en Vitoria-Gasteiz, y del que hemos sido testigos.\n<\/p>\n<p class=\"article-photo__footer\">\n            En im\u00e1genes: Reto en Olarizu con Montes Solidarios            Gonzalo P\u00e9rez Zunzunegui        <\/p>\n<p class=\"article-body__text \">\n        El reto consist\u00eda el enlazar <strong>diez subidas inclusivas a la cruz de Olarizu<\/strong>. Todo comenzaba bastante antes de la primera de las subidas, programada a las 9 de la ma\u00f1ana, con el montaje de una carpa informativa situada en las famosas letras que dan acceso al parque. Ese iba a ser, durante toda la jornada, el punto de referencia, tanto para comenzar y concluir cada salida, como para dar informaci\u00f3n sobre Montes Solidarios, sobre la inclusi\u00f3n, sobre las herramientas que se usan en las salidas\u2026\n<\/p>\n<p class=\"article-photo__footer\">\n            En im\u00e1genes: Reto en Olarizu con Montes Solidarios            Gonzalo P\u00e9rez Zunzunegui        <\/p>\n<p>  Primer ascenso<\/p>\n<p class=\"article-body__text \">\n        La primera de las salidas, con Silvia en la <strong>silla Jo\u00eblette<\/strong> y Jorge en la <strong>barra direccional<\/strong>, empezaba puntual a las nueve de la ma\u00f1ana. Mientras Fernando, Rafa y Kontxi se quedaban en la carpa, Rosa era la responsable de que en esa primera subida todo fuera controlado. Todav\u00eda a esa hora las campas estaban vac\u00edas con los puestos ambulantes, muchos de ellos a medio montar.\n<\/p>\n<p>  <strong>CONSEJOS PARA REALIZAR ESTA RUTA<\/strong>\u00a0<\/p>\n<p><strong>Hidrataci\u00f3n.<\/strong>\u00a0Se trata de una ruta muy corta pero tan solo podremos recargar agua en el inicio y fin de esta.<\/p>\n<p><strong>Calzado<\/strong>.\u00a0Importante un calzado que agarre, sobre todo en \u00e9poca de lluvia ya que la subida o bajada directa suele ser resbaladiza y puede estar embarrada.<\/p>\n<p><strong>Dificultad<\/strong>.\u00a0Muy f\u00e1cil, es la t\u00edpica excursi\u00f3n para hacer con los m\u00e1s peque\u00f1os de la casa o para comenzar en el monte, bien en trail como en senderismo.<\/p>\n<p class=\"article-body__text \">\n        Las subidas segu\u00edan todas el mismo patr\u00f3n. En primer lugar por el paseo se acced\u00eda a la campa principal de Olarizu, que se atravesaba por medio para llegar a la<strong> casa de la Dehesa<\/strong>. Rodeada de monta\u00f1as, bosques y r\u00edos, esta casa rural ofrece la oportunidad de desconectar de la rutina\u00a0y sumergirse en un entorno natural inigualable. La construcci\u00f3n de la casa data del siglo XVIII y es un\u00a0lugar lleno de historia. Se puede conocer la historia de la casa y de la regi\u00f3n a trav\u00e9s de visitas guiadas, exposiciones y actividades culturales. Uno de los puntos m\u00e1s destacados de la visita es el Centro de Interpretaci\u00f3n de la Naturaleza, donde se puede descubrir la flora y fauna del Parque Natural de Gorbeia y aprender sobre la importancia de su conservaci\u00f3n.\n<\/p>\n<p class=\"article-photo__footer\">\n            En im\u00e1genes: Reto en Olarizu con Montes Solidarios            Gonzalo P\u00e9rez Zunzunegui        <\/p>\n<p class=\"article-body__text \">\n        Ya desde la casa de la Dehesa vemos al fondo nuestro objetivo que no es otro que la <strong>cruz que preside en lo alto Olarizu.<\/strong> Abandonamos el camino pedregoso que nos ha llevado hasta all\u00ed para enfilar una rampa que en su parte intermedia aumenta de dureza considerablemente. Es el momento en el que los responsables de esta primera subida indican que pongamos la l\u00ednea. Dejamos avanzar a la barra y en la silla a\u00f1adimos un voluntario extra que se sit\u00faa en la parte de delante para ayudar en la ascensi\u00f3n \u2013en caso de pendiente pronunciada de descenso, este voluntario extra se situar\u00eda en la parte de detr\u00e1s con el fin de frenar la silla\u2013. Superado este repecho, una parte llana por pista muy c\u00f3moda nos hace ganar velocidad y encarar el repecho intermedio que va a ir poco a poco rodeando el cerro de Olarizu.\n<\/p>\n<p class=\"article-photo__footer\">\n            En im\u00e1genes: Reto en Olarizu con Montes Solidarios            Gonzalo P\u00e9rez Zunzunegui        <\/p>\n<p class=\"article-body__text \">\n        Podemos observar c\u00f3mo hay bastante gente subiendo, dado que hoy se celebra la <strong>Romer\u00eda de Olarizu<\/strong>, bien por nuestro mismo trayecto, bien de forma directa salvando en este caso una pared fuerte hasta arriba. En este tramo intermedio por pista tambi\u00e9n ponemos la l\u00ednea de ayuda que ya no abandonaremos hasta el final. Las risas se suceden, el compa\u00f1erismo se mezcla con el esfuerzo y una unidad completa de voluntarios y usuarios hacen que este tipo de acciones, adem\u00e1s de tomar significado, lleguen a buen puerto.\n<\/p>\n<p class=\"article-photo__footer\">\n            En im\u00e1genes: Reto en Olarizu con Montes Solidarios            Gonzalo P\u00e9rez Zunzunegui        <\/p>\n<p class=\"article-body__text \">\n        Queda el repecho final, bordeamos por la parte sur la loma, para encarar un tramo mas empinado y con bastante piedra suelta. En este tipo de terrenos <strong>es importante la buena comunicaci\u00f3n de todos los voluntarios<\/strong>, tanto de los que llevan silla o barra como de los acompa\u00f1antes. Es la manera de ir informando para ir solucionando los posibles problemas que nos presente el terreno: piedras grandes, escalones, barro\u2026\n<\/p>\n<p class=\"article-photo__footer\">\n            En im\u00e1genes: Reto en Olarizu con Montes Solidarios            Gonzalo P\u00e9rez Zunzunegui        <\/p>\n<p class=\"article-body__text \">\n        Ya vemos al fondo la cruz, y las sonrisas se hacen mayores, sobre todo las de los usuarios de Montes Solidarios, que ven como nuevamente otra subida, otro paseo, otro sue\u00f1o se cumple gracias a esta asociaci\u00f3n que es tan grande en coraz\u00f3n y en esfuerzo como lo es n\u00famero de voluntarios. Despu\u00e9s de la foto de rigor, yo me tiro para abajo para coger la segunda salida, a las diez de la ma\u00f1ana, a la que siguieron una cada hora hasta completar las diez, cada vez con m\u00e1s gente siendo testigo en las campas de Olarizu de esta nueva haza\u00f1a inclusiva de Montes Solidarios.\n<\/p>\n<p class=\"article-photo__footer\">\n            En im\u00e1genes: Reto en Olarizu con Montes Solidarios            Gonzalo P\u00e9rez Zunzunegui        <\/p>\n<p class=\"article-body__text \">\n        Karmele, Jone, Juanma, gente de ATECE, Ayem, Elmami, Jaione, Blanca, Leidy, Sam, Amets, Paula, Igor, Piedad, Manolo, Julia y Maria, han sido los usuarios que gracias a la labor de la gente de Montes Solidarios han podido subir a la Cruz en este d\u00eda tan se\u00f1alado. <strong>Seguiremos dando voz a la rutas inclusivas y, como no, a la gente de Montes<\/strong>.\u00a0\n<\/p>\n<p>  <strong>PLANES ALTERNATIVOS<\/strong>\u00a0<\/p>\n<p class=\"article-body__text \">\n        Aqu\u00ed presentamos un par de opciones extras con las que completar nuestra jornada de monta\u00f1a:\n<\/p>\n<p class=\"article-body__text \">\n        \u00b7\u00a0\u00a0\u00a0\u00a0\u00a0\u00a0\u00a0<strong>Visita al Museo de Armer\u00eda de Vitoria-Gasteiz:<\/strong>\u00a0no tan conocido como otros el Museo de Armer\u00eda de \u00c1lava muestra la historia y la evoluci\u00f3n de las armas desde los or\u00edgenes de la humanidad hasta principios del siglo XX. Adem\u00e1s de la colecci\u00f3n permanente y de una extensa secci\u00f3n de armas blancas, tenemos una seri de piezas destacadas de imprescindible observaci\u00f3n como pueden ser varias armaduras, tanto milanesas como de samur\u00e1i, el retrato del General Alava, espadas, pistolas y ballestas, as\u00ed como el ba\u00fal de campa\u00f1a del Duque de Wellington. Mas Info en <a href=\"https:\/\/armamuseoa.eus\/es\/inicio\" title=\"https:\/\/armamuseoa.eus\/es\/inicio\" rel=\"nofollow noopener\" target=\"_blank\" class=\"link copy\"><strong>https:\/\/armamuseoa.eus\/es\/inicio<\/strong><\/a>\n<\/p>\n<p class=\"article-body__text \">\n        \u00b7\u00a0\u00a0\u00a0\u00a0\u00a0\u00a0\u00a0\u00a0<strong>Visitar el jard\u00edn bot\u00e1nico de Olarizu: <\/strong>\u00a0Situado en el Anillo Verde de Vitoria-Gasteiz, al sur de la ciudad, fue creado con la misi\u00f3n de \u201cconservar, divulgar y poner en valor la biodiversidad vegetal local, regional, europea y global\u201d. En sus m\u00e1s de 120 hect\u00e1reas, el jard\u00edn acoge distintas colecciones de plantas, entre las que destaca una representaci\u00f3n de los principales\u00a0bosques de Europa, adem\u00e1s de otras formaciones vegetales, albergando m\u00e1s de un millar de especies diferentes. Es un lugar ideal para el paseo y el aprendizaje en relaci\u00f3n con el mundo de las plantas. El mejor punto de partida para visitar el Jard\u00edn es la\u00a0Casa de la Dehesa y es posible hacer visitas guiadas, mas Info en <a href=\"http:\/\/www.vitoria-gasteiz.org\/we001\/was\/we001Action.do?aplicacion=wb021&amp;tabla=contenido&amp;idioma=es&amp;uid=u_14508e8c_12dbba3c544__7fa6\" title=\"http:\/\/www.vitoria-gasteiz.org\/we001\/was\/we001Action.do?aplicacion=wb021&amp;tabla=contenido&amp;idioma=es&amp;uid=u_14508e8c_12dbba3c544__7fa6\" rel=\"nofollow noopener\" target=\"_blank\" class=\"link copy\"><strong>http:\/\/www.vitoria-gasteiz.org\/we001\/was\/we001Action.do?aplicacion=wb021&amp;tabla=contenido&amp;idioma=es&amp;uid=u_14508e8c_12dbba3c544__7fa6<\/strong><\/a>\n<\/p>\n<p class=\"article-body__text \">\n        Obviamente en Vitoria tenemos un mont\u00f3n de lugares donde reponer fuerzas pero en el barrio, bien de San Crist\u00f3bal o de Adurtza, tenemos mucho bares, restaurantes, taskas de toda la vida donde recuperar fuerzas una vez terminada la ruta.\u00a0<\/p>\n","protected":false},"excerpt":{"rendered":"Se cumplen diez a\u00f1os del inicio de la labor de la Asociaci\u00f3n de Montes solidarios, Y para celebrar&hellip;\n","protected":false},"author":2,"featured_media":141440,"comment_status":"","ping_status":"","sticky":false,"template":"","format":"standard","meta":{"footnotes":""},"categories":[273],"tags":[43991,313,312,168,25,24,15476,38878,5575,43990,23,167],"class_list":{"0":"post-141439","1":"post","2":"type-post","3":"status-publish","4":"format-standard","5":"has-post-thumbnail","7":"category-ciclismo","8":"tag-10-ascensiones","9":"tag-ciclismo","10":"tag-cycling","11":"tag-deportes","12":"tag-es","13":"tag-espana","14":"tag-montes","15":"tag-olarizu","16":"tag-reto","17":"tag-solidarios","18":"tag-spain","19":"tag-sports"},"share_on_mastodon":{"url":"","error":""},"_links":{"self":[{"href":"https:\/\/www.europesays.com\/es\/wp-json\/wp\/v2\/posts\/141439","targetHints":{"allow":["GET"]}}],"collection":[{"href":"https:\/\/www.europesays.com\/es\/wp-json\/wp\/v2\/posts"}],"about":[{"href":"https:\/\/www.europesays.com\/es\/wp-json\/wp\/v2\/types\/post"}],"author":[{"embeddable":true,"href":"https:\/\/www.europesays.com\/es\/wp-json\/wp\/v2\/users\/2"}],"replies":[{"embeddable":true,"href":"https:\/\/www.europesays.com\/es\/wp-json\/wp\/v2\/comments?post=141439"}],"version-history":[{"count":0,"href":"https:\/\/www.europesays.com\/es\/wp-json\/wp\/v2\/posts\/141439\/revisions"}],"wp:featuredmedia":[{"embeddable":true,"href":"https:\/\/www.europesays.com\/es\/wp-json\/wp\/v2\/media\/141440"}],"wp:attachment":[{"href":"https:\/\/www.europesays.com\/es\/wp-json\/wp\/v2\/media?parent=141439"}],"wp:term":[{"taxonomy":"category","embeddable":true,"href":"https:\/\/www.europesays.com\/es\/wp-json\/wp\/v2\/categories?post=141439"},{"taxonomy":"post_tag","embeddable":true,"href":"https:\/\/www.europesays.com\/es\/wp-json\/wp\/v2\/tags?post=141439"}],"curies":[{"name":"wp","href":"https:\/\/api.w.org\/{rel}","templated":true}]}}