{"id":141441,"date":"2025-09-27T02:52:07","date_gmt":"2025-09-27T02:52:07","guid":{"rendered":"https:\/\/www.europesays.com\/es\/141441\/"},"modified":"2025-09-27T02:52:07","modified_gmt":"2025-09-27T02:52:07","slug":"ultima-vuelta-ultima-vuelta","status":"publish","type":"post","link":"https:\/\/www.europesays.com\/es\/141441\/","title":{"rendered":"Ultima Vuelta &#8211; Ultima Vuelta"},"content":{"rendered":"<ol>\n<li><a href=\"https:\/\/news.google.com\/rss\/articles\/CBMiuAFBVV95cUxQR05ORmEtQ0pGbk5LZWt4WlgyTmRfMDVIM3lwaW1pWi1Xc3Z5Wmt5dnRFTkV2czY5MWJYWjNtdFU2aEktanNVYXh3ODdiRk5XeFZPcE5yZmpsRF9vMVlLTUxpMDgyWF96SWJNb3RyallnemU1WVhBUUtYTmRVcHVtQ0RuUUhGcmlycVZLZnJDX29TNWs1eTJ1SWdQNnNYQ2JoUkNtTXVHUHl6c2RuYzZ3QUNkVTJiR002?oc=5\" target=\"_blank\" rel=\"nofollow noopener\">Ultima Vuelta<\/a>&nbsp;&nbsp;Ultima Vuelta<\/li>\n<li><a href=\"https:\/\/news.google.com\/rss\/articles\/CBMi9gFBVV95cUxOZjhWZ0xDanhnRkVxWE1zZDduUlVlYmF3UThUVHNaRGJ5NzROaE5QOGRaUGVLX2JJWUp0aUw4UURXM1NuOXZFaE5aRzFYYTVBLS1sZ2N2MF9sdmxhcVVtN2M2RldZTEVtdll0d1RnWVV1MEtjNUluRWxwcmpuZFRRTWJvTnQtUWM1ckw4QV8tbTlid1FmWjFFV3V2ZlNtWnRXckQ4eEtFd0YyM2ZXaFZhVVRBOElIVHAwM1lRaDVHYkZONTJsZlkzYUpwTmk5NERDenlwZGNiSFh2LVd5NmhKenhySHExRDlFWDY2NWlmNjlvUl9TZmfSAZACQVVfeXFMUGd4WGpMTXhxRk5HRHB4STVwYlFLSWZiWHk1dnlWd2lFdjlSSWNGVVVNd2g1aDBCMWxZZ2ZMN2hHVnpTUHFUcEJRODhrNkVPWGNvLTJqTlpQckN6LUF5dkQyN19NV1ZYeXJGd21LYUtYV19PSk1XSk9RalZrbUhrTEpCSWlXZE85YWJXdzlWaVVabjJyZmZCQk9EeHNURVVGaDRwZGw5QzRzQWVsTmN1VnhNM2syNElLT0pvNnFqcktqczZfNFJOMXA0LURCcVpBMm5BNXBBVnJld3BaQlBJR1BTdUthc0RNeWp6cGZBR285OW5nVGVnYWpNWFM0NzJpb2xGQWdYTW9zZURtd3I5aXA?oc=5\" target=\"_blank\" rel=\"nofollow noopener\">El alentador pron\u00f3stico de Guenther Steiner sobre el futuro de Franco Colapinto para seguir con Alpine en la F\u00f3rmula 1<\/a>&nbsp;&nbsp;Infobae<\/li>\n<li><a href=\"https:\/\/news.google.com\/rss\/articles\/CBMiiwFBVV95cUxNNmpFOHFBcEtaQlhPSnJQOWd6UGgzZlVDbEk4clZtMGExRm10SFc4T2dOd0hVNTFCR0RCYzN2YXJHejRaRENxMWpPZ1d1WHBxNW82RTMzMlI1WGlzZEhaWFFrNlJVTGhFZmZuRXEwZ1BVME5aOGxqNTFRVkV0bUhnaDVWRzY3Um9IVHk4?oc=5\" target=\"_blank\" rel=\"nofollow noopener\">Briatore no ve \u00abotra opci\u00f3n\u00bb que Colapinto y Aron para Alpine F1<\/a>&nbsp;&nbsp;Motorsport.com Espa\u00f1a<\/li>\n<li><a href=\"https:\/\/news.google.com\/rss\/articles\/CBMi1wFBVV95cUxQX254TjNobWRwR0hNNjBOdTEyR2xadHh2X0NGdHpTNGhqbnV6NnZJQVZsZlF2d09qczJmclJnNXZneDhDRmpJY2lpZnFNSGJ6eHRqNXRkX0o1ZUR6YlpSUDFkTE4ta2o4TW41eDFKRnhXNk9IdWpVUl8yQ2RMLWVtQnBWODdLSy0xQnNqTmpGVDY2R29lRTIyRDV4TDBybHZ6NEpqNXhWWUhYXzl1WkhHaTdVekloeXhrMHdNT051d04xcTRFZUEwaTctVEZVd0E0bU9Zb2diUdIB3AFBVV95cUxQNFpGaXN2d2xVMlJ0WC1jU043SkVoeU5WNEFXRW41c0xjTG9hdzNKbjZlak1qMUhWeTFnZGtlVEtJaGtEREtzRFkydlIwMXQzVWo0WGxNLXFTRkdXMzlCUFMxRkpxcXg3ZTRZczQyTDNtZy1OODdWSktLQmhHYV9MVWRHc2NuS0FzZW5YcGRHaURSNEtVX1VHNVlnWjN2UngwdzJjd0VLVkppMEQxRVlrR2FTOUk5ZE83SzFnNllmVDczQktaX1gtT3ZwU1FzWFlsVllsS1JEelFPWWl5?oc=5\" target=\"_blank\" rel=\"nofollow noopener\">La dr\u00e1stica decisi\u00f3n de Jack Doohan mientras crecen los rumores de que Franco Colapinto seguir\u00e1 en Alpine<\/a>&nbsp;&nbsp;La Gaceta<\/li>\n<li><a href=\"https:\/\/news.google.com\/rss\/articles\/CBMi0gFBVV95cUxPZldob1hYQ3hhUE5aLUEwV3FqbFRIak93X2F4LWJJeE5PQU9qalFLTGJnT09Fb0RiRGsxb0xubGU4RW8wTkdFUEhMT0lrUC05cFE5dmo2akNJZkZDNmNhYno4RmxLSDBMOXBxZ0pvc2JCZmxpQUF6WHo2U2tTSWVtQjc0Q0dnV3pSclBEV0lZdVpxeTZQME52M3RYWC1QZW1qbUhoZWQ5UTExVVJnUnU5THBNZXY3Q18wZ3djR1V1WXh0Ykh2WHZQU1JRWGM2c2E3Tnc?oc=5\" target=\"_blank\" rel=\"nofollow noopener\">\u00ab\u00a1Pausa!\u00bb: Un exjefe de una escuder\u00eda de la F\u00f3rmula 1 fren\u00f3 a un periodista y banc\u00f3 a Franco Colapinto<\/a>&nbsp;&nbsp;TyC Sports<\/li>\n<\/ol>\n","protected":false},"excerpt":{"rendered":"Ultima Vuelta&nbsp;&nbsp;Ultima Vuelta El alentador pron\u00f3stico de Guenther Steiner sobre el futuro de Franco Colapinto para seguir con&hellip;\n","protected":false},"author":2,"featured_media":141442,"comment_status":"","ping_status":"","sticky":false,"template":"","format":"standard","meta":{"footnotes":""},"categories":[270],"tags":[168,25,24,306,271,272,23,167],"class_list":{"0":"post-141441","1":"post","2":"type-post","3":"status-publish","4":"format-standard","5":"has-post-thumbnail","7":"category-formula-1","8":"tag-deportes","9":"tag-es","10":"tag-espana","11":"tag-f1","12":"tag-formula-1","13":"tag-formula1","14":"tag-spain","15":"tag-sports"},"share_on_mastodon":{"url":"","error":""},"_links":{"self":[{"href":"https:\/\/www.europesays.com\/es\/wp-json\/wp\/v2\/posts\/141441","targetHints":{"allow":["GET"]}}],"collection":[{"href":"https:\/\/www.europesays.com\/es\/wp-json\/wp\/v2\/posts"}],"about":[{"href":"https:\/\/www.europesays.com\/es\/wp-json\/wp\/v2\/types\/post"}],"author":[{"embeddable":true,"href":"https:\/\/www.europesays.com\/es\/wp-json\/wp\/v2\/users\/2"}],"replies":[{"embeddable":true,"href":"https:\/\/www.europesays.com\/es\/wp-json\/wp\/v2\/comments?post=141441"}],"version-history":[{"count":0,"href":"https:\/\/www.europesays.com\/es\/wp-json\/wp\/v2\/posts\/141441\/revisions"}],"wp:featuredmedia":[{"embeddable":true,"href":"https:\/\/www.europesays.com\/es\/wp-json\/wp\/v2\/media\/141442"}],"wp:attachment":[{"href":"https:\/\/www.europesays.com\/es\/wp-json\/wp\/v2\/media?parent=141441"}],"wp:term":[{"taxonomy":"category","embeddable":true,"href":"https:\/\/www.europesays.com\/es\/wp-json\/wp\/v2\/categories?post=141441"},{"taxonomy":"post_tag","embeddable":true,"href":"https:\/\/www.europesays.com\/es\/wp-json\/wp\/v2\/tags?post=141441"}],"curies":[{"name":"wp","href":"https:\/\/api.w.org\/{rel}","templated":true}]}}