{"id":141445,"date":"2025-09-27T02:54:08","date_gmt":"2025-09-27T02:54:08","guid":{"rendered":"https:\/\/www.europesays.com\/es\/141445\/"},"modified":"2025-09-27T02:54:08","modified_gmt":"2025-09-27T02:54:08","slug":"a-las-6-00-estare-trabajando-en-la-ciudad-deportiva","status":"publish","type":"post","link":"https:\/\/www.europesays.com\/es\/141445\/","title":{"rendered":"A las 6.00 estar\u00e9 trabajando en la Ciudad Deportiva"},"content":{"rendered":"<p class=\"paragraph\">El rostro de Gabi Fern\u00e1ndez era otro este viernes en la rueda de prensa de Mendizorroza. <b>El entrenador sab\u00eda que muchos focos miraban al banquillo<\/b>, por lo que la victoria le dio justamente el aire que necesitaba. El entrenador madrile\u00f1o se mostr\u00f3 contento con su equipo y convencido de que el resultado en Vitoria es la consecuencia del buen trabajo realizado en las semanas previas, que hasta ahora no hab\u00eda encontrado premio.<\/p>\n<p class=\"paragraph\">\u00abCuando no llegan los resultados las sensaciones que dejan los partidos son otras. Pero estaba muy tranquilo. Si no llegan las victorias no puedes decir nada, pero ahora ha llegado&#8230; Los chicos se merec\u00edan la victoria\u00bb, dijo en la sala de prensa. Gabi se\u00f1al\u00f3 que el vestuario estaba \u00abmuy feliz\u00bb, por el triunfo, aunque para \u00e9l <b>\u00abno cambia nada en cuanto al trabajo que vamos a hacer\u00bb<\/b>. \u00abMa\u00f1ana estar\u00e9 a las 6.00 en la Ciudad Deportiva, trabajando&#8230; Ellos se merec\u00edan esto, gracias al juego que han hecho hemos logrado la victoria\u00bb.<\/p>\n<p class=\"paragraph\">Los siete cambios realizados, y el rendimiento que dieron, demuestra a Gabi que \u00abtenemos una plantilla amplia y que todos tienen que estar prearados\u00bb. \u00abHoy he hecho siete cambios y han respondido todos, tenemos dos jugadores por puesto y cualquier puede jugar\u00bb, se\u00f1al\u00f3.\u00a0<\/p>\n<p class=\"paragraph\">Sobre Andrada y Tachi, debutantes en el Real Zaragoza, Gabi dijo que le han dado al equipo<b> \u00abjerarqu\u00eda y ese poso que no hemos tenido otros d\u00edas\u00bb<\/b>. \u00abA partir de ah\u00ed el equipo crece, hemos ganado un poso que para los equipos que no van bien es necesario\u00bb. Tambi\u00e9n tuvo elogios para Marcos Cuenca, otra de las grandes novedades del d\u00eda: \u00abSe lo viene currando mucho tiempo, si le ves entrenar se te pone la piel de gallina. Cuando ves entrenar as\u00ed a un jugador, cuando ves que levanta las orejas cuando el m\u00edster habla&#8230; hay que darle oportunidades\u00bb.\u00a0<\/p>\n<p class=\"paragraph\">Por \u00faltimo, valor\u00f3 que el nuevo sistema les permiti\u00f3 ganar el centro del campo: \u00abEl plan de partido ha salido perfecto\u00bb, sentenci\u00f3.<\/p>\n","protected":false},"excerpt":{"rendered":"El rostro de Gabi Fern\u00e1ndez era otro este viernes en la rueda de prensa de Mendizorroza. El entrenador&hellip;\n","protected":false},"author":2,"featured_media":141446,"comment_status":"","ping_status":"","sticky":false,"template":"","format":"standard","meta":{"footnotes":""},"categories":[268],"tags":[168,7963,2226,25,24,10994,280,282,281,23,167,9161,491],"class_list":{"0":"post-141445","1":"post","2":"type-post","3":"status-publish","4":"format-standard","5":"has-post-thumbnail","7":"category-futbol","8":"tag-deportes","9":"tag-deportiva","10":"tag-entrenador","11":"tag-es","12":"tag-espana","13":"tag-fernandez","14":"tag-football","15":"tag-futbol","16":"tag-soccer","17":"tag-spain","18":"tag-sports","19":"tag-trabajando","20":"tag-zaragoza"},"share_on_mastodon":{"url":"","error":""},"_links":{"self":[{"href":"https:\/\/www.europesays.com\/es\/wp-json\/wp\/v2\/posts\/141445","targetHints":{"allow":["GET"]}}],"collection":[{"href":"https:\/\/www.europesays.com\/es\/wp-json\/wp\/v2\/posts"}],"about":[{"href":"https:\/\/www.europesays.com\/es\/wp-json\/wp\/v2\/types\/post"}],"author":[{"embeddable":true,"href":"https:\/\/www.europesays.com\/es\/wp-json\/wp\/v2\/users\/2"}],"replies":[{"embeddable":true,"href":"https:\/\/www.europesays.com\/es\/wp-json\/wp\/v2\/comments?post=141445"}],"version-history":[{"count":0,"href":"https:\/\/www.europesays.com\/es\/wp-json\/wp\/v2\/posts\/141445\/revisions"}],"wp:featuredmedia":[{"embeddable":true,"href":"https:\/\/www.europesays.com\/es\/wp-json\/wp\/v2\/media\/141446"}],"wp:attachment":[{"href":"https:\/\/www.europesays.com\/es\/wp-json\/wp\/v2\/media?parent=141445"}],"wp:term":[{"taxonomy":"category","embeddable":true,"href":"https:\/\/www.europesays.com\/es\/wp-json\/wp\/v2\/categories?post=141445"},{"taxonomy":"post_tag","embeddable":true,"href":"https:\/\/www.europesays.com\/es\/wp-json\/wp\/v2\/tags?post=141445"}],"curies":[{"name":"wp","href":"https:\/\/api.w.org\/{rel}","templated":true}]}}