{"id":141458,"date":"2025-09-27T03:07:22","date_gmt":"2025-09-27T03:07:22","guid":{"rendered":"https:\/\/www.europesays.com\/es\/141458\/"},"modified":"2025-09-27T03:07:22","modified_gmt":"2025-09-27T03:07:22","slug":"la-implacable-respuesta-de-yolanda-diaz-a-garamendi-por-su-polemico-comentario-sobre-las-375-horas-de-trabajo","status":"publish","type":"post","link":"https:\/\/www.europesays.com\/es\/141458\/","title":{"rendered":"La implacable respuesta de Yolanda D\u00edaz a Garamendi por su pol\u00e9mico comentario sobre las 37,5 horas de trabajo"},"content":{"rendered":"<p>La vicepresidenta segunda del Gobierno, Yolanda D\u00edaz, ha dicho este viernes que el presidente de la CEOE, Antonio Garamendi, que ha acusado al Ministerio de Trabajo de romper el di\u00e1logo social al tratar de sacar adelante un cambio del registro horario despu\u00e9s de que las Cortes rechazaran la reducci\u00f3n de la jornada laboral, <b>\u00abno sabe lo que es trabajar 40 horas a la semana\u00bb.<\/b><\/p>\n<p>En declaraciones a la prensa con motivo de un acto en Ferrol para asistir a la inauguraci\u00f3n del renovado edificio sindical que compartir\u00e1n CCOO y UGT en su ciudad, D\u00edaz ha anunciado que el pr\u00f3ximo martes iniciar\u00e1 la tramitaci\u00f3n por v\u00eda de urgencia de la regulaci\u00f3n sobre el control del registro horario y ha avisado de que<b> \u00abno vamos a permitir que una persona que cobra 25 veces el salario m\u00ednimo nos d\u00e9 lecciones\u00bb.<\/b><\/p>\n<p>En su cuenta de Bluesky, D\u00edaz ya hab\u00eda contestado a la intervenci\u00f3n de Garamendi en el Forbes Spain Economic Summit y en particular a su invitaci\u00f3n a \u00abfomentar la cultura del esfuerzo\u00bb vali\u00e9ndose de una comparaci\u00f3n con el tenista Carlos Alcaraz, del que el dirigente empresarial dijo rotundamente que no trabaja 37 horas y media semanales.<\/p>\n<p><img decoding=\"async\" loading=\"lazy\" src=\"https:\/\/img2.huffingtonpost.es\/files\/image_720\/uploads\/2025\/09\/26\/comentario-de-yolanda-diaz-sobre-las-palabras-de-garamendi.jpeg\" width=\"720\" height=\"0\"  data-full-src=\"https:\/\/www.europesays.com\/es\/wp-content\/uploads\/2025\/09\/comentario-de-yolanda-diaz-sobre-las-palabras-de-garamendi.jpeg\" \/><\/p>\n<p>            \u00a0<\/p>\n<p>        Comentario de Yolanda D\u00edaz sobre las palabras de Garamendi<\/p>\n<p>En esa red, la ministra escribi\u00f3: <b>\u00abNo todo el mundo puede ser tenista profesional o ganar 25 salarios m\u00ednimos al mes como gana Garamendi. Nosotros no defendemos la cultura del sufrimiento, sino la del reparto del tiempo.<\/b> Que lo vayan asumiendo\u00bb.<\/p>\n<p>\u00abAlcaraz no es la mayor\u00eda social de este pa\u00eds\u00bb, ha insistido tambi\u00e9n D\u00edaz en sus palabras a los medios de comunicaci\u00f3n en su ciudad natal.<\/p>\n<p>Rebajar la jornada semanal a 37,5 horas es una apuesta que, seg\u00fan D\u00edaz, se va a \u00abganar\u00bb por parte del Gobierno, b\u00e1sicamente porque la \u00abfuerza de la raz\u00f3n es imparable\u00bb.<\/p>\n<p>D\u00edaz ha recordado al hilo de esta observaci\u00f3n que el fundador de PSOE y UGT, el tambi\u00e9n ferrolano Pablo Iglesias, encabez\u00f3 la \u00abprimera manifestaci\u00f3n\u00bb para reducir la jornada laboral diaria a 8 horas en el inicio del siglo XX.<\/p>\n<p>Sobre el reciente debate parlamentario en torno a esta cuesti\u00f3n, ha precisado que sali\u00f3 \u00abderrotada de esa votaci\u00f3n\u00bb, pero ha matizado que<b> los dirigentes del PP ten\u00edan \u00abcaras de p\u00e9same\u00bb <\/b>en lugar de estar \u00abcontentos\u00bb al opinar que eran conocedores de que hab\u00edan \u00ababofeteado a 12,5 millones de trabajadores\u00bb.<\/p>\n<p>D\u00edaz ha garantizado que la semana pr\u00f3xima ser\u00e1 el momento de la tramitaci\u00f3n por la v\u00eda de urgencia de la regulaci\u00f3n sobre el control del registro horario tras el rechazo parlamentario al plan de reducci\u00f3n de la jornada laboral lanzado por su \u00e1rea.<\/p>\n<p>Esta iniciativa \u00abera la pieza que no quer\u00eda Garamendi\u00bb, ha destacado, en referencia al presidente de la CEOE y en aras de evitar el \u00abexceso de horas extra\u00bb por parte de los trabajadores espa\u00f1oles.<\/p>\n<p>\u00abNo se dieron cuenta de que esa norma no tiene rango de ley\u00bb, ha concluido la representante de Sumar, que ha recordado que los l\u00edderes de CCOO y UGT le pidieron que se \u00absegregara\u00bb esta medida del proyecto general para rebajar a 37,5 horas la jornada laboral semanal.<\/p>\n","protected":false},"excerpt":{"rendered":"La vicepresidenta segunda del Gobierno, Yolanda D\u00edaz, ha dicho este viernes que el presidente de la CEOE, Antonio&hellip;\n","protected":false},"author":2,"featured_media":141459,"comment_status":"","ping_status":"","sticky":false,"template":"","format":"standard","meta":{"footnotes":""},"categories":[8],"tags":[43887,17,18,25,24,13,14,11,19,20,9,10,15,16,23,12,21,22,4454],"class_list":{"0":"post-141458","1":"post","2":"type-post","3":"status-publish","4":"format-standard","5":"has-post-thumbnail","7":"category-espana","8":"tag-antonio-garamendi","9":"tag-breaking-news","10":"tag-breakingnews","11":"tag-es","12":"tag-espana","13":"tag-featured-news","14":"tag-featurednews","15":"tag-headlines","16":"tag-latest-news","17":"tag-latestnews","18":"tag-news","19":"tag-noticias","20":"tag-noticias-destacadas","21":"tag-noticiasdestacadas","22":"tag-spain","23":"tag-titulares","24":"tag-ultimas-noticias","25":"tag-ultimasnoticias","26":"tag-yolanda-diaz"},"share_on_mastodon":{"url":"","error":""},"_links":{"self":[{"href":"https:\/\/www.europesays.com\/es\/wp-json\/wp\/v2\/posts\/141458","targetHints":{"allow":["GET"]}}],"collection":[{"href":"https:\/\/www.europesays.com\/es\/wp-json\/wp\/v2\/posts"}],"about":[{"href":"https:\/\/www.europesays.com\/es\/wp-json\/wp\/v2\/types\/post"}],"author":[{"embeddable":true,"href":"https:\/\/www.europesays.com\/es\/wp-json\/wp\/v2\/users\/2"}],"replies":[{"embeddable":true,"href":"https:\/\/www.europesays.com\/es\/wp-json\/wp\/v2\/comments?post=141458"}],"version-history":[{"count":0,"href":"https:\/\/www.europesays.com\/es\/wp-json\/wp\/v2\/posts\/141458\/revisions"}],"wp:featuredmedia":[{"embeddable":true,"href":"https:\/\/www.europesays.com\/es\/wp-json\/wp\/v2\/media\/141459"}],"wp:attachment":[{"href":"https:\/\/www.europesays.com\/es\/wp-json\/wp\/v2\/media?parent=141458"}],"wp:term":[{"taxonomy":"category","embeddable":true,"href":"https:\/\/www.europesays.com\/es\/wp-json\/wp\/v2\/categories?post=141458"},{"taxonomy":"post_tag","embeddable":true,"href":"https:\/\/www.europesays.com\/es\/wp-json\/wp\/v2\/tags?post=141458"}],"curies":[{"name":"wp","href":"https:\/\/api.w.org\/{rel}","templated":true}]}}