{"id":141461,"date":"2025-09-27T03:14:11","date_gmt":"2025-09-27T03:14:11","guid":{"rendered":"https:\/\/www.europesays.com\/es\/141461\/"},"modified":"2025-09-27T03:14:11","modified_gmt":"2025-09-27T03:14:11","slug":"llega-pulmon-de-acero-2025-tods-contra-klimatiza-orbea-y-natalia-fischer-en-el-10o-aniversario-de-la-prueba-esmtb-com","status":"publish","type":"post","link":"https:\/\/www.europesays.com\/es\/141461\/","title":{"rendered":"Llega Pulm\u00f3n de Acero 2025: tod@s contra Klimatiza Orbea y Natalia Fischer en el 10\u00ba aniversario de la prueba &#8211; ESMTB.com"},"content":{"rendered":"<ol>\n<li><a href=\"https:\/\/news.google.com\/rss\/articles\/CBMixAFBVV95cUxPN3FydHZmYjdkNk9MUnhFeFFGeVR4WTdIRzkzdXIyMDBmdUJWbzNKbUtGRUNuVnlUMHl1SWE0dHFBVjE4SEt0bzF3MlRRYVRaWG1oaDh0S2lXSFpEaWhxOEZOYWJZbnlvdnVWZmJqN0t5a3Q3ZWpXMWlVNFVucU9rVFRucFVHdzFSN3F5aGtDZFZ2VXkzd2tmOFk0S3MwUGxJZnBFWll6RVZTaWwxVGVRWU95TFVRNTBLVVZLaTRoZWtxcE5M?oc=5\" target=\"_blank\" rel=\"nofollow noopener\">Llega Pulm\u00f3n de Acero 2025: tod@s contra Klimatiza Orbea y Natalia Fischer en el 10\u00ba aniversario de la prueba<\/a>&nbsp;&nbsp;ESMTB.com<\/li>\n<li><a href=\"https:\/\/news.google.com\/rss\/articles\/CBMiywFBVV95cUxOaXFlSWNodU9IaE5ScVNEbGF6VE5oRjJVODR0Wk1UN0RYZzUxYW8yYzAzMTZSODdxek1QNDMxZG5LQ2d6Sl9zZGdrMlV5aUVZajBnZXNfUGRFWjBoaDdDdGUyS2VZTFpQbnhqeUlCOGtJSGd1Qk83dHFGQ05nQV96N1F3d3k2c3lIUVE3TldHTXpmODRuakRIRVc4T2otT1R6bHN4cU85d090X0xKcDNxZkQ3YjlNUUJSQmluZ0Y5YmdQU3ZwbjZfYlFESQ?oc=5\" target=\"_blank\" rel=\"nofollow noopener\">Barakaldo acoge este s\u00e1bado la \u00fanica prueba internacional de mountain bike de Euskadi en categor\u00eda marat\u00f3n<\/a>&nbsp;&nbsp;El Correo<\/li>\n<li><a href=\"https:\/\/news.google.com\/rss\/articles\/CBMilgFBVV95cUxOU0lwXy10NEpfeTZidjlENFI5alZhLUdNcVRWNm9oVnNOdW9FZUVPeEd4VS1hVmpVUUJTMk1hM0pfRWw0UGJlVl9sV1hHa1FxVVZYMHMtZ1ZpT1laUjlNT1J3TTBCTXJ1UGhXd0RkUDEybV9Vc19zV2xWV2RCczFjc2N4WmpiWjFKQWdCbmVXUm5EcElGNXc?oc=5\" target=\"_blank\" rel=\"nofollow noopener\">Pulm\u00f3n de Acero: 10 a\u00f1os proyectando el nombre de Barakaldo en el exterior<\/a>&nbsp;&nbsp;tele7.tv<\/li>\n<li><a href=\"https:\/\/news.google.com\/rss\/articles\/CBMilAFBVV95cUxPbUkyeEc4LXZPNkdPZ241UjNkZ2UtZGlQTHpWU0Y1V05ndl9Rdnp4aHdBczM2cndmaVM1eUpzVkZGa0xubWpKNERGRGV6cHhrdGpSTGp6dlNmRzNpdXloSVNUZ2hDcDNaeHFXeml0Zk9qSTRZMTd2b0pZelBYVEZVdTFaMnp1MUZuYlc1S2F4emp6SkpK0gGaAUFVX3lxTE5weXc5dUhITmx3MC1HSXE4QlRyXzF0STZNellWTU96ZzVOZGhxNEQzczFmbDh1X0llOFdNN1lScXZVVVowRjlGbDl6eXRBeURLbUlMSzBkRE9Ncm1sUXpTR1RUb2tDbkM2V09XNFVDT3lIZEM3NERGc0RyUE1BUGFyNGhlWWp1Y2p5SkJVai1qYzRZcmZQOHBDcFE?oc=5\" target=\"_blank\" rel=\"nofollow noopener\">Pulm\u00f3n de Acero reunir\u00e1 este s\u00e1bado a 700 ciclistas en los montes de Barakaldo<\/a>&nbsp;&nbsp;Deia<\/li>\n<li><a href=\"https:\/\/news.google.com\/rss\/articles\/CBMisgFBVV95cUxONV9KRFc2VjRyLTdTZnRXdUlvclVJejN0dVJWa0p0WWx1SmRSOHlKeTM4Wk1Ic3dRR3phV1I1Tm9tUkZQU2treU4xcHBaOTZVeGdSOWk1aHlHZHFpemI1eVlyc2QtTEJrT0ZxbXhMRGMtS1ZOS0otS3ItWEZxbmJZWEpuMXk4bk9HUllDOFlTYjc1TUhvdVpqTW56NlBWeV9KNkhlTlJtZG1BT2RCRXI2X2dB0gG3AUFVX3lxTE9DaHJ2QjRTMXNXM1ctYVZwSXlPc1NuOXBaSmFiSGRZQUFHc3RINGpTLXJkSUdjMmVjVEJBWG9kbS00eG5jZ29md3VfQVVGWUFUcHYtcFVwSzBsNy0zdHBUb1ZzY1h3U3BOcmV3ck8tQUJjUlNLdVF5UUVQck1HdkFrUHp2OXN5aDRCRXpzSXczWXlnYlU2cC1lb3JYdnZFVDY0cC1TcmxGenBEMzlzYVNVM2ZaNGtHUQ?oc=5\" target=\"_blank\" rel=\"nofollow noopener\">Llega a Barakaldo la 10\u00aa edici\u00f3n de &#8216;Pulm\u00f3n de acero&#8217;<\/a>&nbsp;&nbsp;enBarakaldo.com<\/li>\n<\/ol>\n","protected":false},"excerpt":{"rendered":"Llega Pulm\u00f3n de Acero 2025: tod@s contra Klimatiza Orbea y Natalia Fischer en el 10\u00ba aniversario de la&hellip;\n","protected":false},"author":2,"featured_media":141462,"comment_status":"","ping_status":"","sticky":false,"template":"","format":"standard","meta":{"footnotes":""},"categories":[273],"tags":[313,312,168,25,24,43993,23,167],"class_list":{"0":"post-141461","1":"post","2":"type-post","3":"status-publish","4":"format-standard","5":"has-post-thumbnail","7":"category-ciclismo","8":"tag-ciclismo","9":"tag-cycling","10":"tag-deportes","11":"tag-es","12":"tag-espana","13":"tag-pulmon-de-acero","14":"tag-spain","15":"tag-sports"},"share_on_mastodon":{"url":"","error":""},"_links":{"self":[{"href":"https:\/\/www.europesays.com\/es\/wp-json\/wp\/v2\/posts\/141461","targetHints":{"allow":["GET"]}}],"collection":[{"href":"https:\/\/www.europesays.com\/es\/wp-json\/wp\/v2\/posts"}],"about":[{"href":"https:\/\/www.europesays.com\/es\/wp-json\/wp\/v2\/types\/post"}],"author":[{"embeddable":true,"href":"https:\/\/www.europesays.com\/es\/wp-json\/wp\/v2\/users\/2"}],"replies":[{"embeddable":true,"href":"https:\/\/www.europesays.com\/es\/wp-json\/wp\/v2\/comments?post=141461"}],"version-history":[{"count":0,"href":"https:\/\/www.europesays.com\/es\/wp-json\/wp\/v2\/posts\/141461\/revisions"}],"wp:featuredmedia":[{"embeddable":true,"href":"https:\/\/www.europesays.com\/es\/wp-json\/wp\/v2\/media\/141462"}],"wp:attachment":[{"href":"https:\/\/www.europesays.com\/es\/wp-json\/wp\/v2\/media?parent=141461"}],"wp:term":[{"taxonomy":"category","embeddable":true,"href":"https:\/\/www.europesays.com\/es\/wp-json\/wp\/v2\/categories?post=141461"},{"taxonomy":"post_tag","embeddable":true,"href":"https:\/\/www.europesays.com\/es\/wp-json\/wp\/v2\/tags?post=141461"}],"curies":[{"name":"wp","href":"https:\/\/api.w.org\/{rel}","templated":true}]}}