{"id":141465,"date":"2025-09-27T03:17:14","date_gmt":"2025-09-27T03:17:14","guid":{"rendered":"https:\/\/www.europesays.com\/es\/141465\/"},"modified":"2025-09-27T03:17:14","modified_gmt":"2025-09-27T03:17:14","slug":"la-fifa-sanciona-a-garces-con-doce-meses-sin-participar-en-todo-tipo-de-actividades-relacionadas-con-el-futbol","status":"publish","type":"post","link":"https:\/\/www.europesays.com\/es\/141465\/","title":{"rendered":"La FIFA sanciona a Garc\u00e9s con \u00abdoce meses sin participar en todo tipo de actividades relacionadas con el f\u00fatbol\u00bb"},"content":{"rendered":"<p>\n        L<strong>a Comisi\u00f3n Disciplinaria de la FIFA<\/strong> ha hecho p\u00fablica este viernes una de las resoluciones <strong>m\u00e1s severas<\/strong> de los \u00faltimos meses: siete jugadores, entre ellos el defensor del Deportivo Alav\u00e9s <strong>Facundo Garc\u00e9s<\/strong>, han sido sancionados con <strong>un a\u00f1o de inhabilitaci\u00f3n en \u00abcualquier tipo de actividades relacionadas con el f\u00fatbol\u00bb <\/strong>por emplear <strong>documentaci\u00f3n falsa<\/strong> para representar a la selecci\u00f3n de <strong>Malasia<\/strong>.\n<\/p>\n<p>            <a href=\"https:\/\/www.noticiasdealava.eus\/alaves\/2025\/09\/26\/coudet-mallorca-alaves-inicio-arma-10134842.html\" title=\"Coudet, antes del Mallorca-Alav\u00e9s: &quot;Su inicio es un arma de doble filo&quot;\" class=\"new__media\" rel=\"nofollow noopener\" target=\"_blank\"><\/p>\n<p>                <img alt=\"Coudet, antes del Mallorca-Alav\u00e9s: &quot;Su inicio es un arma de doble filo&quot;\" data-src=\"https:\/\/www.europesays.com\/es\/wp-content\/uploads\/2025\/09\/19b6a780-28fb-44f1-8174-fd1aa2411396_16-9-aspect-ratio_default_0.jpg\" class=\"lozad\"\/><\/p>\n<p>        <\/a><\/p>\n<p>        <a href=\"https:\/\/www.noticiasdealava.eus\/alaves\/2025\/09\/26\/coudet-mallorca-alaves-inicio-arma-10134842.html\" title=\"Coudet, antes del Mallorca-Alav\u00e9s: &quot;Su inicio es un arma de doble filo&quot;\" class=\"new__headline\" rel=\"nofollow noopener\" target=\"_blank\"><br \/>\n            Coudet, antes del Mallorca-Alav\u00e9s: \u00abSu inicio es un arma de doble filo\u00bb<br \/>\n        <\/a><\/p>\n<p class=\"article-body__text \">\n        Una vez p\u00fablico el comunicado, <strong>que ha pillado por sorpresa del club babazorro<\/strong>, el departamento legal de este ha iniciado un profundo proceso de <strong>recopilaci\u00f3n de informaci\u00f3n<\/strong> para esclarecer lo sucedido, transmitiendo <strong>calma y cautela <\/strong>dentro del inevitable caos generado. Adem\u00e1s, se ha informado a los medios que <strong>ni Garc\u00e9s ni la propia entidad albiazul ha recibido notificaci\u00f3n oficial<\/strong> por parte de la FIFA.\n<\/p>\n<p class=\"article-body__text \">\n        El <strong>caso estall\u00f3 <\/strong>a ra\u00edz del encuentro que el combinado malayo disput\u00f3 <strong>frente a Vietnam el pasado 10 de junio<\/strong>, en la tercera ronda de clasificaci\u00f3n para la <strong>Copa Asi\u00e1tica de 2027<\/strong>. Garc\u00e9s fue uno de los futbolistas alineados en aquel partido pese a que \u00ab<strong>no cumpl\u00eda con los criterios de elegibilidad\u00bb<\/strong>. La denuncia presentada posteriormente forz\u00f3 a la patronal a abrir un expediente que <strong>ahora se ha resuelto.<\/strong>\n<\/p>\n<p><strong>LA FEDERACI\u00d3N MALAYA ANUNCIA QUE PRESENTAR\u00c1 ALEGACIONES<\/strong><\/p>\n<p>Poco despu\u00e9s de hacerse oficial la sanci\u00f3n de la FIFA, la<strong> Federaci\u00f3n Malaya de F\u00fatbol <\/strong>ha trasladado un comunicado avanzando su intenci\u00f3n <strong>de presentar recurso<\/strong> en defensa tanto de la propia organizaci\u00f3n como de los futbolistas afectados: \u00abFAM desea enfatizar que los jugadores involucrados y la propia FAM <strong style=\"color: rgb(32, 32, 32);\">han actuado con buena fe<\/strong> y total transparencia durante todo este proceso\u00bb. Asimismo, la FAM afirma que todos los documentos fueron presentados<strong style=\"color: rgb(32, 32, 32);\"> \u00abconforme a las directrices establecidas\u00bb<\/strong> y que \u00abla FIFA examin\u00f3 previamente <strong style=\"color: rgb(32, 32, 32);\">la elegibilidad de dichos jugadores<\/strong> y emiti\u00f3 una confirmaci\u00f3n oficial de que estaban autorizados para <strong style=\"color: rgb(32, 32, 32);\">representar a Malasia<\/strong>\u00ab. <\/p>\n<p class=\"article-body__text \">\n        El comunicado comienza<strong> avisando de varias multas econ\u00f3micas<\/strong>, tanto para la Federaci\u00f3n de Malasia como para los futbolistas implicados, que no hubieran supuesto ning\u00fan problema. Pero<strong> el ep\u00edgrafe siguiente es demoledor<\/strong>: \u00abA los jugadores mencionados se les impondr\u00e1 asimismo <strong>una sanci\u00f3n de doce meses<\/strong> de inhabilitaci\u00f3n para participar en todo tipo de actividades relacionadas con el f\u00fatbol, que<strong> se har\u00e1 efectiva a partir de la fecha de la notificaci\u00f3n de la decisi\u00f3n<\/strong>\u00ab.\n<\/p>\n<p class=\"article-photo__footer\">\n            Facundo Garc\u00e9s contempla con atenci\u00f3n un pase de Antonio Blanco durante el partido frente al Atl\u00e9tico.                    <\/p>\n<p class=\"article-body__text \">\n        Una notificaci\u00f3n que llega, adem\u00e1s, mientras el Alav\u00e9s<strong> est\u00e1 viajando a tierras baleares<\/strong> para, ya ma\u00f1ana por la tarde (18.30 horas), <strong>enfrentarse al Mallorca <\/strong>en el partido correspondiente a la s\u00e9ptima jornada de <strong>LALIGA<\/strong>. Contienda en la que, por tanto, Garc\u00e9s <strong>no podr\u00e1 participar. <\/strong>Y, salvo soluci\u00f3n a contrarreloj -si es que la hay-, tampoco llegar\u00eda al duelo ante el Elche en <strong>Mendizorroza<\/strong>. El central argentino <strong>dispone de diez d\u00edas<\/strong> para recurrir a la sanci\u00f3n.\n<\/p>\n<p class=\"article-body__text \">\n        Aparte de Garc\u00e9s, los otros seis futbolistas a los que ha inhabilitado la FIFA son <strong>Gabriel Felipe Arrocha<\/strong> (Unionistas)<strong>, Rodrigo Juli\u00e1n Holgado <\/strong>(CD Am\u00e9rica)<strong>, Imanol Javier Machuca <\/strong>(V\u00e9lez Sarsfield)<strong>, Jo\u00e3o Vitor Brand\u00e3o Figueiredo (Johor DT), Jon Iraz\u00e1bal Iraurgui (Johor DT) y Hector Alejandro Hevel Serrano <\/strong>(Johor DT).\n<\/p>\n<p>            <a href=\"https:\/\/www.noticiasdealava.eus\/alaves\/2025\/09\/26\/aguas-revueltas-son-moix-10130034.html\" title=\"Aguas revueltas en Son Moix\" class=\"new__media\" rel=\"nofollow noopener\" target=\"_blank\"><\/p>\n<p>                <img alt=\"Aguas revueltas en Son Moix\" data-src=\"https:\/\/www.europesays.com\/es\/wp-content\/uploads\/2025\/09\/e1b45eeb-25b3-4e33-a498-733987b582a5_16-9-aspect-ratio_default_0_x985y664.jpg\" class=\"lozad\"\/><\/p>\n<p>        <\/a><\/p>\n<p>        <a href=\"https:\/\/www.noticiasdealava.eus\/alaves\/2025\/09\/26\/aguas-revueltas-son-moix-10130034.html\" title=\"Aguas revueltas en Son Moix\" class=\"new__headline\" rel=\"nofollow noopener\" target=\"_blank\"><br \/>\n            Aguas revueltas en Son Moix<br \/>\n        <\/a><\/p>\n<p>  UN FUTURO INCIERTO<\/p>\n<p class=\"article-body__text \">\n        Esta sanci\u00f3n, que no es ninguna propuesta,<strong> es ya una realidad<\/strong>, llega en el mejor momento futbol\u00edstico de Garc\u00e9s. Se hab\u00eda adaptado ya a Europa, <strong>era titular indiscutible <\/strong>en la retaguardia del Alav\u00e9s y <strong>un capit\u00e1n general <\/strong>dentro del vestuario babazorro. Hombre de confianza de <strong>Eduardo Coudet<\/strong>.\n<\/p>\n<p class=\"article-body__text \">\n        Desde que <strong>lleg\u00f3 en enero a Vitoria-Gasteiz<\/strong>, el argentino hab\u00eda defendido la zamarra del Glorioso en <strong>15 ocasiones<\/strong>, todas ellas en el campeonato liguero. Si no consigue salir de esta encrucijada, perder\u00e1 otro a\u00f1o de su carrera &#8211;<strong>ya ech\u00f3 uno por la borda en Col\u00f3n<\/strong>&#8211; y el club babazorro se quedar\u00e1 as\u00ed sin una de las piedras angulares de su proyecto.\n<\/p>\n<p class=\"article-body__text \">\n        Mientras se conoce<strong> el desenlace a esta historia<\/strong>, a la espera del recurso, el Alav\u00e9s se queda<strong> con tres centrales <\/strong>naturales (<strong>Jon Pacheco, Moussa Diarra y Nikola Maras<\/strong>) y dos que pueden ocupar esa demarcaci\u00f3n gracias a su polivalencia (<strong>Tenaglia y Parada<\/strong>). Un golpe <strong>extremadamente duro. <\/strong><\/p>\n","protected":false},"excerpt":{"rendered":"La Comisi\u00f3n Disciplinaria de la FIFA ha hecho p\u00fablica este viernes una de las resoluciones m\u00e1s severas de&hellip;\n","protected":false},"author":2,"featured_media":141466,"comment_status":"","ping_status":"","sticky":false,"template":"","format":"standard","meta":{"footnotes":""},"categories":[268],"tags":[168,2235,25,24,14013,280,282,43915,1140,35766,281,23,167],"class_list":{"0":"post-141465","1":"post","2":"type-post","3":"status-publish","4":"format-standard","5":"has-post-thumbnail","7":"category-futbol","8":"tag-deportes","9":"tag-doce","10":"tag-es","11":"tag-espana","12":"tag-fifa","13":"tag-football","14":"tag-futbol","15":"tag-garces","16":"tag-meses","17":"tag-sanciona","18":"tag-soccer","19":"tag-spain","20":"tag-sports"},"share_on_mastodon":{"url":"","error":""},"_links":{"self":[{"href":"https:\/\/www.europesays.com\/es\/wp-json\/wp\/v2\/posts\/141465","targetHints":{"allow":["GET"]}}],"collection":[{"href":"https:\/\/www.europesays.com\/es\/wp-json\/wp\/v2\/posts"}],"about":[{"href":"https:\/\/www.europesays.com\/es\/wp-json\/wp\/v2\/types\/post"}],"author":[{"embeddable":true,"href":"https:\/\/www.europesays.com\/es\/wp-json\/wp\/v2\/users\/2"}],"replies":[{"embeddable":true,"href":"https:\/\/www.europesays.com\/es\/wp-json\/wp\/v2\/comments?post=141465"}],"version-history":[{"count":0,"href":"https:\/\/www.europesays.com\/es\/wp-json\/wp\/v2\/posts\/141465\/revisions"}],"wp:featuredmedia":[{"embeddable":true,"href":"https:\/\/www.europesays.com\/es\/wp-json\/wp\/v2\/media\/141466"}],"wp:attachment":[{"href":"https:\/\/www.europesays.com\/es\/wp-json\/wp\/v2\/media?parent=141465"}],"wp:term":[{"taxonomy":"category","embeddable":true,"href":"https:\/\/www.europesays.com\/es\/wp-json\/wp\/v2\/categories?post=141465"},{"taxonomy":"post_tag","embeddable":true,"href":"https:\/\/www.europesays.com\/es\/wp-json\/wp\/v2\/tags?post=141465"}],"curies":[{"name":"wp","href":"https:\/\/api.w.org\/{rel}","templated":true}]}}