{"id":141475,"date":"2025-09-27T03:24:13","date_gmt":"2025-09-27T03:24:13","guid":{"rendered":"https:\/\/www.europesays.com\/es\/141475\/"},"modified":"2025-09-27T03:24:13","modified_gmt":"2025-09-27T03:24:13","slug":"votaciones-del-balon-de-oro-dembele-supero-a-lamine-yamal-por-321-puntos-y-recibio-la-maxima-puntuacion-de-73-jurados-el-mundo","status":"publish","type":"post","link":"https:\/\/www.europesays.com\/es\/141475\/","title":{"rendered":"Votaciones del Bal\u00f3n de Oro: Demb\u00e9l\u00e9 super\u00f3 a Lamine Yamal por 321 puntos y recibi\u00f3 la m\u00e1xima puntuaci\u00f3n de 73 jurados &#8211; El Mundo"},"content":{"rendered":"<ol>\n<li><a href=\"https:\/\/news.google.com\/rss\/articles\/CBMihgFBVV95cUxQQ2FSNG9RLUFsZHV0NGNVNFdsN2l3WlVmTVJNR2c2MThXS1gwSXNtODJabzdPZTRWYWxZNWh0a2o0dlkxTWpia0t4N3p6RmdsMWxEaGRyaUowZHo4QTlqVHFtUU95MV9sVlh5c0w3SEtHVGZZWkl3elZieWtBYmdLQndmeE84UQ?oc=5\" target=\"_blank\" rel=\"nofollow noopener\">Votaciones del Bal\u00f3n de Oro: Demb\u00e9l\u00e9 super\u00f3 a Lamine Yamal por 321 puntos y recibi\u00f3 la m\u00e1xima puntuaci\u00f3n de 73 jurados<\/a>&nbsp;&nbsp;El Mundo<\/li>\n<li><a href=\"https:\/\/news.google.com\/rss\/articles\/CBMitgFBVV95cUxOUlMtWXRhLWpYcEp5NlJYZzY0YmNrN0d5Tl9wZlNQREk0eHlNN1N5OXNRT1RGUmtuWmN2alAxRFFVMHdhOGFabmhrRGE1MEI4bm53VXlTZDZHdUp2V1c4dDVYT1NLeHU4MEVqTnI2MlhVckdFM3YxNnZ4N0R5NmxkY2JwU2Rfc2NSbWJmd0oyYTV6U291RHVxVlhITGpvTGFZTzVhMEd3NHMtalBSNGVHUUJZYXh6QdIBygFBVV95cUxOQVd0N2t3Q182NUJ1MDZhNG5WcXZuM3pmUXlMRUk3eC11Y283ZE9XUzZNdEtULWstdDVKU25tVmNDZEZLaDJEaTdMUUlmQkd0d2lIMnNSbHYwbndPY0lqdGxKVktwd1pOZ3lLQ0hFYjhHbFZsRTdJSE81V1YteHJjbVB1ME14QjBWd0ZndkJoOU5hZFNvZnduaTJSQXNFS0ZWVzFLNUxIM2FJMWNCRUx5NUI1a1MxSVZtZ1FfN0lKczJGUFNWRXlRZTJB?oc=5\" target=\"_blank\" rel=\"nofollow noopener\">La goleada de Demb\u00e9l\u00e9 a Lamine Yamal en el Bal\u00f3n de Oro<\/a>&nbsp;&nbsp;La Raz\u00f3n<\/li>\n<li><a href=\"https:\/\/news.google.com\/rss\/articles\/CBMi3AFBVV95cUxPdEZZcEhXcEU0bll6NGk4LXVnUG15REtWa0xtMUxhMmhpZWhyR2p2cVo3MlJMY2Y1TFNPT2U5THJNSmRBZ2pzWXJ2enBWaV9YZGZzcFdDZl9jX1dZOGZ6TmFEd1c3ZnJMblRiaDlmVGZ0T1lxUWJZZTFqMFlHaGNNRUtYRDVBV0hMUFJ2c01CZlNmRXp1WU9iQkp4MjM1TzQ1SVVqV0M4VEVrX0NCc19GaFFjdHBQUWtrbFlSUVBOSmY1bkVvdW01TUNuclE2OGR5V0wya081czJPc0ND0gHiAUFVX3lxTE9PcEFSeWloRDJTWUdWUUQxMk1RMjVGaVpRdUgxYnNCX0V6TEs1SV9abmdvenRVNEw0STdwT3FEeERwRGd3M1RkaTZwV0dNQXZIVFBTZ0lKVGFZYUd5a2NDeGM0ZGJmbjQ0N2IwcjZDdTNDSE96WGJLalV4alRqX2dGVjNOcWxTQTF6cmpyakdBTmhHbkFIVUZ4V09pU3dNbkJBU0xQSzBqb0pySXMxdE5VWlFhMnIyOTZDLUZMWEhDSEpMczNheWx0RUxVS0NMUEZIZDNoUk9ac0tFcy02eVJsSkE?oc=5\" target=\"_blank\" rel=\"nofollow noopener\">El editor jefe de France Football, sobre el Bal\u00f3n de Oro 2025: \u00abNo hubo competencia. Demb\u00e9l\u00e9 gan\u00f3 con claridad\u00bb<\/a>&nbsp;&nbsp;El Confidencial<\/li>\n<li><a href=\"https:\/\/news.google.com\/rss\/articles\/CBMi5wFBVV95cUxOOElhVmNvZXpPYUhndWNCWl8yU0hwQWRoalJwcU9haUFkR0loSkZOeWxrd0lUN2xTUTlBanpoWHBYTXRhdmtIN1lhZE8zbERxWl9rM25NX21UUXdlWUZpN3N4V3RqUzdRS3N2NGNBYmI4dmpHbUpHVTVSR29MWTlhSDNlVUVLdmZYcWlfeXJINlV6ZmMyOVJhMTdwMnFuUndRZnBnOU9yYU01MzF6YUJsM01jWmFMZzJYelVEZXVXZkxHVkU1c3FFdFMwd3pQdm81RnJRM3Foek1iQlpDN2oxZ2tDTVJ3Wk3SAecBQVVfeXFMT2RLQ0JqRWNDbGtValZIeE02NTJVQV9RTzluTnlCQ1lpd3JhV2p6MmxBYTZNQnQ1SGZkV21qeWNZck43MjBoc0Q1SkhmT3l0X1IxTDZxSjdpVGl4eDlwWkE1VmlRVHVGQmlFNXhvTEhrMnpUb3lqbm5JVF8wN0lSZmhleVlUNnJrRWMtUUN6eHBDRUFsRlhSN2N4U0kyVVFPRjZxLUhCelZNUV9aN1NMLXdPX2liVG9panhqOFRzY3NFb255RWRKb0cxN3J0TU1DM2hKek1mQ09sZXBQQW1JYnBBWGxSNjU0?oc=5\" target=\"_blank\" rel=\"nofollow noopener\">La viral reacci\u00f3n de Luis Enrique al reencontrase con Demb\u00e9l\u00e9: \u00ab\u00a1Host***! \u00a1Le Ballon d&#8217;Or!\u00bb<\/a>&nbsp;&nbsp;Antena 3<\/li>\n<li><a href=\"https:\/\/news.google.com\/rss\/articles\/CBMi4gFBVV95cUxNQjFXRGNBYUVXaVhvczZ6NzFsWV9GSkluRkc4LXpmbnNLYmdYMzFOcXBwZ2REMGFjMmczc0pCaktsY05XNmNVWUZxNWhXRk0wN1hUbjlELVRKd2JuS2tDVk5fcElibFcxcUJUX0lmci1FM2c1Z3VGUmJ4VDZDZzZCS1E0R3JybmxFMm14ajRuZktPbUFGTGxoSVJkcnlzMlJwVk9pMHM2MUJSR0hCSDhhekRYZXlaQVIzYm9OWEhFX3BNX3JKWEttMVgzVTVMS0JRNERlZm56bklMUWZkclNjRlV3?oc=5\" target=\"_blank\" rel=\"nofollow noopener\">Las votaciones del Bal\u00f3n de Oro 2025: Lamine Yamal perdi\u00f3 por m\u00e1s de 300 puntos, y Aitana Bonmat\u00ed gan\u00f3 a Mariona por solo 28<\/a>&nbsp;&nbsp;20Minutos<\/li>\n<\/ol>\n","protected":false},"excerpt":{"rendered":"Votaciones del Bal\u00f3n de Oro: Demb\u00e9l\u00e9 super\u00f3 a Lamine Yamal por 321 puntos y recibi\u00f3 la m\u00e1xima puntuaci\u00f3n&hellip;\n","protected":false},"author":2,"featured_media":141476,"comment_status":"","ping_status":"","sticky":false,"template":"","format":"standard","meta":{"footnotes":""},"categories":[93],"tags":[32573,32461,168,7756,25,24,282,16808,23,167],"class_list":{"0":"post-141475","1":"post","2":"type-post","3":"status-publish","4":"format-standard","5":"has-post-thumbnail","7":"category-deportes","8":"tag-articulos-el-mundo","9":"tag-balon-de-oro","10":"tag-deportes","11":"tag-deportes-futbol","12":"tag-es","13":"tag-espana","14":"tag-futbol","15":"tag-ousmane-dembele","16":"tag-spain","17":"tag-sports"},"share_on_mastodon":{"url":"","error":""},"_links":{"self":[{"href":"https:\/\/www.europesays.com\/es\/wp-json\/wp\/v2\/posts\/141475","targetHints":{"allow":["GET"]}}],"collection":[{"href":"https:\/\/www.europesays.com\/es\/wp-json\/wp\/v2\/posts"}],"about":[{"href":"https:\/\/www.europesays.com\/es\/wp-json\/wp\/v2\/types\/post"}],"author":[{"embeddable":true,"href":"https:\/\/www.europesays.com\/es\/wp-json\/wp\/v2\/users\/2"}],"replies":[{"embeddable":true,"href":"https:\/\/www.europesays.com\/es\/wp-json\/wp\/v2\/comments?post=141475"}],"version-history":[{"count":0,"href":"https:\/\/www.europesays.com\/es\/wp-json\/wp\/v2\/posts\/141475\/revisions"}],"wp:featuredmedia":[{"embeddable":true,"href":"https:\/\/www.europesays.com\/es\/wp-json\/wp\/v2\/media\/141476"}],"wp:attachment":[{"href":"https:\/\/www.europesays.com\/es\/wp-json\/wp\/v2\/media?parent=141475"}],"wp:term":[{"taxonomy":"category","embeddable":true,"href":"https:\/\/www.europesays.com\/es\/wp-json\/wp\/v2\/categories?post=141475"},{"taxonomy":"post_tag","embeddable":true,"href":"https:\/\/www.europesays.com\/es\/wp-json\/wp\/v2\/tags?post=141475"}],"curies":[{"name":"wp","href":"https:\/\/api.w.org\/{rel}","templated":true}]}}