{"id":141492,"date":"2025-09-27T03:43:08","date_gmt":"2025-09-27T03:43:08","guid":{"rendered":"https:\/\/www.europesays.com\/es\/141492\/"},"modified":"2025-09-27T03:43:08","modified_gmt":"2025-09-27T03:43:08","slug":"personaje-secundario-en-la-trastienda-del-negocio-de-los-libros-babelia","status":"publish","type":"post","link":"https:\/\/www.europesays.com\/es\/141492\/","title":{"rendered":"\u2018Personaje secundario\u2019, en la trastienda del negocio de los libros | Babelia"},"content":{"rendered":"<p class=\"\">Este libro es una raz\u00f3n de amor por la lectura, la literatura y los libros. Tambi\u00e9n por los oficios de la edici\u00f3n, que <a href=\"https:\/\/elpais.com\/ccaa\/2019\/10\/01\/catalunya\/1569957973_383377.html\" target=\"_self\" rel=\"nofollow noopener\" title=\"https:\/\/elpais.com\/ccaa\/2019\/10\/01\/catalunya\/1569957973_383377.html\">Enrique Murillo<\/a> ha ejercido, con pluralidad de tareas y posiciones jer\u00e1rquicas, a lo largo de medio siglo, desde el annus mirabilis de 1969 en que nacieron <a href=\"https:\/\/elpais.com\/cultura\/2018\/09\/07\/actualidad\/1536348150_535997.html\" target=\"_self\" rel=\"nofollow noopener\" title=\"https:\/\/elpais.com\/cultura\/2018\/09\/07\/actualidad\/1536348150_535997.html\">Anagrama<\/a> y <a href=\"https:\/\/elpais.com\/cultura\/2018\/09\/20\/babelia\/1537440056_905201.html\" target=\"_self\" rel=\"nofollow noopener\" title=\"https:\/\/elpais.com\/cultura\/2018\/09\/20\/babelia\/1537440056_905201.html\">Tusquets<\/a> y \u00e9l empez\u00f3 a redactar informes para Carlos Barral hasta nuestro presente de conglomerados editoriales y peque\u00f1os y fr\u00e1giles sellos independientes, como <a href=\"https:\/\/malpasoycia.es\/categoria-producto\/lince\/\" target=\"_self\" rel=\"nofollow noopener\" title=\"https:\/\/malpasoycia.es\/categoria-producto\/lince\/\">Los Libros del Lince<\/a> que \u00e9l mismo cre\u00f3. <\/p>\n<p class=\"\">Con una mezcolanza de memoir profesional y autobiograf\u00eda que no excluye la dimensi\u00f3n personal (la cr\u00f3nica del Londres de comienzos de los setenta es estupenda), Murillo se presenta como un intruso en el negocio editorial, como un \u201cpersonaje secundario\u201d que ha deambulado por la sala de m\u00e1quinas de distintas empresas observ\u00e1ndolo todo, a la vez que ha contribuido a engrasar la maquinaria con su criterio literario, sus intuiciones mercantiles y su habilidad para desatascar negociaciones obturadas. El periplo de Murillo es de lo m\u00e1s variado e incluye una etapa fundamental en Anagrama, donde impuls\u00f3 la \u201cnueva narrativa espa\u00f1ola\u201d de los ochenta \u2014marbete que \u00e9l asegura haber acu\u00f1ado\u2014, la direcci\u00f3n de Plaza &amp; Jan\u00e9s entre 1992 y 1996, donde se breg\u00f3 con los superventas, o un lustro en el tinglado del Grupo Planeta, donde tuvo que salir a la caza de un ganador para el premio. La sucesi\u00f3n de amos, andanzas y desventuras recuerdan los de la novela picaresca, aunque a menudo el narrador se pone serio para denunciar las pr\u00e1cticas irregulares y abusos de los que ha sido testigo y v\u00edctima.<\/p>\n<blockquote class=\"a_q\">\n<p>Los desacuerdos del autor con el fundador de Anagrama no le impiden reconocer que Jorge Herralde ha sido uno de los grandes editores del siglo pasado.<\/p>\n<\/blockquote>\n<p class=\"\">Tanto el relato de hechos (un sinf\u00edn de an\u00e9cdotas de lo m\u00e1s suculentas) como las denuncias de pr\u00e1cticas fulleras y de explotaci\u00f3n laboral est\u00e1n hechos \u2014\u00adcasi es ocioso decirlo\u2014 desde su perspectiva, con la indisimulada subjetividad del testigo que cuenta lo que vio sin poder desentenderse de los perjuicios que sufri\u00f3 en carne propia. Recordar que los traductores est\u00e1n mal pagados y poco reconocidos en general, que los informadores editoriales y los correctores cobran una miseria o revelar que alguna empresa llev\u00f3 una doble contabilidad de ventas para manipular a la baja las liquidaciones es valiente, pero por fortuna no se agota en esa valent\u00eda ni el inter\u00e9s ni el m\u00e9rito del libro. De hecho, esa parte, que justifica el subt\u00edtulo La oscura trastienda de la edici\u00f3n, ni se sobrepone ni sofoca la pintura entusiasta del oficio de editor, del mismo modo que los desacuerdos del autor con el fundador de Anagrama no le impiden reconocer que <a href=\"https:\/\/elpais.com\/elpais\/2017\/06\/11\/eps\/1497132347_149713.html\" target=\"_self\" rel=\"nofollow noopener\" title=\"https:\/\/elpais.com\/elpais\/2017\/06\/11\/eps\/1497132347_149713.html\">Jorge Herralde<\/a> ha sido uno de los grandes editores del siglo pasado.<\/p>\n<p class=\"\">Estas memorias recorren a la vez, sin af\u00e1n de exhaustividad, m\u00e1s de medio siglo de literatura en espa\u00f1ol desde la muy idiosincr\u00e1sica visi\u00f3n del autor, que con toda legitimidad expresa sus predilecciones (Mar\u00edas, Coetzee, <a href=\"https:\/\/elpais.com\/cultura\/2016\/10\/27\/babelia\/1477566485_771964.html\" target=\"_self\" rel=\"nofollow noopener\" title=\"https:\/\/elpais.com\/cultura\/2016\/10\/27\/babelia\/1477566485_771964.html\">Sebald<\/a>, McCarthy, f\u00e1cilmente compartibles) y rechazos (Garc\u00eda M\u00e1rquez o V\u00e1zquez Montalb\u00e1n, nada compartible, al menos para m\u00ed). Se aprende mucho con la relaci\u00f3n epis\u00f3dica de lo que se cuece antes de que un libro se publique y se nota la mano de quien ha pasado los \u00faltimos 20 a\u00f1os ense\u00f1ando en un m\u00e1ster en edici\u00f3n. Como se notan su pulso de escritor y traductor (de James, Nabokov, Barnes, Amis\u2026) y el aliento infatigable de quien ha dedicado su vida a transportar el talento ajeno hasta sus verdaderos beneficiarios, los lectores.<\/p>\n<p><a href=\"https:\/\/tramaeditorial.es\/producto\/personaje-secundario\/\" class=\"_db _pr\" rel=\"nofollow noopener\" target=\"_blank\"><img decoding=\"auto\" class=\"_re lazyload a_m-v\" height=\"609\"  width=\"414\" src=\"https:\/\/www.europesays.com\/es\/wp-content\/uploads\/2025\/09\/AYT7RUZDYZERZN3OUM6UKRDXV4.jpg\" loading=\"lazy\"\/><\/a><\/p>\n<p>Enrique Murillo\u00a0\u00a0<br \/>Trama, 2025<br \/>538 p\u00e1ginas. 29 euros<\/p>\n","protected":false},"excerpt":{"rendered":"Este libro es una raz\u00f3n de amor por la lectura, la literatura y los libros. Tambi\u00e9n por los&hellip;\n","protected":false},"author":2,"featured_media":141493,"comment_status":"","ping_status":"","sticky":false,"template":"","format":"standard","meta":{"footnotes":""},"categories":[172],"tags":[224,4026,209,3662,43994,2053,146,147,25,1598,24,225,8978,16683,23],"class_list":{"0":"post-141492","1":"post","2":"type-post","3":"status-publish","4":"format-standard","5":"has-post-thumbnail","7":"category-libros","8":"tag-books","9":"tag-critica-literaria","10":"tag-cultura","11":"tag-editoriales","12":"tag-enrique-murillo","13":"tag-ensayo","14":"tag-entertainment","15":"tag-entretenimiento","16":"tag-es","17":"tag-escritores","18":"tag-espana","19":"tag-libros","20":"tag-literatura-espanola","21":"tag-memorias","22":"tag-spain"},"share_on_mastodon":{"url":"","error":""},"_links":{"self":[{"href":"https:\/\/www.europesays.com\/es\/wp-json\/wp\/v2\/posts\/141492","targetHints":{"allow":["GET"]}}],"collection":[{"href":"https:\/\/www.europesays.com\/es\/wp-json\/wp\/v2\/posts"}],"about":[{"href":"https:\/\/www.europesays.com\/es\/wp-json\/wp\/v2\/types\/post"}],"author":[{"embeddable":true,"href":"https:\/\/www.europesays.com\/es\/wp-json\/wp\/v2\/users\/2"}],"replies":[{"embeddable":true,"href":"https:\/\/www.europesays.com\/es\/wp-json\/wp\/v2\/comments?post=141492"}],"version-history":[{"count":0,"href":"https:\/\/www.europesays.com\/es\/wp-json\/wp\/v2\/posts\/141492\/revisions"}],"wp:featuredmedia":[{"embeddable":true,"href":"https:\/\/www.europesays.com\/es\/wp-json\/wp\/v2\/media\/141493"}],"wp:attachment":[{"href":"https:\/\/www.europesays.com\/es\/wp-json\/wp\/v2\/media?parent=141492"}],"wp:term":[{"taxonomy":"category","embeddable":true,"href":"https:\/\/www.europesays.com\/es\/wp-json\/wp\/v2\/categories?post=141492"},{"taxonomy":"post_tag","embeddable":true,"href":"https:\/\/www.europesays.com\/es\/wp-json\/wp\/v2\/tags?post=141492"}],"curies":[{"name":"wp","href":"https:\/\/api.w.org\/{rel}","templated":true}]}}