{"id":141506,"date":"2025-09-27T03:52:12","date_gmt":"2025-09-27T03:52:12","guid":{"rendered":"https:\/\/www.europesays.com\/es\/141506\/"},"modified":"2025-09-27T03:52:12","modified_gmt":"2025-09-27T03:52:12","slug":"trump-asegura-estar-cerca-de-un-acuerdo-para-acabar-la-guerra-en-gaza","status":"publish","type":"post","link":"https:\/\/www.europesays.com\/es\/141506\/","title":{"rendered":"Trump asegura estar \u00abcerca de un acuerdo\u00bb para acabar la guerra en Gaza"},"content":{"rendered":"<p> Seg\u00fan dijo el presidente estadounidense, ser\u00eda el acuerdo \u00abn\u00famero ocho\u00bb en su lista de conflictos internacionales en los que asegura haber mediado<\/p>\n<p><img fetchpriority=\"high\" class=\"voc-img\" src=\"https:\/\/www.europesays.com\/es\/wp-content\/uploads\/2025\/09\/trump-kavB-U701654479478qV-1200x840@diario_abc.jpg\" loading=\"eager\" decoding=\"async\" alt=\"El presidente estadounidense, Donald Trump, se ha reunido con diferentes delegaciones de pa\u00edses \u00e1rabes para ultimar un acuerdo sobre la Franja\" width=\"1200\" height=\"840\"\/><\/p>\n<p>El presidente estadounidense, Donald Trump, se ha reunido con diferentes delegaciones de pa\u00edses \u00e1rabes para ultimar un acuerdo sobre la Franja    EFE  <\/p>\n<p><img decoding=\"async\" class=\"voc-author__img\" src=\"https:\/\/www.europesays.com\/es\/wp-content\/uploads\/2025\/09\/autor-2649-foto-3.jpeg\" alt=\"David Alandete\"\/><\/p>\n<p>26\/09\/2025<br \/>\n<br \/><strong><br \/>\nActualizado a las 16:34h.<br \/>\n<\/strong><\/p>\n<p class=\"voc-p\" style=\"\">El presidente estadounidense habla de un \u00aboctavo acuerdo de paz\u00bb con rehenes de por medio, mientras Netanyahu intensifica la ofensiva y crecen las dudas sobre un alto el fuego real<\/p>\n<p class=\"voc-p\" style=\"\">Donald Trump afirm\u00f3 este viernes que est\u00e1 \u00abcerca de un acuerdo para poner fin a  &#8230; la guerra en Gaza y traer a los rehenes de regreso\u00bb. Seg\u00fan dijo, ser\u00eda el acuerdo \u00abn\u00famero ocho\u00bb en su lista de conflictos internacionales en los que asegura haber mediado.<\/p>\n<p class=\"voc-p\" style=\"\">De momento no hay confirmaci\u00f3n independiente de que un pacto est\u00e9 cerrado. La v\u00edspera, <a href=\"https:\/\/www.abc.es\/internacional\/trump-pide-erdogan-deje-comprar-petroleo-ruso-20250925180612-nt.html\" target=\"_self\" data-voc-vtm-id=\"in-text-traffic\" title=\"Trump recibi\u00f3 en la Casa Blanca al presidente turco, Recep Tayyip Erdogan\" data-mrf-link=\"www.abc.es\" rel=\"nofollow noopener\">Trump recibi\u00f3 en la Casa Blanca al presidente turco, Recep Tayyip Erdogan<\/a>, uno de los l\u00edderes que m\u00e1s han presionado junto a Arabia Saud\u00ed y Egipto para que Israel detenga su ofensiva. El ministro de Exteriores saud\u00ed declar\u00f3 tras esa reuni\u00f3n que Trump est\u00e1 \u00abmuy, muy comprometido\u00bb en lograr un alto el fuego y la liberaci\u00f3n de cautivos.<\/p>\n<p class=\"voc-p\" style=\"\">Sin embargo, en su discurso en Naciones Unidas, el mandatario estadounidense<a href=\"https:\/\/www.abc.es\/internacional\/trump-ataca-estado-palestino-onu-demasiada-recompensa-20250923184436-nt.html\" target=\"_self\" data-voc-vtm-id=\"in-text-traffic\" title=\" advirti\u00f3 de que reconocer el Estado palestino ser\u00eda un error\" data-mrf-link=\"www.abc.es\" rel=\"nofollow noopener\"> advirti\u00f3 de que reconocer el Estado palestino ser\u00eda un error<\/a> que, en su opini\u00f3n, fortalecer\u00eda a Ham\u00e1s. El anuncio de Trump coincidi\u00f3 con la intervenci\u00f3n del primer ministro israel\u00ed, Benjam\u00edn Netanyahu, en la Asamblea General, donde defendi\u00f3 la continuaci\u00f3n de la operaci\u00f3n militar.<\/p>\n<p class=\"voc-p\" style=\"\">Trump ha insistido en que resolver\u00e1 la guerra en cuesti\u00f3n de \u00abhoras o d\u00edas\u00bb, pero tras m\u00e1s de ocho meses de combates, la ofensiva israel\u00ed en Gaza se ha intensificado y el final del conflicto sigue sin vislumbrarse.<\/p>\n<p><img loading=\"lazy\" decoding=\"async\" width=\"530\" height=\"64\" class=\"logo-premium\" src=\"data:image\/gif;base64,R0lGODlhAQABAAAAACH5BAEKAAEALAAAAAABAAEAAAICTAEAOw==\" alt=\"ABC Premium\"\/><br \/>\nL\u00edmite de sesiones alcanzadas<\/p>\n<ul class=\"listado\">\n<li>El acceso al contenido Premium est\u00e1 abierto por cortes\u00eda del establecimiento donde te encuentras, pero ahora mismo hay demasiados usuarios conectados a la vez. Por favor, int\u00e9ntalo pasados unos minutos.<\/li>\n<\/ul>\n<p>Volver a intentar<\/p>\n<p><img loading=\"lazy\" decoding=\"async\" width=\"530\" height=\"64\" class=\"logo-premium\" src=\"data:image\/gif;base64,R0lGODlhAQABAAAAACH5BAEKAAEALAAAAAABAAEAAAICTAEAOw==\" alt=\"ABC Premium\"\/><br \/>\nHas superado el l\u00edmite de sesiones<\/p>\n<ul class=\"listado\">\n<li>S\u00f3lo puedes tener tres sesiones iniciadas a la vez. Hemos cerrado la sesi\u00f3n m\u00e1s antigua para que sigas navegando sin l\u00edmites en el resto.<\/li>\n<\/ul>\n<p>Sigue navegando<\/p>\n<p>\nArt\u00edculo solo para suscriptores\n<\/p>\n<p>Reportar un error<\/p>\n","protected":false},"excerpt":{"rendered":"Seg\u00fan dijo el presidente estadounidense, ser\u00eda el acuerdo \u00abn\u00famero ocho\u00bb en su lista de conflictos internacionales en los&hellip;\n","protected":false},"author":2,"featured_media":141507,"comment_status":"","ping_status":"","sticky":false,"template":"","format":"standard","meta":{"footnotes":""},"categories":[42],"tags":[945,4187,17,18,13,14,694,11,61,62,63,64,19,20,9,10,15,16,57,12,936,21,22,65,66,67],"class_list":{"0":"post-141506","1":"post","2":"type-post","3":"status-publish","4":"format-standard","5":"has-post-thumbnail","7":"category-internacional","8":"tag-acuerdo","9":"tag-anuncia","10":"tag-breaking-news","11":"tag-breakingnews","12":"tag-featured-news","13":"tag-featurednews","14":"tag-gaza","15":"tag-headlines","16":"tag-internacional","17":"tag-international","18":"tag-international-news","19":"tag-internationalnews","20":"tag-latest-news","21":"tag-latestnews","22":"tag-news","23":"tag-noticias","24":"tag-noticias-destacadas","25":"tag-noticiasdestacadas","26":"tag-sobre","27":"tag-titulares","28":"tag-trump","29":"tag-ultimas-noticias","30":"tag-ultimasnoticias","31":"tag-world","32":"tag-world-news","33":"tag-worldnews"},"share_on_mastodon":{"url":"","error":""},"_links":{"self":[{"href":"https:\/\/www.europesays.com\/es\/wp-json\/wp\/v2\/posts\/141506","targetHints":{"allow":["GET"]}}],"collection":[{"href":"https:\/\/www.europesays.com\/es\/wp-json\/wp\/v2\/posts"}],"about":[{"href":"https:\/\/www.europesays.com\/es\/wp-json\/wp\/v2\/types\/post"}],"author":[{"embeddable":true,"href":"https:\/\/www.europesays.com\/es\/wp-json\/wp\/v2\/users\/2"}],"replies":[{"embeddable":true,"href":"https:\/\/www.europesays.com\/es\/wp-json\/wp\/v2\/comments?post=141506"}],"version-history":[{"count":0,"href":"https:\/\/www.europesays.com\/es\/wp-json\/wp\/v2\/posts\/141506\/revisions"}],"wp:featuredmedia":[{"embeddable":true,"href":"https:\/\/www.europesays.com\/es\/wp-json\/wp\/v2\/media\/141507"}],"wp:attachment":[{"href":"https:\/\/www.europesays.com\/es\/wp-json\/wp\/v2\/media?parent=141506"}],"wp:term":[{"taxonomy":"category","embeddable":true,"href":"https:\/\/www.europesays.com\/es\/wp-json\/wp\/v2\/categories?post=141506"},{"taxonomy":"post_tag","embeddable":true,"href":"https:\/\/www.europesays.com\/es\/wp-json\/wp\/v2\/tags?post=141506"}],"curies":[{"name":"wp","href":"https:\/\/api.w.org\/{rel}","templated":true}]}}