{"id":141508,"date":"2025-09-27T03:53:10","date_gmt":"2025-09-27T03:53:10","guid":{"rendered":"https:\/\/www.europesays.com\/es\/141508\/"},"modified":"2025-09-27T03:53:10","modified_gmt":"2025-09-27T03:53:10","slug":"pedro-sanchez-afirma-en-londres-que-sus-politicas-no-tienen-ningun-tipo-de-contestacion-social-el-mundo","status":"publish","type":"post","link":"https:\/\/www.europesays.com\/es\/141508\/","title":{"rendered":"Pedro S\u00e1nchez afirma en Londres que sus pol\u00edticas no tienen &quot;ning\u00fan tipo de contestaci\u00f3n social&quot; &#8211; El Mundo"},"content":{"rendered":"<ol>\n<li><a href=\"https:\/\/news.google.com\/rss\/articles\/CBMiekFVX3lxTE54Um0yWEYydlduWWI0RjFDeGZWeC1Cd180ZEs3Tm8xWnQweUYyeXMwaV9pYzhlbEVJRGRPWDlYbzF0dXpWSHJBb2NZdGNyVVBHSkVDajdvRkZhMzFlYzFab0RnbmpOemJ6d1dhUk5INFVSM2M4TFg3NnRB0gF6QVVfeXFMTTFaQjF2REhzTGZ4VERacHVZZjM1SzUwejRmUVh3b01idVNEM2M0YWpKUUhRZXNjcFVxM1I0TVJwdE12cExXUERjMHVONWhKUW50ZXpjckUtREc2WDN1MHUyZUpfMkRKM2FmRER0YXJmMnBHN19BbktkY1E?oc=5\" target=\"_blank\" rel=\"nofollow noopener\">Pedro S\u00e1nchez afirma en Londres que sus pol\u00edticas no tienen \u00abning\u00fan tipo de contestaci\u00f3n social\u00bb<\/a>&nbsp;&nbsp;El Mundo<\/li>\n<li><a href=\"https:\/\/news.google.com\/rss\/articles\/CBMi2wFBVV95cUxPRjBUTXo1ZWVmN1ZXSmVFeTVIdGItcnBnRTFodXIxdVNjWmFFRW5Bc29Va1ZzVlYzLTZyZndma0VwZDJFNTBxaVNaRG1heG9iNTVpWUdreW5xTzE4Q3pjTVAtUkp3NVFKQTlBcThIZnNrcFVtempiMVlDV09leEt2U2FBcGZ0RkJSQXA4WHE3TmMtV3BESEZWNUludExoTmhhZnB2YWFLWlM0RngtUFphTUVTTWdNRml2bkpNenhqTmpNVldNRTNsci1FV0FVNVNZUDZRQV9qMVhTdkE?oc=5\" target=\"_blank\" rel=\"nofollow noopener\">S\u00e1nchez reta a los gobiernos progresistas a \u201cabrazar el multilateralismo\u201d frente a la ofensiva de Trump<\/a>&nbsp;&nbsp;EL PA\u00cdS<\/li>\n<li><a href=\"https:\/\/news.google.com\/rss\/articles\/CBMiugFBVV95cUxQUTdxVERLUl9zc0VqLUVsUmxneklUWFVqeGZ1dllXblFrVzl5QTRyS3RrNjZhYUVES1U1Q3Nydmw4bmo0blRBZVQyeHRhMndfeUpjWmRmbThBdDRhaDJOMmxKeDJiWnpIZFdGRjBsSVZCbnNhMVJfeEdpYndjb29fXzdVV0s0dUdQUEZmQWxjRXBwYU9oQVZTaFJEdVFwSnRIMGRDcTFiX3I2YXR0b0dfX2RNYkRaODF2cVE?oc=5\" target=\"_blank\" rel=\"nofollow noopener\">En directo: Pedro S\u00e1nchez interviene ante el plenario del Global Progressive Summit<\/a>&nbsp;&nbsp;La Moncloa<\/li>\n<li><a href=\"https:\/\/news.google.com\/rss\/articles\/CBMiowFBVV95cUxPUV9SZE9DbWdMVUZNX0dnM0p6WUxjNklLS1d2RU9KZjJUTG5WaXFNWTBjNGN4SHF0VThZTm1KTkw5ZWtHUlFTWnJmUlREV2hHV2RzUHlKektJRTNhaW9HOGlxYm8zbGdPOVlBdVYyRl83UXBzdjFaRTlIN0NGRlZRVUNaMFlIY3E2RXZPODFFZFhKZEdIZ0phVjk1OEhWYVI4ZmNB?oc=5\" target=\"_blank\" rel=\"nofollow noopener\">S\u00e1nchez usa Gaza y el cambio clim\u00e1tico para tratar de recuperar imagen internacional<\/a>&nbsp;&nbsp;ABC<\/li>\n<li><a href=\"https:\/\/news.google.com\/rss\/articles\/CBMi1wFBVV95cUxNM1lZUkFFd3pxNzR3WVJVWkJnMFJHUUQxU2xOUnRKSEtzS2diNXlBREZQenB3eEplLXlXMnZfYWZ0VkhHRWxaTmVIYXh1cHhWZmk5YlVPdjhfRzFHN2lQcVBZejV0d3FFZ05KdEJhb3pLRlNsajZTT3oyOVFiQlEzR1JIOENwZVA1ZkhPYlc1WEdianpwSFhEMU43cV9aQXdaS3dvUzNsdEZTcWJ5X080dFBuNll2VTNMSkJqMEt1dmZscEJMMEU4c052WnY0YmRtM21MczZsa9IB1wFBVV95cUxQdEN3TjN1aEh0dml4R3FNdW4tWkQ0NVJoZGNvVDJzc2JUOWJmYzdlNkFBRndVZUpndWt6blBoRDVHdXpiSi1hNHpLWDlxV3NHV2pPQkU0dWdtN1ZRbHFEV0R0QjRfRXBRN1pNRFE5bXktOWdtZWlETUxhMjh2NVNkRHNPRXhWdGV5aTd5NEVwY21jOWVmNWc3TTdZREVSb2dNM0U4T1lXUW9VMEZGNVZpUTJTb1JVZFBDZGVSMmtJY1ZpcTlON2s5aFVhSG1vYlotNi1ScjJacw?oc=5\" target=\"_blank\" rel=\"nofollow noopener\">S\u00e1nchez insta a los gobiernos progresistas a reforzar el multilateralismo ante el repliegue de Estados Unidos<\/a>&nbsp;&nbsp;RTVE.es<\/li>\n<\/ol>\n","protected":false},"excerpt":{"rendered":"Pedro S\u00e1nchez afirma en Londres que sus pol\u00edticas no tienen \u00abning\u00fan tipo de contestaci\u00f3n social\u00bb&nbsp;&nbsp;El Mundo S\u00e1nchez reta&hellip;\n","protected":false},"author":2,"featured_media":141509,"comment_status":"","ping_status":"","sticky":false,"template":"","format":"standard","meta":{"footnotes":""},"categories":[8],"tags":[17,18,25,24,13,14,11,19,20,9,10,15,16,2959,23,12,21,22],"class_list":{"0":"post-141508","1":"post","2":"type-post","3":"status-publish","4":"format-standard","5":"has-post-thumbnail","7":"category-espana","8":"tag-breaking-news","9":"tag-breakingnews","10":"tag-es","11":"tag-espana","12":"tag-featured-news","13":"tag-featurednews","14":"tag-headlines","15":"tag-latest-news","16":"tag-latestnews","17":"tag-news","18":"tag-noticias","19":"tag-noticias-destacadas","20":"tag-noticiasdestacadas","21":"tag-pedro-sanchez","22":"tag-spain","23":"tag-titulares","24":"tag-ultimas-noticias","25":"tag-ultimasnoticias"},"share_on_mastodon":{"url":"","error":""},"_links":{"self":[{"href":"https:\/\/www.europesays.com\/es\/wp-json\/wp\/v2\/posts\/141508","targetHints":{"allow":["GET"]}}],"collection":[{"href":"https:\/\/www.europesays.com\/es\/wp-json\/wp\/v2\/posts"}],"about":[{"href":"https:\/\/www.europesays.com\/es\/wp-json\/wp\/v2\/types\/post"}],"author":[{"embeddable":true,"href":"https:\/\/www.europesays.com\/es\/wp-json\/wp\/v2\/users\/2"}],"replies":[{"embeddable":true,"href":"https:\/\/www.europesays.com\/es\/wp-json\/wp\/v2\/comments?post=141508"}],"version-history":[{"count":0,"href":"https:\/\/www.europesays.com\/es\/wp-json\/wp\/v2\/posts\/141508\/revisions"}],"wp:featuredmedia":[{"embeddable":true,"href":"https:\/\/www.europesays.com\/es\/wp-json\/wp\/v2\/media\/141509"}],"wp:attachment":[{"href":"https:\/\/www.europesays.com\/es\/wp-json\/wp\/v2\/media?parent=141508"}],"wp:term":[{"taxonomy":"category","embeddable":true,"href":"https:\/\/www.europesays.com\/es\/wp-json\/wp\/v2\/categories?post=141508"},{"taxonomy":"post_tag","embeddable":true,"href":"https:\/\/www.europesays.com\/es\/wp-json\/wp\/v2\/tags?post=141508"}],"curies":[{"name":"wp","href":"https:\/\/api.w.org\/{rel}","templated":true}]}}