{"id":141512,"date":"2025-09-27T03:55:16","date_gmt":"2025-09-27T03:55:16","guid":{"rendered":"https:\/\/www.europesays.com\/es\/141512\/"},"modified":"2025-09-27T03:55:16","modified_gmt":"2025-09-27T03:55:16","slug":"la-union-balonmano-pacense-organiza-la-segunda-edicion-del-torneo-ciudad-de-badajoz","status":"publish","type":"post","link":"https:\/\/www.europesays.com\/es\/141512\/","title":{"rendered":"La Uni\u00f3n Balonmano Pacense organiza la segunda edici\u00f3n del Torneo Ciudad de Badajoz"},"content":{"rendered":"<p class=\"ft-text\">El <strong>balonmano extreme\u00f1o<\/strong> vivir\u00e1 este s\u00e1bado una jornada especial en torno a la <strong>Uni\u00f3n Balonmano Pacense<\/strong>, que organiza la <strong>segunda edici\u00f3n del Torneo Ciudad de Badajoz<\/strong>. La cita reunir\u00e1 en el <strong>pabell\u00f3n Antonio Dom\u00ednguez<\/strong> a equipos procedentes de distintos puntos de <strong>Extremadura<\/strong> y tambi\u00e9n a algunos llegados desde fuera de la regi\u00f3n.<\/p>\n<p class=\"ft-text\">La competici\u00f3n abarcar\u00e1 todas las categor\u00edas que conforman la entidad pacense. Desde las <strong>10.00 de la ma\u00f1ana<\/strong>, el pabell\u00f3n ser\u00e1 escenario de los diferentes encuentros, que arrancar\u00e1n con el <strong>Alev\u00edn Mixto<\/strong> y concluir\u00e1n en torno a las <strong>19.15<\/strong> con el <strong>Senior Masculino<\/strong>.<\/p>\n<p class=\"ft-text\">Conjuntos como <strong>Talavera, Aceuchal, Villafranca, CD Josefinas o Balonmano Lepe<\/strong> ya han confirmado su participaci\u00f3n, garantizando lo que se espera sea una aut\u00e9ntica <strong>fiesta del balonmano regional<\/strong>.<\/p>\n","protected":false},"excerpt":{"rendered":"El balonmano extreme\u00f1o vivir\u00e1 este s\u00e1bado una jornada especial en torno a la Uni\u00f3n Balonmano Pacense, que organiza&hellip;\n","protected":false},"author":2,"featured_media":141513,"comment_status":"","ping_status":"","sticky":false,"template":"","format":"standard","meta":{"footnotes":""},"categories":[278],"tags":[7235,376,168,25,24,375,11339,44009,3745,23,167,2079],"class_list":{"0":"post-141512","1":"post","2":"type-post","3":"status-publish","4":"format-standard","5":"has-post-thumbnail","7":"category-balonmano","8":"tag-badajoz","9":"tag-balonmano","10":"tag-deportes","11":"tag-es","12":"tag-espana","13":"tag-handball","14":"tag-organiza","15":"tag-pacense","16":"tag-segunda","17":"tag-spain","18":"tag-sports","19":"tag-union"},"share_on_mastodon":{"url":"","error":""},"_links":{"self":[{"href":"https:\/\/www.europesays.com\/es\/wp-json\/wp\/v2\/posts\/141512","targetHints":{"allow":["GET"]}}],"collection":[{"href":"https:\/\/www.europesays.com\/es\/wp-json\/wp\/v2\/posts"}],"about":[{"href":"https:\/\/www.europesays.com\/es\/wp-json\/wp\/v2\/types\/post"}],"author":[{"embeddable":true,"href":"https:\/\/www.europesays.com\/es\/wp-json\/wp\/v2\/users\/2"}],"replies":[{"embeddable":true,"href":"https:\/\/www.europesays.com\/es\/wp-json\/wp\/v2\/comments?post=141512"}],"version-history":[{"count":0,"href":"https:\/\/www.europesays.com\/es\/wp-json\/wp\/v2\/posts\/141512\/revisions"}],"wp:featuredmedia":[{"embeddable":true,"href":"https:\/\/www.europesays.com\/es\/wp-json\/wp\/v2\/media\/141513"}],"wp:attachment":[{"href":"https:\/\/www.europesays.com\/es\/wp-json\/wp\/v2\/media?parent=141512"}],"wp:term":[{"taxonomy":"category","embeddable":true,"href":"https:\/\/www.europesays.com\/es\/wp-json\/wp\/v2\/categories?post=141512"},{"taxonomy":"post_tag","embeddable":true,"href":"https:\/\/www.europesays.com\/es\/wp-json\/wp\/v2\/tags?post=141512"}],"curies":[{"name":"wp","href":"https:\/\/api.w.org\/{rel}","templated":true}]}}