{"id":141516,"date":"2025-09-27T04:01:14","date_gmt":"2025-09-27T04:01:14","guid":{"rendered":"https:\/\/www.europesays.com\/es\/141516\/"},"modified":"2025-09-27T04:01:14","modified_gmt":"2025-09-27T04:01:14","slug":"pausa-un-exjefe-de-una-escuderia-de-la-formula-1-freno-a-un-periodista-y-banco-a-franco-colapinto","status":"publish","type":"post","link":"https:\/\/www.europesays.com\/es\/141516\/","title":{"rendered":"\u00ab\u00a1Pausa!\u00bb: Un exjefe de una escuder\u00eda de la F\u00f3rmula 1 fren\u00f3 a un periodista y banc\u00f3 a Franco Colapinto"},"content":{"rendered":"<p>&#13;<br \/>\n                    &#13;<br \/>\n                        &#13;<br \/>\n&#13;<\/p>\n<p>Guenther Steiner, otrora director de Haas, defendi\u00f3 el nivel del argentino y responsabiliz\u00f3 al monoplaza Alpine por sus malos resultados. <\/p>\n<p>&#13;<br \/>\n<img decoding=\"async\" class=\"mainImg r16x9\" width=\"416\" height=\"234\" fetchpriority=\"high\" src=\"https:\/\/www.europesays.com\/es\/wp-content\/uploads\/2025\/09\/guenther-steiner-otrora-jefe-de-haas_416x234.webp\"  alt=\"Guenther Steiner, otrora jefe de Haas\" title=\"Guenther Steiner, otrora jefe de Haas\"\/> Guenther Steiner, otrora jefe de Haas.<\/p>\n<p>El italo-estadounidense <b>Guenther Steiner<\/b>, ex jefe del equipo Haas de la F\u00f3rmula 1, <b>interrumpi\u00f3 a un periodista que le pregunt\u00f3 si el estonio Paul Aron podr\u00eda tomar el lugar de Franco Colapinto en Alpine<\/b> para la pr\u00f3xima temporada: \u201c\u00a1Uf! \u00a1Pausa! \u00a1Pausa! <b>Colapinto est\u00e1 progresando en este momento<\/b>\u201d.\u00a0<\/p>\n<p>&#13;<\/p>\n<p>        Steiner, expiloto de Rally y l\u00edder de Haas desde 2014 hasta 2024, continu\u00f3: \u201cEst\u00e1 progresando, s\u00ed, chocando contra la pared. <b>Est\u00e1 progresando, mir\u00e1 c\u00f3mo est\u00e1 el coche. <\/b>No se puede juzgar a un piloto con un auto como este\u201d, en di\u00e1logo con el canal de Youtube The Red Flags. <\/p>\n<p>El gerente de 60 a\u00f1os compar\u00f3 la argentino con el brasile\u00f1o Gabriel Bortoleto, quien tras un p\u00e9simo inicio sum\u00f3 18 puntos en las \u00faltimas siete carreras: \u201c<b>Pensa en Bortoleto, lo que hizo con el Sauber cuando el Sauber era una mierda.<\/b> Nadie cre\u00eda que pudiera manejar el monoplaza. Ahora, que est\u00e1 mucho mejor, \u00e9l est\u00e1 brillando\u201d.\u00a0<\/p>\n<p><img decoding=\"async\" class=\"mainImg r16x9\" width=\"416\" height=\"234\" fetchpriority=\"low\" loading=\"lazy\" src=\"https:\/\/www.europesays.com\/es\/wp-content\/uploads\/2025\/09\/1758945669_353_franco-colapinto_416x234.webp\"  alt=\"Franco Colapinto\" title=\"Franco Colapinto\"\/> Kym Illman\/Getty Images<\/p>\n<p>Previamente, Carlos Sainz, cuatro veces campe\u00f3n del Rally Dakar y padre del Carlos, piloto de Williams, hab\u00eda aconsejado al pilarense de 22 a\u00f1os: \u00abEn la F1 uno tiene mucha exposici\u00f3n, mucho ruido. \u00c9<b>l tiene que centrarse en lo suyo, hacer su trabajo lo mejor posible. <\/b>Estoy seguro de que, haci\u00e9ndolo bien, es un gran piloto y tendr\u00e1 su hueco en la F1<b>. El problema es la pol\u00edtica<\/b>, pero hay que tratar de aislarse un poco de todo el ruido\u201d, en una charla con Abriendo Pista.<\/p>\n<p>        <img decoding=\"async\" class=\"mainImg r16x9\" width=\"416\" height=\"234\" fetchpriority=\"low\" loading=\"lazy\" src=\"https:\/\/www.europesays.com\/es\/wp-content\/uploads\/2025\/09\/colapinto-aron_416x234.webp.webp\"  alt=\"Colapinto Aron\" title=\"Colapinto Aron\"\/> Franco Colapinto y Paul Aron, la \u00abpelea\u00bb que plante\u00f3 Briatore en Alpine para 2026.<img decoding=\"async\" class=\"mainImg r16x9\" width=\"416\" height=\"234\" fetchpriority=\"low\" loading=\"lazy\" src=\"https:\/\/www.europesays.com\/es\/wp-content\/uploads\/2025\/09\/briatore-colapinto-y-gasly_416x234.webp\"  alt=\"Briatore, Colapinto y Gasly\" title=\"Briatore, Colapinto y Gasly\"\/> Briatore, con Colapinto y Gasly: la foto que los argentinos quieren ver tambi\u00e9n para 2026. (Jayce Illman\/Getty Images)<\/p>\n<p>    &#13;<br \/>\n    &gt;&#13;<\/p>\n<p>        Por otro lado, <a onclick=\"ga4SelectContentEvent(&quot;Un exjefe de una escuder\\u00eda de la F\\u00f3rmula 1 fren\\u00f3 a un periodista y respald\\u00f3 a Franco Colapinto: \\u201cPausa, \\u00e9l est\\u00e1 progresando\\u201d&quot;, &quot;Automovilismo&quot;, &quot;Nota&quot;);\" href=\"https:\/\/www.tycsports.com\/automovilismo\/gasly-mirada-colapinto-definir-futuro-alpine-opcion-2026-id688635.html\" target=\"_blank\" rel=\"nofollow noopener\">Gasly le hizo hoy un gui\u00f1o al representante albiceleste<\/a> en una entrevista con AutoHebdo: \u201cFranco (Colapinto) ha demostrado algunas cosas buenas en los \u00faltimos dos fines de semana, es una opci\u00f3n para el equipo en 2026\u201d.<\/p>\n<p><a onclick=\"ga4SelectContentEvent(&quot;Un exjefe de una escuder\\u00eda de la F\\u00f3rmula 1 fren\\u00f3 a un periodista y respald\\u00f3 a Franco Colapinto: \\u201cPausa, \\u00e9l est\\u00e1 progresando\\u201d&quot;, &quot;Automovilismo&quot;, &quot;Nota&quot;);\" href=\"https:\/\/www.tycsports.com\/automovilismo\/colapinto-vs-aron-que-hay-detras-de-una-pelea-ridicula-en-alpine-id687821.html\" target=\"_blank\" rel=\"nofollow noopener\"><b>Flavio Briatore afirm\u00f3 que la segunda butaca la escuder\u00eda gala se definir\u00e1 entre el sudamericano y el europeo para la temporada 2026<\/b><\/a>, en la que habr\u00e1 un cambio historico de reglamento. Por el momento, <b>Colapinto <\/b>no sum\u00f3 puntos en el torneo y<b> tendr\u00e1 hasta el cierre de la temporada<\/b> -siete carreras- <b>para demostrar de todo lo que es capaz y mantenerse en la categor\u00eda.<\/b> <a onclick=\"ga4SelectContentEvent(&quot;Un exjefe de una escuder\\u00eda de la F\\u00f3rmula 1 fren\\u00f3 a un periodista y respald\\u00f3 a Franco Colapinto: \\u201cPausa, \\u00e9l est\\u00e1 progresando\\u201d&quot;, &quot;Automovilismo&quot;, &quot;Nota&quot;);\" href=\"https:\/\/www.tycsports.com\/automovilismo\/cuando-corre-colapinto-en-la-f1-horarios-y-cronograma-de-su-calendario-en-2025-id655804.html\" target=\"_blank\" rel=\"nofollow noopener\">Su prueba m\u00e1s cercana ser\u00e1 el domingo 5 de octubre en Singapur.\u00a0<\/a><\/p>\n<p>&#13;<\/p>\n<p class=\"subs-tag\">&#13;<br \/>\n            &#13;<br \/>\n            &#13;<br \/>\n            &#13;<br \/>\n            &#13;<br \/>\n            &#13;<br \/>\n         No te pierdas nada<\/p>\n<p>        &#13;<br \/>\n            Recib\u00ed las \u00faltimas noticias de F1 \u00a1y m\u00e1s!    &#13;<br \/>\n    &#13;<\/p>\n<p>&#13;<br \/>\n    &#13;<br \/>\n       &#13;<br \/>\n&#13;<br \/>\n        Te puede interesar<a href=\"https:\/\/www.tycsports.com\/automovilismo\/gasly-mirada-colapinto-definir-futuro-alpine-opcion-2026-id688635.html\" onclick=\"ga4SelectContentEvent(&quot;La mirada de Gasly sobre Colapinto que podr\\u00eda sentenciar su futuro en Alpine&quot;,&quot;Automovilismo&quot;,&quot;page_nota-comun-2024-blo_4109&quot;,&quot;Joaqu\\u00edn Grasso&quot;);\" class=\"cardImageHolder\" rel=\"nofollow noopener\" target=\"_blank\">&#13;<br \/>\n                    &#13;<br \/>\n                    &#13;<br \/>\n                <img decoding=\"async\" class=\"cardImage r16x9\" width=\"416\" height=\"234\" fetchpriority=\"low\" loading=\"lazy\" src=\"https:\/\/www.europesays.com\/es\/wp-content\/uploads\/2025\/09\/1758945671_409_franco-colapinto-flavio-briatore-y-pierre-gasly_416x234.webp\"  alt=\"La mirada de Gasly sobre Colapinto que podr\u00eda sentenciar su futuro en Alpine\" title=\"La mirada de Gasly sobre Colapinto que podr\u00eda sentenciar su futuro en Alpine\"\/><\/a><a href=\"https:\/\/www.tycsports.com\/automovilismo\/franco-colapinto-formula-1-carlos-sainz-padre-especial-consejo-y-elogio-es-un-gran-piloto-id688532.html\" onclick=\"ga4SelectContentEvent(&quot;Especial consejo y elogio para Colapinto de una leyenda del automovilismo: \\&quot;Es un gran piloto\\&quot;&quot;,&quot;Automovilismo&quot;,&quot;page_nota-comun-2024-blo_4109&quot;,&quot;Gabriel Cottone&quot;);\" class=\"cardImageHolder\" rel=\"nofollow noopener\" target=\"_blank\"><img decoding=\"async\" class=\"cardImage r16x9\" width=\"416\" height=\"234\" fetchpriority=\"low\" loading=\"lazy\" src=\"https:\/\/www.europesays.com\/es\/wp-content\/uploads\/2025\/09\/1758945669_353_franco-colapinto_416x234.webp\"  alt=\"Especial consejo y elogio para Colapinto de una leyenda del automovilismo: &quot;Es un gran piloto&quot;\" title=\"Especial consejo y elogio para Colapinto de una leyenda del automovilismo: &quot;Es un gran piloto&quot;\"\/><\/a><a href=\"https:\/\/www.tycsports.com\/automovilismo\/romain-grosjean-vuelve-a-subirse-a-un-formula-1-id688477.html\" onclick=\"ga4SelectContentEvent(&quot;Grosjean vuelve a subirse a un F\\u00f3rmula 1&quot;,&quot;Automovilismo&quot;,&quot;page_nota-comun-2024-blo_4109&quot;,&quot;Juan Manuel Collazo&quot;);\" class=\"cardImageHolder\" rel=\"nofollow noopener\" target=\"_blank\"><img decoding=\"async\" class=\"cardImage r16x9\" width=\"416\" height=\"234\" fetchpriority=\"low\" loading=\"lazy\" src=\"https:\/\/www.europesays.com\/es\/wp-content\/uploads\/2025\/09\/grosjean_416x234.webp\"  alt=\"Grosjean vuelve a subirse a un F\u00f3rmula 1\" title=\"Grosjean vuelve a subirse a un F\u00f3rmula 1\"\/><\/a><a href=\"https:\/\/www.tycsports.com\/automovilismo\/franco-colapinto-explico-costo-adaptarse-alpine-enfocado-pierre-gasly-formula-1-id688273.html\" onclick=\"ga4SelectContentEvent(&quot;Colapinto revel\\u00f3 el motivo por el que le cost\\u00f3 adaptarse al Alpine: \\u201cEst\\u00e1 muy enfocado en Gasly\\u201d&quot;,&quot;Automovilismo&quot;,&quot;page_nota-comun-2024-blo_4109&quot;,&quot;Mat\\u00edas Besana&quot;);\" class=\"cardImageHolder\" rel=\"nofollow noopener\" target=\"_blank\"><img decoding=\"async\" class=\"cardImage r16x9\" width=\"416\" height=\"234\" fetchpriority=\"low\" loading=\"lazy\" src=\"https:\/\/www.europesays.com\/es\/wp-content\/uploads\/2025\/09\/1758845294_198_franco-colapinto-piloto-de-alpine_416x234.webp\"  alt=\"Colapinto revel\u00f3 el motivo por el que le cost\u00f3 adaptarse al Alpine: \u201cEst\u00e1 muy enfocado en Gasly\u201d\" title=\"Colapinto revel\u00f3 el motivo por el que le cost\u00f3 adaptarse al Alpine: \u201cEst\u00e1 muy enfocado en Gasly\u201d\"\/><\/a><a href=\"https:\/\/www.tycsports.com\/automovilismo\/el-mensaje-de-alpine-con-franco-colapinto-como-bandera-para-el-fin-de-semana-id688255.html\" onclick=\"ga4SelectContentEvent(&quot;El mensaje de Alpine con Colapinto como bandera&quot;,&quot;Automovilismo&quot;,&quot;page_nota-comun-2024-blo_4109&quot;,&quot;Federico Gullo&quot;);\" class=\"cardImageHolder\" rel=\"nofollow noopener\" target=\"_blank\">&#13;<br \/>\n                    &#13;<br \/>\n                    &#13;<br \/>\n                <img decoding=\"async\" class=\"cardImage r16x9\" width=\"416\" height=\"234\" fetchpriority=\"low\" loading=\"lazy\" src=\"https:\/\/www.europesays.com\/es\/wp-content\/uploads\/2025\/09\/1758845294_420_franco-colapinto_416x234.webp\"  alt=\"El mensaje de Alpine con Colapinto como bandera\" title=\"El mensaje de Alpine con Colapinto como bandera\"\/><\/a><a href=\"https:\/\/www.tycsports.com\/automovilismo\/max-verstappen-ya-tiene-fecha-para-debutar-en-gt3-id688237.html\" onclick=\"ga4SelectContentEvent(&quot;Verstappen ya tiene fecha para debutar en GT3&quot;,&quot;Automovilismo&quot;,&quot;page_nota-comun-2024-blo_4109&quot;,&quot;Juan Manuel Collazo&quot;);\" class=\"cardImageHolder\" rel=\"nofollow noopener\" target=\"_blank\"><img decoding=\"async\" class=\"cardImage r16x9\" width=\"416\" height=\"234\" fetchpriority=\"low\" loading=\"lazy\" src=\"https:\/\/www.europesays.com\/es\/wp-content\/uploads\/2025\/09\/max-verstappen-tetracampeon-del-mundo_416x234.webp\"  alt=\"Verstappen ya tiene fecha para debutar en GT3\" title=\"Verstappen ya tiene fecha para debutar en GT3\"\/><\/a>&#13;<br \/>\n&#13;<br \/>\n    &#13;<br \/>\n&#13;<br \/>\n&#13;<br \/>\n                  &#13;<\/p>\n","protected":false},"excerpt":{"rendered":"&#13; &#13; &#13; &#13; Guenther Steiner, otrora director de Haas, defendi\u00f3 el nivel del argentino y responsabiliz\u00f3 al&hellip;\n","protected":false},"author":2,"featured_media":141517,"comment_status":"","ping_status":"","sticky":false,"template":"","format":"standard","meta":{"footnotes":""},"categories":[270],"tags":[1763,168,25,24,306,271,272,23,167],"class_list":{"0":"post-141516","1":"post","2":"type-post","3":"status-publish","4":"format-standard","5":"has-post-thumbnail","7":"category-formula-1","8":"tag-automovilismo","9":"tag-deportes","10":"tag-es","11":"tag-espana","12":"tag-f1","13":"tag-formula-1","14":"tag-formula1","15":"tag-spain","16":"tag-sports"},"share_on_mastodon":{"url":"","error":""},"_links":{"self":[{"href":"https:\/\/www.europesays.com\/es\/wp-json\/wp\/v2\/posts\/141516","targetHints":{"allow":["GET"]}}],"collection":[{"href":"https:\/\/www.europesays.com\/es\/wp-json\/wp\/v2\/posts"}],"about":[{"href":"https:\/\/www.europesays.com\/es\/wp-json\/wp\/v2\/types\/post"}],"author":[{"embeddable":true,"href":"https:\/\/www.europesays.com\/es\/wp-json\/wp\/v2\/users\/2"}],"replies":[{"embeddable":true,"href":"https:\/\/www.europesays.com\/es\/wp-json\/wp\/v2\/comments?post=141516"}],"version-history":[{"count":0,"href":"https:\/\/www.europesays.com\/es\/wp-json\/wp\/v2\/posts\/141516\/revisions"}],"wp:featuredmedia":[{"embeddable":true,"href":"https:\/\/www.europesays.com\/es\/wp-json\/wp\/v2\/media\/141517"}],"wp:attachment":[{"href":"https:\/\/www.europesays.com\/es\/wp-json\/wp\/v2\/media?parent=141516"}],"wp:term":[{"taxonomy":"category","embeddable":true,"href":"https:\/\/www.europesays.com\/es\/wp-json\/wp\/v2\/categories?post=141516"},{"taxonomy":"post_tag","embeddable":true,"href":"https:\/\/www.europesays.com\/es\/wp-json\/wp\/v2\/tags?post=141516"}],"curies":[{"name":"wp","href":"https:\/\/api.w.org\/{rel}","templated":true}]}}