{"id":141524,"date":"2025-09-27T04:06:09","date_gmt":"2025-09-27T04:06:09","guid":{"rendered":"https:\/\/www.europesays.com\/es\/141524\/"},"modified":"2025-09-27T04:06:09","modified_gmt":"2025-09-27T04:06:09","slug":"bon-pop-en-la-selic","status":"publish","type":"post","link":"https:\/\/www.europesays.com\/es\/141524\/","title":{"rendered":"BON POP EN LA SELIC"},"content":{"rendered":"<p class=\"ft-text\"><strong>La feria Selic 2025 (Semana do Libro de Compostela) se va a celebrar en <\/strong><a class=\"ft-link ft-link--decoration\" href=\"https:\/\/www.elcorreogallego.es\/santiago\/\" rel=\"nofollow noopener\" target=\"_blank\"><strong>Santiago<\/strong><\/a><strong> del viernes 3 de octubre al domingo 12 en la Praza da Quintana, con su habitual carpa gigante cubierta, que ya se est\u00e1 instalando para albergar 24 stands, <\/strong> un escenario y dos \u00e1reas extra (una de talleres; otra de car\u00e1cter infantil). As\u00ed, informaron de ello ayer en la rueda de prensa celebrada en Raxoi, la alcaldesa, Goretti Sanmart\u00edn, y la nueva directora art\u00edstica de la Selic, Lorena Conde (suple a Camilo Franco ).<\/p>\n<p>Teresa Moure, Faia D\u00edaz, Eva Veiga&#8230; <\/p>\n<p class=\"ft-text\"><strong>El televisivo Bob Pop es la estrella de la nueva edici\u00f3n de la Selic. Andrea Nunes Bri\u00f3ns, Eli R\u00edos, Gemma Ruiz Pal\u00e0, Teresa Moure, Faia D\u00edaz y Eva Veiga, tambi\u00e9n son parte de la lista de protagonistas.<\/strong> Adem\u00e1s, toman parte entidades y editoras como Atrav\u00e9s, Hugin e Munin, Irm\u00e1s Carton\u00e9, Alvarellos, Cuarto de Inverno o Rodolfo y Priscila; junto a librer\u00edas como Lila de Lilith, Pedreira o Numax; y bibliotecas como la \u00c1nxel Casal o la Xos\u00e9 Saramago; e instituciones como el Consorcio de Santiago,la USC o el Colexio Oficial de Arquitectos de Galicia.<\/p>\n<p><img decoding=\"async\" src=\"https:\/\/www.europesays.com\/es\/wp-content\/uploads\/2025\/09\/7222e62f-e9e8-4533-a203-a91a7dbf96fc_alta-libre-aspect-ratio_default_0.jpg\" width=\"1200\" height=\"675\" alt=\"La alcaldesa de Santiago, Goretti Sanmart\u00edn, y Lorena Conde, directora de Selic\" class=\"ft-helper-img-rd\" loading=\"lazy\" hasdataaida=\"true\"\/><\/p>\n<p class=\"ft-helper-fontColor-quaternary ft-helper-fontSize-body-S ft-helper-spacer-t-xxs\">La alcaldesa de Santiago, Goretti Sanmart\u00edn, y Lorena Conde, directora de Selic  \/ Cedida<\/p>\n<p>Adelanto el domingo<\/p>\n<p class=\"ft-text\"><strong>Como adelanto, la Selic, organizada por el Concello de Santiago, lanza una iniciativa llamada <\/strong><strong>Compostela le no Obradoiro,<\/strong><strong> programada para ma\u00f1ana domingo, de 12 horas a 13 h. \u00abQuere resignificarse o uso do Obradoiro\u00bb <\/strong>y hacer de esa plaza un \u00e1rea de lectura puntual. Esta idea contar\u00e1 con una intervenci\u00f3n de la librera Lola Puerta, que se acaba de jubilar y que este mismo a\u00f1o fue pregonera de la feria del libro de Santiago hecha en mayo (organizada por la Xunta de Galicia y la Federaci\u00f3n de Librer\u00edas).<\/p>\n<p><img decoding=\"async\" src=\"https:\/\/www.europesays.com\/es\/wp-content\/uploads\/2025\/09\/a4ae0325-5598-4495-ad6a-ae14d7cbf86a_alta-libre-aspect-ratio_default_0.jpg\" width=\"1200\" height=\"675\" alt=\"Vieites, Rozas, Garc\u00eda y Gir\u00e1ldez.\" class=\"ft-helper-img-rd\" loading=\"lazy\" hasdataaida=\"true\"\/><\/p>\n<p class=\"ft-helper-fontColor-quaternary ft-helper-fontSize-body-S ft-helper-spacer-t-xxs\">Vieites, Rozas, Garc\u00eda y Gir\u00e1ldez.  \/ Cedida<\/p>\n<p>\u2018Noites Alternas\u2019 en la A. C. Itaca<\/p>\n<p class=\"ft-text\"><strong>El programa de ocio nocturno alternativo Noites Alternas celebra diez a\u00f1os con una programaci\u00f3n de 26 actividades. As\u00ed lo indic\u00f3 ayer en Raxoi la concelleira Mar\u00eda Rozas al presentar ese plan<\/strong>, acompa\u00f1ada por Sara Vieites, Carme Garc\u00eda y Carme Gir\u00e1ldez, las dos \u00faltimas, responsables de la Asociaci\u00f3n Cultural e Xuvenil Itaca, donde han relevado tras diez a\u00f1os a Vieites.<\/p>\n<p class=\"ft-text\"><strong>Del 2 de octubre al 22 de noviembre, habr\u00e1 actividades socioculturales en la sede de esa asociaci\u00f3n, en la r\u00faa do Pombal; en la sede de la asociaci\u00f3n vecinal As Bra\u00f1as de Andr\u00e9s, en Vista Alegre; en el Centro Xove de la Alm\u00e1ciga, y en la Casa das M\u00e1quinas<\/strong> (el nuevo espacio de Galeras). Son propuestas gratuitas que ofrecen entre 15 y 50 plazas. Las inscripciones para participar deben hacerse desde el lunes de la semana propia en que se hace cada actividad, basta para ello visitar la web<a class=\"ft-link ft-link--decoration\" href=\"https:\/\/itaca.gal.\/\" target=\"_blank\" rel=\"nofollow noopener\"> Itaca.gal<\/a>.<\/p>\n","protected":false},"excerpt":{"rendered":"La feria Selic 2025 (Semana do Libro de Compostela) se va a celebrar en Santiago del viernes 3&hellip;\n","protected":false},"author":2,"featured_media":141525,"comment_status":"","ping_status":"","sticky":false,"template":"","format":"standard","meta":{"footnotes":""},"categories":[172],"tags":[22012,224,209,146,147,25,24,14267,599,225,6765,2450,44010,23],"class_list":{"0":"post-141524","1":"post","2":"type-post","3":"status-publish","4":"format-standard","5":"has-post-thumbnail","7":"category-libros","8":"tag-bob","9":"tag-books","10":"tag-cultura","11":"tag-entertainment","12":"tag-entretenimiento","13":"tag-es","14":"tag-espana","15":"tag-estrella","16":"tag-feria","17":"tag-libros","18":"tag-pop","19":"tag-santiago","20":"tag-selic","21":"tag-spain"},"share_on_mastodon":{"url":"","error":""},"_links":{"self":[{"href":"https:\/\/www.europesays.com\/es\/wp-json\/wp\/v2\/posts\/141524","targetHints":{"allow":["GET"]}}],"collection":[{"href":"https:\/\/www.europesays.com\/es\/wp-json\/wp\/v2\/posts"}],"about":[{"href":"https:\/\/www.europesays.com\/es\/wp-json\/wp\/v2\/types\/post"}],"author":[{"embeddable":true,"href":"https:\/\/www.europesays.com\/es\/wp-json\/wp\/v2\/users\/2"}],"replies":[{"embeddable":true,"href":"https:\/\/www.europesays.com\/es\/wp-json\/wp\/v2\/comments?post=141524"}],"version-history":[{"count":0,"href":"https:\/\/www.europesays.com\/es\/wp-json\/wp\/v2\/posts\/141524\/revisions"}],"wp:featuredmedia":[{"embeddable":true,"href":"https:\/\/www.europesays.com\/es\/wp-json\/wp\/v2\/media\/141525"}],"wp:attachment":[{"href":"https:\/\/www.europesays.com\/es\/wp-json\/wp\/v2\/media?parent=141524"}],"wp:term":[{"taxonomy":"category","embeddable":true,"href":"https:\/\/www.europesays.com\/es\/wp-json\/wp\/v2\/categories?post=141524"},{"taxonomy":"post_tag","embeddable":true,"href":"https:\/\/www.europesays.com\/es\/wp-json\/wp\/v2\/tags?post=141524"}],"curies":[{"name":"wp","href":"https:\/\/api.w.org\/{rel}","templated":true}]}}