{"id":141528,"date":"2025-09-27T04:09:26","date_gmt":"2025-09-27T04:09:26","guid":{"rendered":"https:\/\/www.europesays.com\/es\/141528\/"},"modified":"2025-09-27T04:09:26","modified_gmt":"2025-09-27T04:09:26","slug":"spider-man-brand-new-day-confirma-a-uno-de-sus-villanos-y-no-es-ninguna-sorpresa-ya-lo-hemos-visto-antes-vandal","status":"publish","type":"post","link":"https:\/\/www.europesays.com\/es\/141528\/","title":{"rendered":"&#039;Spider-Man: Brand New Day&#039; confirma a uno de sus villanos y no es ninguna sorpresa: ya lo hemos visto antes &#8211; Vandal"},"content":{"rendered":"<ol>\n<li><a href=\"https:\/\/news.google.com\/rss\/articles\/CBMi5AFBVV95cUxOcU5KMnNUUFRNUEttME92Z1NXV2dRbVoyclZZel9tSkM5Yi1uWXk5SkFRSDdCUUhEM1pHM1Z4MXFCcVNOTTFDZ0trWHZNV2xzV2sxb2ZLR3hRT0xzbHBFZVpvc2d0VWNBTktHRHpLRU1jSm9taV9QSU4xVVcxNG94ZjRVc1Z5TFM2bTZFcUFYMDZibXJibUFJQzNzdDNwOUNqWmdnakpmaVhkaFZQMFVMdTdHT3dEQkE5b2NNbjFYV3RhOTZHNmxUbDVQX2pkNW9jem5lM0xkYkhFREdvczJxUG81cVTSAeoBQVVfeXFMT2IxLW92MTlDVDJHVnRiU19Ea09CcVNybEkxTUg0dmdGOURjMVFIUHdKVklfRXNVb0dXMGk5ekEtS1VTUmk5M3lMWTRwcWxQbW51ekhiaWJMWERrbWRLOWdUdUplQ0dhMW00SGtWb1ZLdnR1bGVvWjRWQkNpa0YtU25MZmthWnd1UW0tZ3RTSk1WQ3FkRDRJN1hqN2s0OWxKN2gtUHVlVG10U2R1MDl1MFBzOWNjX19pb1FaVmhuRXl6NnJQc1YzaXpFenJudHpmUDZ6UXJkaGRtSW9kLVY3MmZNZ2prODY5VDl3?oc=5\" target=\"_blank\" rel=\"nofollow noopener\">&#8216;Spider-Man: Brand New Day&#8217; confirma a uno de sus villanos y no es ninguna sorpresa: ya lo hemos visto antes<\/a>&nbsp;&nbsp;Vandal<\/li>\n<li><a href=\"https:\/\/news.google.com\/rss\/articles\/CBMiygFBVV95cUxQRU9jZkx1dnk2YTQxcFdtX1RpcnVLWEhRTHJNVVN4Qld5ekVXWXlIaHVKcjlQUEY5NWpkTmIzZ3ZseXBHTUlXZ1BZaUpvS3g1WVEzTTVVd0tBX1VUYmVCZWRVNDBPTlppdTA4OHJsYnVsSUlhTVBLN2U0b2pNMV9ZLXQ0VHVzam5xZ2F5VEVYekZJS2czaU9sUWNRaXlRbThwTWNfQy1oYnk4VWRveDkxYmpBeWxlQWp1bTNnV1MyNkJtZGotWjVMcldB?oc=5\" target=\"_blank\" rel=\"nofollow noopener\">Marvel Studios aumenta el hype por Spider-Man: Brand New Day con la llegada de uno de los personajes m\u00e1s m\u00edticos de toda la franquicia<\/a>&nbsp;&nbsp;VidaExtra<\/li>\n<li><a href=\"https:\/\/news.google.com\/rss\/articles\/CBMi6wFBVV95cUxQYTNiYmo1WmdBSllsMnV5X0YtRHo4b3Z2V2FScC02TUVZQWtsWHR2dnlIU1lZWlRaazBXRjk1Zi1JcGFaY2x0MHdjNXBpLUI2cjhYbThrWUlFZ1FNSi1rY2hvSy1TeUdndksyN2cyTEg3Mkp6Y1hvTDVsU0tIX1g1eU9sbDlwVjAtUUVSbG5kZnFIYkNvdTlqdVVHNGwyRDZ2Q0d3czhmcEJ0SmxCOU1FWTBTUVR1Ml9MV2F6Z1lyVHZtUGdZZUtrQTVVbjlvbEZJa1d3czBHbEdsc3NubHB6V3A0TzRoMXZmRHVv?oc=5\" target=\"_blank\" rel=\"nofollow noopener\">Confirmado el actor detr\u00e1s de uno de los villanos que se encontrar\u00e1 Spider-Man en su nueva pel\u00edcula. Su voz seguro que te suena<\/a>&nbsp;&nbsp;IGN Espa\u00f1a<\/li>\n<li><a href=\"https:\/\/news.google.com\/rss\/articles\/CBMimwFBVV95cUxNUUFjdE1paXAwdXhfRFhBMnFyTHg1RnJXZlNPVUxJVkZkeHFvRG50WklhSFBpb1FPdmdJblR3aERrd0MzZ0h2Skh4T0ZtV19neTdBeUs4U2FIZGdLc3VGX0FORlgzVkpOSXBUU2lDVU5xa3V3NXptZVhORTRhRmZmTTNxMDVZRFgwdk1yU2xpREFHZjFWOEpxdWZTOA?oc=5\" target=\"_blank\" rel=\"nofollow noopener\">Nuevo d\u00eda \u2018acabo de arrojar un mal repentino<\/a>&nbsp;&nbsp;mascipolletti.com.ar<\/li>\n<li><a href=\"https:\/\/news.google.com\/rss\/articles\/CBMizAFBVV95cUxNYzI3MldCOElfZ1l3NTZvNW5MTU9xZjVaeFdJcmdCYmdHam50N1RselVxSXY1ckxmeUQ0a0RwVjlqQk5HUVk5OFZYdDJhSy1VVThxSEhFdk1VcHdKODhDTnRCbGZsN0tuaWlfYkw1MHQzbFczMVY4alpReEZ1Ym5oY2NBeTFFQ2Z1ZFpIV2JxOUVBUXNoWDQ4V19FV3FmaGFsOUVZRy1MQmNpLVJjT3h1cU1xODJDN0dXelZReEt1RU5rZjhHRlNWYm94T1PSAdIBQVVfeXFMTnhTN3QzU0hBb25ibG5tS2F3N2hjNFdEX3htYTAtSVhUZDkwRFVqZnZaUWtRRGtvdkdHYmpLN2gwQlRvbWw4V0MtT2dOT1RVZ1hJSklYWi16LUdVeUoyd1V3NF8yUXcwV0NOYmo3STFaSVpXbzBIZkZXZUxpQ1ZzRHZyRUlVckdLMmxBWGRwcURkd2VxTjRsc1o3RGs2bl9qYzV2cThuR19fbmh4Z2s1YXdlNXY1ZGU1ZUpXX0JZZmp4VW5RQnllc1NJRmtRaWdRUlJ3?oc=5\" target=\"_blank\" rel=\"nofollow noopener\">Spider-Man: Brand New Day apuesta por el crimen callejero con Tombstone liderando la carga<\/a>&nbsp;&nbsp;Indigo Geek<\/li>\n<\/ol>\n","protected":false},"excerpt":{"rendered":"&#8216;Spider-Man: Brand New Day&#8217; confirma a uno de sus villanos y no es ninguna sorpresa: ya lo hemos&hellip;\n","protected":false},"author":2,"featured_media":141529,"comment_status":"","ping_status":"","sticky":false,"template":"","format":"standard","meta":{"footnotes":""},"categories":[169],"tags":[177,146,147,25,24,2065,176,175,23],"class_list":{"0":"post-141528","1":"post","2":"type-post","3":"status-publish","4":"format-standard","5":"has-post-thumbnail","7":"category-cine","8":"tag-cine","9":"tag-entertainment","10":"tag-entretenimiento","11":"tag-es","12":"tag-espana","13":"tag-faltan-tags","14":"tag-film","15":"tag-movies","16":"tag-spain"},"share_on_mastodon":{"url":"","error":""},"_links":{"self":[{"href":"https:\/\/www.europesays.com\/es\/wp-json\/wp\/v2\/posts\/141528","targetHints":{"allow":["GET"]}}],"collection":[{"href":"https:\/\/www.europesays.com\/es\/wp-json\/wp\/v2\/posts"}],"about":[{"href":"https:\/\/www.europesays.com\/es\/wp-json\/wp\/v2\/types\/post"}],"author":[{"embeddable":true,"href":"https:\/\/www.europesays.com\/es\/wp-json\/wp\/v2\/users\/2"}],"replies":[{"embeddable":true,"href":"https:\/\/www.europesays.com\/es\/wp-json\/wp\/v2\/comments?post=141528"}],"version-history":[{"count":0,"href":"https:\/\/www.europesays.com\/es\/wp-json\/wp\/v2\/posts\/141528\/revisions"}],"wp:featuredmedia":[{"embeddable":true,"href":"https:\/\/www.europesays.com\/es\/wp-json\/wp\/v2\/media\/141529"}],"wp:attachment":[{"href":"https:\/\/www.europesays.com\/es\/wp-json\/wp\/v2\/media?parent=141528"}],"wp:term":[{"taxonomy":"category","embeddable":true,"href":"https:\/\/www.europesays.com\/es\/wp-json\/wp\/v2\/categories?post=141528"},{"taxonomy":"post_tag","embeddable":true,"href":"https:\/\/www.europesays.com\/es\/wp-json\/wp\/v2\/tags?post=141528"}],"curies":[{"name":"wp","href":"https:\/\/api.w.org\/{rel}","templated":true}]}}