{"id":141531,"date":"2025-09-27T04:12:09","date_gmt":"2025-09-27T04:12:09","guid":{"rendered":"https:\/\/www.europesays.com\/es\/141531\/"},"modified":"2025-09-27T04:12:09","modified_gmt":"2025-09-27T04:12:09","slug":"woody-allen-mientras-haya-libertad-de-expresion-habra-humor-cultura","status":"publish","type":"post","link":"https:\/\/www.europesays.com\/es\/141531\/","title":{"rendered":"Woody Allen: \u201cMientras haya libertad de expresi\u00f3n habr\u00e1 humor\u201d | Cultura"},"content":{"rendered":"<p class=\"\">En \u00bfQu\u00e9 pasa con Baum? (Alianza), el debut como novelista de <a href=\"https:\/\/elpais.com\/noticias\/woody-allen\/3\/\" target=\"_blank\" rel=\"noreferrer nofollow noopener\" title=\"https:\/\/elpais.com\/noticias\/woody-allen\/3\/\">Woody Allen<\/a> a los 89 a\u00f1os, se respira el mismo aire que en sus pel\u00edculas: las calles de Manhattan, la visita a los museos, a librer\u00edas y al bar del Hotel Carlyle, las canciones de Cole Porter, los enredos amorosos, y un neur\u00f3tico protagonista jud\u00edo. Tampoco faltan los gui\u00f1os a algunos episodios de la propia biograf\u00eda del c\u00e9lebre cineasta, cuya inmensa popularidad y reconocimiento han dado paso en la \u00faltima d\u00e9cada al <a href=\"https:\/\/elpais.com\/elpais\/2020\/06\/15\/icon\/1592208849_600533.html\" target=\"_blank\" rel=\"noreferrer nofollow noopener\" title=\"https:\/\/elpais.com\/elpais\/2020\/06\/15\/icon\/1592208849_600533.html\">se\u00f1alamiento y rechazo<\/a> por una parte del p\u00fablico, especialmente en Estados Unidos. <\/p>\n<p class=\"\">En su novela, la tercera mujer de Asher Baum, el escritor cincuent\u00f3n protagonista, procede de una notable familia de Los \u00c1ngeles; consigue convencerle para vivir en Connecticut, un lugar que \u00e9l, orgulloso urbanita neoyorquino, detesta; y, adem\u00e1s, la bella Connie tiene absoluta pasi\u00f3n por su hijo sabelotodo y mimado, con quien el personaje del novelista rivaliza. Por si esto fuera poco, a Baum le acecha una acusaci\u00f3n de acoso por parte de una periodista en pleno fragor del Me Too y, ante las posibles protestas de los empleados del sello donde publica, parece que se queda sin editor. Los ecos de la novela remiten a <a href=\"https:\/\/elpais.com\/television\/2021-02-22\/woody-allen-responde-a-la-serie-documental-de-hbo-no-tienen-interes-en-la-verdad-esta-plagado-de-falsedades.html\" target=\"_blank\" rel=\"noreferrer nofollow noopener\" title=\"https:\/\/elpais.com\/television\/2021-02-22\/woody-allen-responde-a-la-serie-documental-de-hbo-no-tienen-interes-en-la-verdad-esta-plagado-de-falsedades.html\">Mia Farrow<\/a>, dos de sus hijos (Fletcher Previn y <a href=\"https:\/\/elpais.com\/elpais\/2020\/06\/08\/icon\/1591613656_765065.html\" target=\"_blank\" rel=\"noreferrer nofollow noopener\" title=\"https:\/\/elpais.com\/elpais\/2020\/06\/08\/icon\/1591613656_765065.html\">Ronan Farrow<\/a>), tambi\u00e9n a la pol\u00e9mica retirada del volumen de memorias de Allen A prop\u00f3sito de nada (Alianza, 2020) por parte del grupo Hachette tras la protesta de los trabajadores, pero en \u00bfQu\u00e9 pasa con Baum? el tono c\u00f3mico prevalece. Allen, director de 50 pel\u00edculas y autor de innumerables mon\u00f3logos y piezas c\u00f3micas desde su adolescencia, parece m\u00e1s interesado en hacer chistes que en saldar cuentas. Responde a esta entrevista por videoconferencia y le acompa\u00f1a su asistente, que se encuentra en la habitaci\u00f3n junto a \u00e9l, pero fuera del tiro de c\u00e1mara. <\/p>\n<p class=\"\"><b>Pregunta. <\/b>\u00bfC\u00f3mo lleg\u00f3 a esta novela? \u00bfPens\u00f3 esta historia en otro formato? <\/p>\n<p class=\"\"><b>Respuesta. <\/b>S\u00ed, la pens\u00e9 como una pel\u00edcula o una obra, pero todo resultaba inc\u00f3modo porque ten\u00eda que encontrar el dinero, mantener reuniones, conseguir un actor y luego ir a alg\u00fan sitio y dirigirlo. Si hac\u00eda una novela no ser\u00eda caro y siempre me ha gustado escribir prosa, algo que he hecho toda mi vida. Decid\u00ed hacerlo as\u00ed y disfrutarlo. <\/p>\n<p class=\"\"><b>P.<\/b> El protagonista se pregunta si hay alguien dispuesto a escucharle con \u201cconsideraci\u00f3n y empat\u00eda\u201d. \u00bfComparte esa duda? Recientemente, <a href=\"https:\/\/elpais.com\/cultura\/2025-08-25\/woody-allen-se-ofrece-a-rodar-una-pelicula-en-rusia-en-plena-invasion-de-ucrania.html\" target=\"_blank\" rel=\"nofollow noopener\" title=\"https:\/\/elpais.com\/cultura\/2025-08-25\/woody-allen-se-ofrece-a-rodar-una-pelicula-en-rusia-en-plena-invasion-de-ucrania.html\">su participaci\u00f3n en el festival de cine de Rusia<\/a> fue muy pol\u00e9mica. <\/p>\n<p class=\"\"><b>R.<\/b> Realmente no le he dado mucha importancia. No viaj\u00e9 all\u00ed, particip\u00e9 por videoconferencia en un debate despu\u00e9s de ver una pel\u00edcula. Es muy importante que la gente de buena voluntad, artistas y p\u00fablico, se comunique y hable. No nos bombardeamos ni disparamos, hablamos de arte, no hab\u00eda ning\u00fan prop\u00f3sito\u2026<\/p>\n<p class=\"\"><b>P. <\/b>\u00bfDe validar una invasi\u00f3n, o apoyar al r\u00e9gimen del pa\u00eds que promueve ese festival? <\/p>\n<p class=\"\"><b>R.<\/b> Ah\u00ed se hablaba de pel\u00edculas, y no ten\u00eda nada que ver con apoyar a un gobierno. Luego dej\u00e9 claro que pienso que Putin es responsable de la guerra completamente. Pero esa es mi postura pol\u00edtica, el festival era gente del cine hablando de cine. Y eso es importante. Los cient\u00edficos y artistas tienen que seguir hablando, m\u00e1s que ser divisivos. <\/p>\n<p class=\"\"><b>P.<\/b> En su novela, Baum recuerda las discusiones que ha tenido con un viejo amigo en las que expon\u00edan \u201cpuntos de vista en conflicto\u201d sobre todo tipo de temas, incluido Oriente Pr\u00f3ximo. \u00bfEs dif\u00edcil hoy tener este tipo de conversaciones? <\/p>\n<p class=\"\"><b>R.<\/b> En una cena o dando un paseo con los amigos \u00edntimos, uno tiene discusiones sobre multitud de cosas, y mucho es trivial, cotilleos y bromas. A veces discutes cosas serias. Yo no s\u00e9 lo bastante para hablar p\u00fablicamente, no soy un experto y me convertir\u00eda en otra persona del mundo del espect\u00e1culo, ignorante de lo que verdaderamente pasa, que opina. Con mis amigos puedo hablar de lo que sea porque se queda en mi cuarto de estar y no tiene ninguna consecuencia el que proclamemos nuestro est\u00fapido punto de vista en nuestro intercambio de desinformaci\u00f3n. Pero hacer eso p\u00fablicamente es gastar el tiempo de los dem\u00e1s. <\/p>\n<p class=\"\"><b>P.<\/b> La trama de la novela tiene ecos de algunas cosas que usted ha vivido, como que<a href=\"\" rel=\"\" title=\"\"> los empleados de la editorial donde publica el protagonista protesten<\/a>. \u00bfLlevar eso a la ficci\u00f3n ayuda a procesarlo? <\/p>\n<p class=\"\"><b>R. <\/b>Lo que me gu\u00eda cuando escribo es tratar de hacer algo entretenido y divertido. Si me pasa algo y lo encuentro divertido lo incluyo, como aquello de la pesca y las ranas y las moscas que puse en mis memorias. Cuando hac\u00eda pel\u00edculas la gente pensaba que yo era el personaje pero nunca lo era, los papeles que interpretaba estaban incre\u00edblemente exagerados para resultar c\u00f3micos. <\/p>\n<p><img decoding=\"auto\" class=\"_re lazyload a_m-v\" height=\"621\"  width=\"414\"  src=\"https:\/\/www.europesays.com\/es\/wp-content\/uploads\/2025\/09\/ZAL7DQIPGBBLJGVWO2MXBFQ6GA.jpg\" loading=\"lazy\"\/>Allen, en Barcelona en 2023.Kike Rinc\u00f3n (Kike Rincon)<\/p>\n<p class=\"\"><b>P. <\/b>\u00bfQu\u00e9 le acerca a Baum y qu\u00e9 le aleja de \u00e9l? <\/p>\n<p class=\"\"><b>R.<\/b> Comparto su queja constante sobre lo terrible que es la vida, qu\u00e9 miedo da y c\u00f3mo de sobrecogedor es el universo comparado con lo peque\u00f1os que somos. Tambi\u00e9n querer hacer algo genial pero no tener el talento para hacerlo y amar la ciudad m\u00e1s que el campo. Pero no tengo ese hermano ni esa vida, yo he sido director de cine. <\/p>\n<p class=\"\"><b>P.<\/b> Lleva m\u00e1s de 50 a\u00f1os en el negocio de la comedia, dedicado a hacer re\u00edr. \u00bfEl humor cambia con el tiempo? \u00bfLo que era gracioso ya no lo es? <\/p>\n<p class=\"\"><b>R. <\/b>Lo que cambia es solo la cosm\u00e9tica. <a href=\"https:\/\/elpais.com\/elpais\/2015\/10\/20\/eps\/1445341180_464573.html\" target=\"_blank\" rel=\"noreferrer nofollow noopener\" title=\"https:\/\/elpais.com\/elpais\/2015\/10\/20\/eps\/1445341180_464573.html\">Chaplin y Buster Keaton<\/a> llegaron despu\u00e9s de la revoluci\u00f3n industrial y hac\u00edan re\u00edr a la gente con cosas f\u00edsicas porque el mundo estaba obsesionado con las v\u00edas de tren, las f\u00e1bricas; era la cosm\u00e9tica del momento. A\u00f1os despu\u00e9s lleg\u00f3 la revoluci\u00f3n freudiana, la gente descubri\u00f3 la psicolog\u00eda y los c\u00f3micos empezaron a hacer bromas con eso. La parte exterior cambia, pero la comedia en s\u00ed no. <\/p>\n<p class=\"\"><b>P.<\/b> Hoy hay una <a href=\"https:\/\/elpais.com\/television\/2025-09-18\/que-dijo-jimmy-kimmel-sobre-charlie-kirk-estas-son-las-palabras-que-han-provocado-su-despedido.html\" target=\"_blank\" rel=\"noreferrer nofollow noopener\" title=\"https:\/\/elpais.com\/television\/2025-09-18\/que-dijo-jimmy-kimmel-sobre-charlie-kirk-estas-son-las-palabras-que-han-provocado-su-despedido.html\">enorme presi\u00f3n en EE UU sobre los c\u00f3micos, los late night shows y sus presentadores<\/a>. \u00bfQu\u00e9 opina? <\/p>\n<p class=\"\"><b>R.<\/b> Yo es que nac\u00ed dem\u00f3crata, as\u00ed que siempre que hay una administraci\u00f3n republicana sospecho y me quejo. Lo mismo esta vez. Estamos atravesando un periodo en el que se est\u00e1 poniendo en cuesti\u00f3n la libertad de expresi\u00f3n y los derechos de las mujeres y el aborto, y todas las cosas que estos republicanos que est\u00e1n al cargo hacen y a las que me opongo. Con un poco de suerte en las pr\u00f3ximas elecciones las urnas les echar\u00e1n y los dem\u00f3cratas llegar\u00e1n y me quejar\u00e9 de ellos, pero de otra manera, no sobre los derechos de los ciudadanos en este pa\u00eds o el rechazo a la ciencia. <\/p>\n<p class=\"\"><b>P.<\/b> Se ha dicho que la llegada de Trump a la Casa Blanca era el fin de la s\u00e1tira y el humor. <\/p>\n<p class=\"\"><b>R.<\/b> No importa lo mal que se pongan las cosas, la gente siempre har\u00e1 chistes. Incluso en la Alemania nazi se hac\u00edan en voz baja. Si los comediantes tienen libertad, siempre habr\u00e1 humor sobre el pa\u00eds, los pol\u00edticos, el sexo, el matrimonio. Si no pueden hablar porque infringen la ley, entonces s\u00ed hay un problema serio. Mientras haya libertad de expresi\u00f3n habr\u00e1 humor, lo importante es que ese derecho se proteja. <\/p>\n<p class=\"\"><b>P. <\/b>En su trabajo ha bromeado con frecuencia sobre el antisemitismo y parodiado la sensaci\u00f3n de persecuci\u00f3n permanente, pero en los \u00faltimos tiempos <a href=\"https:\/\/elpais.com\/ideas\/2025-08-23\/catherine-chalier-filosofa-se-puede-ser-critico-con-la-guerra-en-gaza-pero-ser-antisemita-es-otra-cosa.html\" target=\"_blank\" rel=\"noreferrer nofollow noopener\" title=\"https:\/\/elpais.com\/ideas\/2025-08-23\/catherine-chalier-filosofa-se-puede-ser-critico-con-la-guerra-en-gaza-pero-ser-antisemita-es-otra-cosa.html\">esa conversaci\u00f3n ha entrado en una fase <\/a>menos c\u00f3mica. \u00bfQu\u00e9 opina? <\/p>\n<p class=\"\"><b>R. <\/b>Siempre habr\u00e1 antisemitismo porque, como dice esa cita de Einstein, somos un \u201cgrupo lastimoso\u201d. Siempre habr\u00e1 prejuicios contra los jud\u00edos, las mujeres, los negros, las minor\u00edas, eso ya lo sabemos. En cuanto a Oriente Pr\u00f3ximo, es un punto de conflicto y un problema desde hace d\u00e9cadas. Gente muy inteligente, escritores muy finos y pol\u00edticos listos han tratado de solventarlo y no han podido. Es algo muy complejo. Leo en los peri\u00f3dicos algo que una persona muy inteligente escribi\u00f3 y al d\u00eda siguiente hay otra cosa de otra persona distinta, tambi\u00e9n muy inteligente. Hay cruce de acusaciones. Es dif\u00edcil hablar de esto aunque, evidentemente, quiero que esto se resuelva pac\u00edfica y r\u00e1pidamente, con el menor da\u00f1o posible, pero mira lo que est\u00e1 pasando. No tengo nada muy inteligente que aportar. <\/p>\n<p class=\"\"><b>P.<\/b> Usted gozaba de un enorme \u00e9xito y reconocimiento y hac\u00eda gala de un profundo pesimismo. En los \u00faltimos a\u00f1os ha sido objeto de fuertes cr\u00edticas y del rechazo de una parte del p\u00fablico. \u00bfEse pesimismo le prepar\u00f3 o esto que ha ocurrido le ha vuelto finalmente en un optimista? <\/p>\n<p class=\"\"><b>R. <\/b>Trabajo, no le doy vueltas. Hice mi primera pel\u00edcula en 1967 y nunca he vuelto a ver ni esa ni ninguna, no leo las cr\u00edticas, ni las entrevistas. Todo eso est\u00e1 lejos de mi vida. Yo termino un proyecto y me divierto un poco, toco m\u00fasica, voy a ver competiciones deportivas y me lanzo a trabajar en lo siguiente. Cuando me preguntan c\u00f3mo he tenido tiempo de hacer tantas pel\u00edculas, escribir para The New Yorker y hacer mon\u00f3logos y obras de teatro, pues simplemente no perdiendo el tiempo, pensando en m\u00ed mismo o en lo que otros escriben sobre m\u00ed. No me interesa. Y, no quiero compararme, pero cuando Dostoievski escrib\u00eda un libro estoy seguro de que no le\u00eda lo que se dec\u00edan sobre \u00e9l y pensaba \u201cla pr\u00f3xima vez tengo que hacerlo m\u00e1s gracioso\u201d. No aprendes nada con eso. Hay que trabajar y seguir sin distraerte, pensando qu\u00e9 terrible es la vida y c\u00f3mo la gente la vuelve peor de lo que ten\u00eda que ser. Si eres un mis\u00e1ntropo, yo lo soy, la gente no puede decepcionarte. <\/p>\n<p class=\"\"><b>P. <\/b>A pesar de esa misantrop\u00eda, no parece estar aislado. En su novela hace bromas, por ejemplo, con el <a href=\"https:\/\/elpais.com\/noticias\/movimiento-metoo\/\" target=\"_blank\" rel=\"noreferrer nofollow noopener\" title=\"https:\/\/elpais.com\/noticias\/movimiento-metoo\/\">movimiento Me Too<\/a> que acecha al protagonista. <\/p>\n<p class=\"\"><b>R.<\/b> Yo hago un chiste con cualquier cosa que se me ocurra. Leo las noticias y tengo un conocimiento superficial, no profundo, como todos, de lo que est\u00e1 pasando. He hecho 50 pel\u00edculas y ninguna ha sido sobre pol\u00edtica, sino de cosas que me hab\u00edan pasado, historias entre hombres y mujeres, pensamientos existencialistas. <\/p>\n<p class=\"\"><b>P.<\/b> \u00bfEn qu\u00e9 est\u00e1 trabajando? <\/p>\n<p class=\"\"><b>R.<\/b> Acabo de terminar una obra de teatro. Hay un montaje en Budapest que lleva all\u00ed casi un a\u00f1o, otro que se est\u00e1 ensayando en Alemania y otro en San Petersburgo, y hay otra obra que puede que traigamos a los Estados Unidos. Tambi\u00e9n me gustar\u00eda escribir otro libro. <\/p>\n<p class=\"\"><b>P. <\/b>\u00bfNo m\u00e1s pel\u00edculas? <\/p>\n<p class=\"\"><b>R.<\/b> Solo si alguien viene a buscarme con el dinero. Siempre tengo problemas con la financiaci\u00f3n, porque quieren saber de qu\u00e9 trata la pel\u00edcula y qu\u00e9 estrella va a actuar y yo no quiero tener que debatir nada de eso. <\/p>\n","protected":false},"excerpt":{"rendered":"En \u00bfQu\u00e9 pasa con Baum? (Alianza), el debut como novelista de Woody Allen a los 89 a\u00f1os, se&hellip;\n","protected":false},"author":2,"featured_media":141532,"comment_status":"","ping_status":"","sticky":false,"template":"","format":"standard","meta":{"footnotes":""},"categories":[91],"tags":[177,209,146,147,25,24,225,1645,896,753,23,44011],"class_list":{"0":"post-141531","1":"post","2":"type-post","3":"status-publish","4":"format-standard","5":"has-post-thumbnail","7":"category-entretenimiento","8":"tag-cine","9":"tag-cultura","10":"tag-entertainment","11":"tag-entretenimiento","12":"tag-es","13":"tag-espana","14":"tag-libros","15":"tag-novela","16":"tag-nueva-york","17":"tag-peliculas","18":"tag-spain","19":"tag-woody-allen"},"share_on_mastodon":{"url":"","error":""},"_links":{"self":[{"href":"https:\/\/www.europesays.com\/es\/wp-json\/wp\/v2\/posts\/141531","targetHints":{"allow":["GET"]}}],"collection":[{"href":"https:\/\/www.europesays.com\/es\/wp-json\/wp\/v2\/posts"}],"about":[{"href":"https:\/\/www.europesays.com\/es\/wp-json\/wp\/v2\/types\/post"}],"author":[{"embeddable":true,"href":"https:\/\/www.europesays.com\/es\/wp-json\/wp\/v2\/users\/2"}],"replies":[{"embeddable":true,"href":"https:\/\/www.europesays.com\/es\/wp-json\/wp\/v2\/comments?post=141531"}],"version-history":[{"count":0,"href":"https:\/\/www.europesays.com\/es\/wp-json\/wp\/v2\/posts\/141531\/revisions"}],"wp:featuredmedia":[{"embeddable":true,"href":"https:\/\/www.europesays.com\/es\/wp-json\/wp\/v2\/media\/141532"}],"wp:attachment":[{"href":"https:\/\/www.europesays.com\/es\/wp-json\/wp\/v2\/media?parent=141531"}],"wp:term":[{"taxonomy":"category","embeddable":true,"href":"https:\/\/www.europesays.com\/es\/wp-json\/wp\/v2\/categories?post=141531"},{"taxonomy":"post_tag","embeddable":true,"href":"https:\/\/www.europesays.com\/es\/wp-json\/wp\/v2\/tags?post=141531"}],"curies":[{"name":"wp","href":"https:\/\/api.w.org\/{rel}","templated":true}]}}