{"id":141543,"date":"2025-09-27T04:19:08","date_gmt":"2025-09-27T04:19:08","guid":{"rendered":"https:\/\/www.europesays.com\/es\/141543\/"},"modified":"2025-09-27T04:19:08","modified_gmt":"2025-09-27T04:19:08","slug":"la-estrategia-cantabra-para-acercar-a-la-infancia-la-violencia-taurina","status":"publish","type":"post","link":"https:\/\/www.europesays.com\/es\/141543\/","title":{"rendered":"La estrategia c\u00e1ntabra para acercar a la infancia la violencia taurina"},"content":{"rendered":"<p class=\"article-text\">\n        En 2024 una noticia sorprend\u00eda a la ciudadan\u00eda de Cantabria: la Consejer\u00eda de Presidencia anunciaba ayudas directas para organizar eventos taurinos en localidades \u201cen riesgo de despoblaci\u00f3n\u201d, precisamente con esa justificaci\u00f3n: que la tauromaquia ayudaba a fijar nuevas y nuevos pobladores en peque\u00f1os municipios.\n    <\/p>\n<p class=\"article-text\">\n        Ese mismo a\u00f1o resolv\u00eda la primera convocatoria de subvenciones, unos 42.000 euros, para un select\u00edsimo grupo de localidades, que financiar\u00eda la organizaci\u00f3n de corridas, novilladas, encierros o sueltas de vaquillas. La convocatoria permit\u00eda incluso pagar gastos de propaganda e imprenta. Un todo incluido de manual.\n    <\/p>\n<p class=\"article-text\">\n        Un a\u00f1o despu\u00e9s se volv\u00eda a anunciar la pol\u00e9mica convocatoria y el argumentario del PP de Cantabria, que gobierna la Comunidad con no pocas manitas de la ultraderecha, hab\u00eda cambiado. Ahora ya no era \u201cfijar poblaci\u00f3n\u201d, se trataba de \u201cdar a conocer\u201d los pueblos con una corrida de toros. S\u00ed, miles de euros para una actividad de menos de dos horas contribu\u00eda a situar Rasines, Molledo o B\u00e1rcena de Pie de Concha. Tremendo.\n    <\/p>\n<p class=\"article-text\">\n        La estrategia es clara: promocionar artificialmente la tauromaquia en el rural c\u00e1ntabro con dinero p\u00fablico, a pesar del desinter\u00e9s de la ciudadan\u00eda por estas pr\u00e1cticas y del rechazo mayoritario de la sociedad al maltrato animal institucionalizado como actividad de ocio.\n    <\/p>\n<p class=\"article-text\">\n        Sin embargo, la iniciativa de estas \u201cpaguitas\u201d municipales tiene otra derivada: la de promover la participaci\u00f3n de personas menores de edad. En la pr\u00e1ctica totalidad de los festejos taurinos subvencionados en 2024 y 2025 por el Gobierno de Cantabria se han incorporado promociones, ofertas e incluso el acceso gratuito de beb\u00e9s, de ni\u00f1as, de ni\u00f1os o de adolescentes. Precios m\u00e1s bajos para que cualquier adulto introduzca a su hijo, a su sobrina o a su nieto en la violencia de la tauromaquia.\n    <\/p>\n<p class=\"article-text\">\n        Hace poco, <a href=\"https:\/\/www.eldiario.es\/cantabria\/ultimas-noticias\/denuncian-promociones-infantiles-acceder-actos-taurinos-cantabria_1_12622894.html\" data-mrf-recirculation=\"links-noticia\" class=\"link\" rel=\"nofollow noopener\" target=\"_blank\">Fundaci\u00f3n Franz Weber denunciaba<\/a> las promociones para menores en la \u201csuelta de vaquillas\u201d de Pisue\u00f1a y presentaba una denuncia administrativa por la suelta de un becerrito ensogado entre unos pocos ni\u00f1os y ni\u00f1as en La Edilla, en el municipio de Rasines, por ser un espect\u00e1culo radicalmente ilegal. Tambi\u00e9n <a href=\"https:\/\/www.instagram.com\/federaciondean\/\" data-mrf-recirculation=\"links-noticia\" class=\"link\" target=\"_blank\" rel=\"nofollow noopener\">Federaci\u00f3n DEAN<\/a> solicitaba documentaci\u00f3n sobre los permisos otorgados a actividades similares en otros municipios en progresiva despoblaci\u00f3n.\n    <\/p>\n<p class=\"article-text\">\n        Todo configura un leit motiv muy claro, que no es otro que buscar a la desesperada y con fuerte soporte institucional el relevo de la tauromaquia.\n    <\/p>\n<p class=\"article-text\">\n        A ello podemos sumar la ciudad de Santander, cuya alcaldesa, Gema Igual, lleva a\u00f1os con una bochornosa promoci\u00f3n de todo lo que huela a sangre de toro. Ha promocionado la feria taurina con desplazamientos a municipios de otras comunidades aut\u00f3nomas, una colecci\u00f3n de cromos taurinos de dudoso inter\u00e9s p\u00fablico, ha cedido la plaza de toros p\u00fablica a una escuela taurina pr\u00e1cticamente sin inscritos y con domicilio fiscal en Palencia, ha duplicado la aportaci\u00f3n a la sociedad que administra esta plaza, hasta los 70.000 euros anuales\u2026 Y todo ello animando a que los y las m\u00e1s peque\u00f1as de la casa vean c\u00f3mo se maltrata a un toro o un novillo hasta la muerte.\n    <\/p>\n<p class=\"article-text\">\n        Mientras los grupos m\u00e1s vulnerables, en efervescente desarrollo moral e intelectual, todav\u00eda tienen problemas para el acceso digno a su pediatra en el pueblo, a disponer de instalaciones deportivas y educativas en buen estado, o a una programaci\u00f3n cultural y festiva de calidad, la estrategia c\u00e1ntabra trazada por PP, Vox y en no pocas ocasiones el Partido Regionalista, fomenta la violencia y la mutilaci\u00f3n de animales como alternativa de ocio.\n    <\/p>\n<p>                <script async src=\"\/\/www.instagram.com\/embed.js\"><\/script><\/p>\n","protected":false},"excerpt":{"rendered":"En 2024 una noticia sorprend\u00eda a la ciudadan\u00eda de Cantabria: la Consejer\u00eda de Presidencia anunciaba ayudas directas para&hellip;\n","protected":false},"author":2,"featured_media":141544,"comment_status":"","ping_status":"","sticky":false,"template":"","format":"standard","meta":{"footnotes":""},"categories":[277],"tags":[373,168,25,24,44014,3624,956,23,167,625,374,432],"class_list":{"0":"post-141543","1":"post","2":"type-post","3":"status-publish","4":"format-standard","5":"has-post-thumbnail","7":"category-toreo","8":"tag-bullfighting","9":"tag-deportes","10":"tag-es","11":"tag-espana","12":"tag-gobierno-de-cantabria","13":"tag-infancia","14":"tag-pp","15":"tag-spain","16":"tag-sports","17":"tag-tauromaquia","18":"tag-toreo","19":"tag-violencia"},"share_on_mastodon":{"url":"","error":""},"_links":{"self":[{"href":"https:\/\/www.europesays.com\/es\/wp-json\/wp\/v2\/posts\/141543","targetHints":{"allow":["GET"]}}],"collection":[{"href":"https:\/\/www.europesays.com\/es\/wp-json\/wp\/v2\/posts"}],"about":[{"href":"https:\/\/www.europesays.com\/es\/wp-json\/wp\/v2\/types\/post"}],"author":[{"embeddable":true,"href":"https:\/\/www.europesays.com\/es\/wp-json\/wp\/v2\/users\/2"}],"replies":[{"embeddable":true,"href":"https:\/\/www.europesays.com\/es\/wp-json\/wp\/v2\/comments?post=141543"}],"version-history":[{"count":0,"href":"https:\/\/www.europesays.com\/es\/wp-json\/wp\/v2\/posts\/141543\/revisions"}],"wp:featuredmedia":[{"embeddable":true,"href":"https:\/\/www.europesays.com\/es\/wp-json\/wp\/v2\/media\/141544"}],"wp:attachment":[{"href":"https:\/\/www.europesays.com\/es\/wp-json\/wp\/v2\/media?parent=141543"}],"wp:term":[{"taxonomy":"category","embeddable":true,"href":"https:\/\/www.europesays.com\/es\/wp-json\/wp\/v2\/categories?post=141543"},{"taxonomy":"post_tag","embeddable":true,"href":"https:\/\/www.europesays.com\/es\/wp-json\/wp\/v2\/tags?post=141543"}],"curies":[{"name":"wp","href":"https:\/\/api.w.org\/{rel}","templated":true}]}}