{"id":141547,"date":"2025-09-27T04:23:05","date_gmt":"2025-09-27T04:23:05","guid":{"rendered":"https:\/\/www.europesays.com\/es\/141547\/"},"modified":"2025-09-27T04:23:05","modified_gmt":"2025-09-27T04:23:05","slug":"kiko-garcia-merito-deportivo-por-ser-clave-en-la-proyeccion-de-la-vuelta","status":"publish","type":"post","link":"https:\/\/www.europesays.com\/es\/141547\/","title":{"rendered":"Kiko Garc\u00eda, M\u00e9rito Deportivo por ser clave en la proyecci\u00f3n de La Vuelta"},"content":{"rendered":"<p class=\"ft-text\">El burrianense <a class=\"ft-link ft-link--decoration\" href=\"https:\/\/www.elperiodicomediterraneo.com\/sociedad\/2025\/05\/13\/diputacion-premia-kiko-garcia-galardon-ciclismo-provincia-117353850.html\" rel=\"nofollow noopener\" target=\"_blank\">Kiko Garc\u00eda<\/a>, que viene <strong>organizando La Vuelta a Espa\u00f1a desde el a\u00f1o 2015 <\/strong>como <strong>director t\u00e9cnico de la competici\u00f3n<\/strong>, recibi\u00f3 ayer el galard\u00f3n de <a class=\"ft-link ft-link--decoration\" href=\"https:\/\/www.elperiodicomediterraneo.com\/castello-provincia\/2025\/09\/25\/ain-viste-gala-vivir-dia-diputacion-castellon-mediterraneo-alta-distincion-121946075.html\" rel=\"nofollow noopener\" target=\"_blank\">la Diputaci\u00f3n de Castell\u00f3n<\/a> en la categor\u00eda de <strong>m\u00e9rito deportivo <\/strong>por su papel clave en esta cita.<\/p>\n<p>Art\u00edfice del \u00e9xito<\/p>\n<p class=\"ft-text\">Y es que es uno de los art\u00edfices de que hoy La Vuelta sea considerada una de las tres grandes del ciclismo junto con el Tour y el Giro y se haya afianzado como uno de los grandes eventos a nivel mundial.<\/p>\n<p class=\"ft-text\">Adem\u00e1s de su contribuci\u00f3n a la vuelta, cuya \u00faltima edici\u00f3n con recorrido en la provincia de Castell\u00f3n se dio en el a\u00f1o 2023, Garc\u00eda atesora una destacada trayectoria en lo que respecta al \u00e1mbito deportivo. Y es que , anteriormente, <strong>fue ciclista profesional desde 1988 hasta 1992<\/strong>, y toda su carrera la llev\u00f3 a cabo dentro de las filas del conjunto de la ONCE.<\/p>\n<p class=\"ft-text\">Asimismo, particip\u00f3 en los<strong> Juegos Ol\u00edmpicos de Barcelona<\/strong> en 1992.<\/p>\n<p>La Vuelta en Castell\u00f3n<\/p>\n<p class=\"ft-text\">Para la instituci\u00f3n provincial la Vuelta va mucho m\u00e1s all\u00e1 del punto de vista del deporte, dado que conlleva<strong> un gran reclamo y promoci\u00f3n tur\u00edstica<\/strong>.<\/p>\n<p class=\"ft-text\">De hecho, este acontecimiento \u00fanico situ\u00f3 a la provincia en el mapa deportivo y permiti\u00f3<strong> difundir im\u00e1genes del patrimonio y paisajes de Castell\u00f3n a millones de espectadores <\/strong>de todo el pa\u00eds, e incluso de todo el mundo.<\/p>\n","protected":false},"excerpt":{"rendered":"El burrianense Kiko Garc\u00eda, que viene organizando La Vuelta a Espa\u00f1a desde el a\u00f1o 2015 como director t\u00e9cnico&hellip;\n","protected":false},"author":2,"featured_media":141548,"comment_status":"","ping_status":"","sticky":false,"template":"","format":"standard","meta":{"footnotes":""},"categories":[273],"tags":[3965,313,1757,312,168,412,24223,25,24,3142,3523,7789,39736,531,23,167,1357],"class_list":{"0":"post-141547","1":"post","2":"type-post","3":"status-publish","4":"format-standard","5":"has-post-thumbnail","7":"category-ciclismo","8":"tag-castellon","9":"tag-ciclismo","10":"tag-ciclista","11":"tag-cycling","12":"tag-deportes","13":"tag-deportivo","14":"tag-dia-de-la-provincia","15":"tag-es","16":"tag-espana","17":"tag-garcia","18":"tag-kiko","19":"tag-la-vuelta","20":"tag-merito","21":"tag-once","22":"tag-spain","23":"tag-sports","24":"tag-vuelta"},"share_on_mastodon":{"url":"","error":""},"_links":{"self":[{"href":"https:\/\/www.europesays.com\/es\/wp-json\/wp\/v2\/posts\/141547","targetHints":{"allow":["GET"]}}],"collection":[{"href":"https:\/\/www.europesays.com\/es\/wp-json\/wp\/v2\/posts"}],"about":[{"href":"https:\/\/www.europesays.com\/es\/wp-json\/wp\/v2\/types\/post"}],"author":[{"embeddable":true,"href":"https:\/\/www.europesays.com\/es\/wp-json\/wp\/v2\/users\/2"}],"replies":[{"embeddable":true,"href":"https:\/\/www.europesays.com\/es\/wp-json\/wp\/v2\/comments?post=141547"}],"version-history":[{"count":0,"href":"https:\/\/www.europesays.com\/es\/wp-json\/wp\/v2\/posts\/141547\/revisions"}],"wp:featuredmedia":[{"embeddable":true,"href":"https:\/\/www.europesays.com\/es\/wp-json\/wp\/v2\/media\/141548"}],"wp:attachment":[{"href":"https:\/\/www.europesays.com\/es\/wp-json\/wp\/v2\/media?parent=141547"}],"wp:term":[{"taxonomy":"category","embeddable":true,"href":"https:\/\/www.europesays.com\/es\/wp-json\/wp\/v2\/categories?post=141547"},{"taxonomy":"post_tag","embeddable":true,"href":"https:\/\/www.europesays.com\/es\/wp-json\/wp\/v2\/tags?post=141547"}],"curies":[{"name":"wp","href":"https:\/\/api.w.org\/{rel}","templated":true}]}}