{"id":141549,"date":"2025-09-27T04:24:24","date_gmt":"2025-09-27T04:24:24","guid":{"rendered":"https:\/\/www.europesays.com\/es\/141549\/"},"modified":"2025-09-27T04:24:24","modified_gmt":"2025-09-27T04:24:24","slug":"fernando-alonso-embajador-del-circuit-de-barcelona-catalunya","status":"publish","type":"post","link":"https:\/\/www.europesays.com\/es\/141549\/","title":{"rendered":"Fernando Alonso, embajador del Circuit de Barcelona-Catalunya"},"content":{"rendered":"<p>A las puertas de la celebraci\u00f3n del FORMULA 1 ARAMCO GRAN PREMIO DE ESPA\u00d1A 2025, Fernando Alonso y el Circuit de Barcelona-Catalunya han firmado un acuerdo por el cual el piloto asturiano se convierte en embajador del trazado con el objetivo de promocionar la instalaci\u00f3n catalana a nivel internacional y ayudar en la formaci\u00f3n de j\u00f3venes promesas del mundo del motor.<\/p>\n<p>Fernando Alonso: \u201c<strong>es un honor y un privilegio y estoy muy contento de ser embajador del Circuit de Barcelona-Catalunya, tan especial para m\u00ed y para toda la afici\u00f3n espa\u00f1ola, que nos ha dado tantas alegr\u00edas. Es un circuito muy ligado a mi carrera porque fue el primero en el que prob\u00e9 un monoplaza, cuando a\u00fan estaba en karting. Es el trazado en el que, seguro, he dado m\u00e1s vueltas en toda mi vida, desde los tests de pretemporada de la F1 a las carreras y otras actividades que se han realizado.\u201d<\/strong><\/p>\n<p>El Circuit es un trazado especial para el asturiano, donde ha conseguido importantes \u00e9xitos, siete podios y dos victorias: \u201c<strong>Recuerdo la que para m\u00ed fue una edici\u00f3n inolvidable del Gran Premio de Espa\u00f1a, la de 2003, cuando consegu\u00ed un podio y viv\u00ed grandes sensaciones. Fue la primera vez que vi todas las gradas azules y un apoyo masivo en todo el pa\u00eds. Supuso un cambio de chip a todos los niveles y lo recuerdo con mucho cari\u00f1o<\/strong>.\u201d<\/p>\n<p>Recientemente el Circuit se ha renovado gracias a una ambiciosa transformaci\u00f3n para posicionarse como el trazado m\u00e1s moderno de Europa. \u201c<strong>Era necesario que el Circuit diera este paso para tener un futuro s\u00f3lido y adaptarse a las exigencias y est\u00e1ndares actuales de la F1 y de circuitos de otros pa\u00edses. De este modo se ha puesto a un nivel diez, con un futuro prometedor.\u201d<\/strong><\/p>\n<p>El Circuit de Barcelona-Catalunya tiene contrato en vigor con la F\u00f3rmula 1 hasta el 2026 incluido y se est\u00e1 negociando su renovaci\u00f3n. En este sentido, el piloto espa\u00f1ol asegura: \u201cEn mi opini\u00f3n, <strong>que el Circuit de Barcelona-Catalunya siga en el calendario es obligatorio, tanto por sus instalaciones como por su tradici\u00f3n y arraigo en la competici\u00f3n. En el calendario hay varios tipos de circuitos, los urbanos en grandes ciudades o los de Oriente Medio, con unas instalaciones incre\u00edbles. Pero tambi\u00e9n los hist\u00f3ricos, con gran tradici\u00f3n en la F1 y donde se ha escrito la historia de este deporte. Se deben poner en la balanza todas las opciones, pero creo que hay que mantener estos circuitos y, sobre todo, no subestimar la seguridad en la pista<\/strong>.\u201d<\/p>\n<p>La uni\u00f3n entre Fernando Alonso y el Circuit de Barcelona-Catalunya va m\u00e1s all\u00e1 de la promoci\u00f3n internacional del trazado. Las futuras promesas de este deporte tambi\u00e9n se podr\u00e1n beneficiar de la dilatada experiencia y conocimiento del bicampe\u00f3n mundial, as\u00ed como de la instalaci\u00f3n de primer nivel que tendr\u00e1n a su disposici\u00f3n. <strong>\u201cLa idea es ayudar a las futuras generaciones con mi experiencia de m\u00e1s de 20 a\u00f1os en la F1 y m\u00e1s de 35 en el mundo del motor, unida al acreditado conocimiento del Circuit tras 35 a\u00f1os acogiendo grandes eventos. Para ayudar a j\u00f3venes talentos es importante contar con unas instalaciones premium como las del Circuit, en las que durante todo el a\u00f1o puede ofrecer una experiencia de 360 grados. Creo que conjuntamente podemos hacer grandes cosas con las j\u00f3venes promesas.\u201d<\/strong><\/p>\n<p>El consejero de Empresa y Trabajo y presidente del Circuit de Barcelona-Catalunya, Miquel S\u00e0mper, ha asegurado que contar con Fernando Alonso como embajador del Circuit <strong>\u201crefuerza un escenario ya cl\u00e1sico del evento deportivo m\u00e1s importante del mundo del motor\u201d<\/strong>. El consejero ha destacado que <strong>\u201cdurante el pr\u00f3ximo fin de semana se volver\u00e1 a disfrutar en Montmel\u00f3 de la presencia de las mejores escuder\u00edas y de los mejores pilotos del Mundial\u201d<\/strong>. S\u00e0mper ha recordado que <strong>\u201cCatalunya siempre ha estado vinculada a la industria del motor y al automovilismo con una gran tradici\u00f3n en nuestro pa\u00eds desde que comenz\u00f3 a principios del siglo veinte de la mano del Autm\u00f2bil Club de Barcelona (1906) que ahora conocemos como el RACC (Reial Autom\u00f2bil Club de Catalunya)\u201d.<\/strong><\/p>\n<p>Por su parte, Pau Relat el presidente de Fira de Barcelona y de Fira Circuit, la sociedad que desde el pasado 1 de enero gestiona el Circuit de Barcelona-Catalunya, asegura: <strong>\u201cEs un honor contar con la figura de Fernando Alonso como embajador del Circuit de Barcelona-Catalunya. Aqu\u00ed es donde empez\u00f3, donde ha conseguido grandes triunfos en su exitosa carrera, consiguiendo potenciar la afici\u00f3n de este pa\u00eds por este deporte y que vibrase en nuestras instalaciones. Para nosotros es un aut\u00e9ntico privilegio contar con un campe\u00f3n del mundo de la F1 como Fernando, que no solo nos ayudar\u00e1 a promocionar este circuito como uno de los mejores del mundo, sino que tambi\u00e9n aportar\u00e1 su dilatada experiencia en la formaci\u00f3n de j\u00f3venes promesas.\u201d<\/strong><\/p>\n<p>El FORMULA 1 ARAMCO GRAN PREMIO DE ESPA\u00d1A 2025 tendr\u00e1 lugar del 30 de mayo al 1 de junio en el Circuit de Barcelona-Catalunya en un a\u00f1o hist\u00f3rico en el que se celebra el 75 aniversario de la F1 y la 35 edici\u00f3n consecutiva del Gran Premio de Formula 1 que se disputa en el trazado catal\u00e1n.<\/p>\n","protected":false},"excerpt":{"rendered":"A las puertas de la celebraci\u00f3n del FORMULA 1 ARAMCO GRAN PREMIO DE ESPA\u00d1A 2025, Fernando Alonso y&hellip;\n","protected":false},"author":2,"featured_media":141550,"comment_status":"","ping_status":"","sticky":false,"template":"","format":"standard","meta":{"footnotes":""},"categories":[270],"tags":[168,25,24,306,271,272,23,167],"class_list":{"0":"post-141549","1":"post","2":"type-post","3":"status-publish","4":"format-standard","5":"has-post-thumbnail","7":"category-formula-1","8":"tag-deportes","9":"tag-es","10":"tag-espana","11":"tag-f1","12":"tag-formula-1","13":"tag-formula1","14":"tag-spain","15":"tag-sports"},"share_on_mastodon":{"url":"","error":""},"_links":{"self":[{"href":"https:\/\/www.europesays.com\/es\/wp-json\/wp\/v2\/posts\/141549","targetHints":{"allow":["GET"]}}],"collection":[{"href":"https:\/\/www.europesays.com\/es\/wp-json\/wp\/v2\/posts"}],"about":[{"href":"https:\/\/www.europesays.com\/es\/wp-json\/wp\/v2\/types\/post"}],"author":[{"embeddable":true,"href":"https:\/\/www.europesays.com\/es\/wp-json\/wp\/v2\/users\/2"}],"replies":[{"embeddable":true,"href":"https:\/\/www.europesays.com\/es\/wp-json\/wp\/v2\/comments?post=141549"}],"version-history":[{"count":0,"href":"https:\/\/www.europesays.com\/es\/wp-json\/wp\/v2\/posts\/141549\/revisions"}],"wp:featuredmedia":[{"embeddable":true,"href":"https:\/\/www.europesays.com\/es\/wp-json\/wp\/v2\/media\/141550"}],"wp:attachment":[{"href":"https:\/\/www.europesays.com\/es\/wp-json\/wp\/v2\/media?parent=141549"}],"wp:term":[{"taxonomy":"category","embeddable":true,"href":"https:\/\/www.europesays.com\/es\/wp-json\/wp\/v2\/categories?post=141549"},{"taxonomy":"post_tag","embeddable":true,"href":"https:\/\/www.europesays.com\/es\/wp-json\/wp\/v2\/tags?post=141549"}],"curies":[{"name":"wp","href":"https:\/\/api.w.org\/{rel}","templated":true}]}}