{"id":141557,"date":"2025-09-27T04:29:08","date_gmt":"2025-09-27T04:29:08","guid":{"rendered":"https:\/\/www.europesays.com\/es\/141557\/"},"modified":"2025-09-27T04:29:08","modified_gmt":"2025-09-27T04:29:08","slug":"los-siete-libros-de-la-semana-en-babelia-babelia-2","status":"publish","type":"post","link":"https:\/\/www.europesays.com\/es\/141557\/","title":{"rendered":"Los siete libros de la semana en \u2018Babelia\u2019 | Babelia"},"content":{"rendered":"<p><img decoding=\"auto\" class=\"_re lazyload a_m-v\" height=\"613\"  width=\"414\"  src=\"https:\/\/www.europesays.com\/es\/wp-content\/uploads\/2025\/09\/1758947348_311_FNXZYDICBFHDJBGA4M765VEJK4.jpg\" loading=\"lazy\"\/>Cuentos atados a la pata de un loboAng\u00e9lica LiddellMalas Tierras, 2025. 256 p\u00e1ginas. 21 euros<\/p>\n<p class=\"\">La dramaturga construye tramas inveros\u00edmiles y juega con nuestro terror y nuestro asco: es su forma de embriagarnos y prima la clarividencia.<\/p>\n<p class=\"\"><a href=\"https:\/\/elpais.com\/babelia\/2025-09-24\/el-libro-mas-atroz-acuchillante-y-perverso-que-nuestra-lengua-haya-visto.html\" target=\"_self\" rel=\"nofollow noopener\" title=\"https:\/\/elpais.com\/babelia\/2025-09-24\/el-libro-mas-atroz-acuchillante-y-perverso-que-nuestra-lengua-haya-visto.html\">&gt; Lea aqu\u00ed la cr\u00edtica entera de Luna Miguel<\/a><\/p>\n<p><img decoding=\"auto\" class=\"_re lazyload a_m-v\" height=\"718\"  width=\"414\"  src=\"https:\/\/www.europesays.com\/es\/wp-content\/uploads\/2025\/09\/1758947348_965_2IQMYG6BXNDLVK6K766KBSEAGY.jpg\" loading=\"lazy\"\/>Archipi\u00e9lagoMariana EnriquezAmpersand, 2025. 300 p\u00e1ginas. 15 euros<\/p>\n<p class=\"\">Adentrarse en el rescatado debut de la autora argentina junto al volumen de sus gustos literarios es una lecci\u00f3n de c\u00f3mo las observaciones lectoras se transforman en escritura.<\/p>\n<p class=\"\"><a href=\"https:\/\/elpais.com\/babelia\/2025-09-26\/asi-lee-mariana-enriquez-asi-escribe-la-maestra-del-terror.html\" target=\"_self\" rel=\"nofollow noopener\" title=\"https:\/\/elpais.com\/babelia\/2025-09-26\/asi-lee-mariana-enriquez-asi-escribe-la-maestra-del-terror.html\">&gt; Lea aqu\u00ed la cr\u00edtica entera de Nadal Suau<\/a><\/p>\n<p><img decoding=\"auto\" class=\"_re lazyload a_m-v\" height=\"651\"  width=\"414\"  src=\"https:\/\/www.europesays.com\/es\/wp-content\/uploads\/2025\/09\/1758947348_287_XFVBPEP3NJDSNIDG6PQNVX4ZKE.jpg\" loading=\"lazy\"\/>C\u00f3mo desaparecer completamenteMariana EnriquezAnagrama, 2025. 200 p\u00e1ginas. 19,90 euros<\/p>\n<p class=\"\">Cruda y seca, en esta novela resuenan la crisis econ\u00f3mica, un realismo extra\u00f1o, los relatos adolescentes y, desde luego, el imaginario under.<\/p>\n<p class=\"\"><a href=\"https:\/\/elpais.com\/babelia\/2025-09-26\/asi-lee-mariana-enriquez-asi-escribe-la-maestra-del-terror.html\" target=\"_self\" rel=\"nofollow noopener\" title=\"https:\/\/elpais.com\/babelia\/2025-09-26\/asi-lee-mariana-enriquez-asi-escribe-la-maestra-del-terror.html\">&gt; Lea aqu\u00ed la cr\u00edtica entera de Nadal Suau<\/a><\/p>\n<p><img decoding=\"auto\" class=\"_re lazyload a_m-v\" height=\"706\"  width=\"414\"  src=\"https:\/\/www.europesays.com\/es\/wp-content\/uploads\/2025\/09\/N52EBDR4Z5CIRFBIS2E3UAVM7U.jpg\" loading=\"lazy\"\/>Unos cuantos sue\u00f1osChimamanda Ngozi AdichieTraducci\u00f3n de Carlos Milla Soler. Random House, 2025. 512 p\u00e1ginas. 23,90 euros<\/p>\n<p class=\"\">La escritora regresa tras 12 a\u00f1os de silencio con una novela competente protagonizada por cuatro mujeres que pasan revista de su vida durante la pandemia.<\/p>\n<p class=\"\"><a href=\"https:\/\/elpais.com\/babelia\/2025-09-22\/unos-cuantos-suenos-de-chimamanda-ngozi-adichie-pijas-nigerianas-atravesadas-por-el-patriarcado.html\" target=\"_self\" rel=\"nofollow noopener\" title=\"https:\/\/elpais.com\/babelia\/2025-09-22\/unos-cuantos-suenos-de-chimamanda-ngozi-adichie-pijas-nigerianas-atravesadas-por-el-patriarcado.html\">&gt; Lea aqu\u00ed la cr\u00edtica entera de Ana Carbajosa<\/a><\/p>\n<p><img decoding=\"auto\" class=\"_re lazyload a_m-v\" height=\"641\"  width=\"414\"  src=\"https:\/\/www.europesays.com\/es\/wp-content\/uploads\/2025\/09\/2IJGP2XB6VC6PK5CJPW3VJJQWI.jpg\" loading=\"lazy\"\/>Vida de Hannah Coulter Wendell Berry Traducci\u00f3n de Mat\u00edas Battist\u00f3n. Chai Editora, 2025. 264 p\u00e1ginas. 21 euros<\/p>\n<p class=\"\">La novela del escritor estadounidense es un canto idealizado a una comunidad rural sin eludir que se trata de una vida f\u00edsicamente exigente y econ\u00f3micamente dif\u00edcil.<\/p>\n<p class=\"\"><a href=\"https:\/\/elpais.com\/babelia\/2025-09-27\/vida-de-hannah-coulter-amar-a-la-tierra-por-el-bien-de-todo-lo-que-amamos.html\" target=\"_self\" rel=\"nofollow noopener\" title=\"https:\/\/elpais.com\/babelia\/2025-09-27\/vida-de-hannah-coulter-amar-a-la-tierra-por-el-bien-de-todo-lo-que-amamos.html\">&gt; Lea aqu\u00ed la cr\u00edtica entera de Daniel Gasc\u00f3n<\/a><\/p>\n<p><img decoding=\"auto\" class=\"_re lazyload a_m-v\" height=\"619\"  width=\"414\"  src=\"https:\/\/www.europesays.com\/es\/wp-content\/uploads\/2025\/09\/SFGHMT4T45B5XNQKIKQHPCRUAQ.jpg\" loading=\"lazy\"\/>T\u00e1cito I y IIRonald Syme Traducci\u00f3n de Roc Filella Escola. Gredos, 2025. 606 + 464 p\u00e1ginas. 24,90 + 24,90 euros<\/p>\n<p class=\"\">La biograf\u00eda can\u00f3nica de Ronald Syme reconstruye una \u00e9poca de tiranos, c\u00e9sares ilustrados, poetas mordaces, conjuras palaciegas y emperatrices intrigantes<\/p>\n<p class=\"\"><a href=\"https:\/\/elpais.com\/babelia\/2025-09-23\/tacito-la-lucha-entre-libertad-y-seguridad.html\" target=\"_self\" rel=\"nofollow noopener\" title=\"https:\/\/elpais.com\/babelia\/2025-09-23\/tacito-la-lucha-entre-libertad-y-seguridad.html\">&gt; Lea aqu\u00ed la cr\u00edtica entera de Manel Garc\u00eda<\/a><\/p>\n<p><img decoding=\"auto\" class=\"_re lazyload a_m-v\" height=\"609\"  width=\"414\"  src=\"https:\/\/www.europesays.com\/es\/wp-content\/uploads\/2025\/09\/1758947348_755_AYT7RUZDYZERZN3OUM6UKRDXV4.jpg\" loading=\"lazy\"\/>Personaje secundario Enrique Murillo <a href=\"https:\/\/tramaeditorial.es\/producto\/personaje-secundario\/\" target=\"_self\" rel=\"nofollow noopener\" title=\"https:\/\/tramaeditorial.es\/producto\/personaje-secundario\/\">Trama<\/a>, 2025. 538 p\u00e1ginas. 29 euros<\/p>\n<p class=\"\">Enrique Murillo proclama su amor por el oficio de editor en un recorrido de suculentas historias y an\u00e9cdotas que reflejan medio siglo de edici\u00f3n de literatura en espa\u00f1ol.<\/p>\n<p class=\"\"><a href=\"https:\/\/elpais.com\/babelia\/2025-09-27\/personaje-secundario-en-la-trastienda-del-negocio-de-los-libros.html\" target=\"_self\" rel=\"nofollow noopener\" title=\"https:\/\/elpais.com\/babelia\/2025-09-27\/personaje-secundario-en-la-trastienda-del-negocio-de-los-libros.html\">&gt; Lea aqu\u00ed la cr\u00edtica entera de Domingo R\u00f3denas de Moya<\/a><\/p>\n","protected":false},"excerpt":{"rendered":"Cuentos atados a la pata de un loboAng\u00e9lica LiddellMalas Tierras, 2025. 256 p\u00e1ginas. 21 euros La dramaturga construye&hellip;\n","protected":false},"author":2,"featured_media":141558,"comment_status":"","ping_status":"","sticky":false,"template":"","format":"standard","meta":{"footnotes":""},"categories":[172],"tags":[224,4026,209,2053,146,147,25,24,1807,225,671,4027,1645,23],"class_list":{"0":"post-141557","1":"post","2":"type-post","3":"status-publish","4":"format-standard","5":"has-post-thumbnail","7":"category-libros","8":"tag-books","9":"tag-critica-literaria","10":"tag-cultura","11":"tag-ensayo","12":"tag-entertainment","13":"tag-entretenimiento","14":"tag-es","15":"tag-espana","16":"tag-lectura","17":"tag-libros","18":"tag-literatura","19":"tag-narrativa","20":"tag-novela","21":"tag-spain"},"share_on_mastodon":{"url":"","error":""},"_links":{"self":[{"href":"https:\/\/www.europesays.com\/es\/wp-json\/wp\/v2\/posts\/141557","targetHints":{"allow":["GET"]}}],"collection":[{"href":"https:\/\/www.europesays.com\/es\/wp-json\/wp\/v2\/posts"}],"about":[{"href":"https:\/\/www.europesays.com\/es\/wp-json\/wp\/v2\/types\/post"}],"author":[{"embeddable":true,"href":"https:\/\/www.europesays.com\/es\/wp-json\/wp\/v2\/users\/2"}],"replies":[{"embeddable":true,"href":"https:\/\/www.europesays.com\/es\/wp-json\/wp\/v2\/comments?post=141557"}],"version-history":[{"count":0,"href":"https:\/\/www.europesays.com\/es\/wp-json\/wp\/v2\/posts\/141557\/revisions"}],"wp:featuredmedia":[{"embeddable":true,"href":"https:\/\/www.europesays.com\/es\/wp-json\/wp\/v2\/media\/141558"}],"wp:attachment":[{"href":"https:\/\/www.europesays.com\/es\/wp-json\/wp\/v2\/media?parent=141557"}],"wp:term":[{"taxonomy":"category","embeddable":true,"href":"https:\/\/www.europesays.com\/es\/wp-json\/wp\/v2\/categories?post=141557"},{"taxonomy":"post_tag","embeddable":true,"href":"https:\/\/www.europesays.com\/es\/wp-json\/wp\/v2\/tags?post=141557"}],"curies":[{"name":"wp","href":"https:\/\/api.w.org\/{rel}","templated":true}]}}