{"id":141559,"date":"2025-09-27T04:30:05","date_gmt":"2025-09-27T04:30:05","guid":{"rendered":"https:\/\/www.europesays.com\/es\/141559\/"},"modified":"2025-09-27T04:30:05","modified_gmt":"2025-09-27T04:30:05","slug":"termina-el-apagon-de-jimmy-kimmel-su-programa-retorna-a-las-estaciones-locales-de-la-tv-estadounidense","status":"publish","type":"post","link":"https:\/\/www.europesays.com\/es\/141559\/","title":{"rendered":"Termina el apag\u00f3n de Jimmy Kimmel: su programa retorna a las estaciones locales de la TV estadounidense"},"content":{"rendered":"<p class=\"article-body__paragraph\">El \u201capag\u00f3n televisivo\u201d de Jimmy Kimmel Live! en varias ciudades de Estados Unidos termin\u00f3 este viernes, luego de que Sinclair y Nexstar, los dos principales grupos que <b>suspendieron el programa de entrevistas a principios de este mes<\/b>, lo repusieron en sus estaciones afiliadas a la cadena ABC.<\/p>\n<p class=\"article-body__paragraph\">Las compa\u00f1\u00edas <b>dejaron de emitir el espacio el 17 de septiembre <\/b>debido a las declaraciones de Jimmy Kimmel despu\u00e9s del asesinato del activista conservador Charlie Kirk. ABC, propiedad de Disney, suspendi\u00f3 a Kimmel ese mismo d\u00eda, tras las amenazas de posibles repercusiones de Brendan Carr, el director de la Comisi\u00f3n Federal de Comunicaciones (FCC) designado por Donald Trump.<\/p>\n<p class=\"article-body__paragraph\">De esta manera, Kimmel y su programa podr\u00e1 ser visto desde hoy en las <b>28 afiliadas a ABC de Nexstar<\/b>, desde Topeka, Kansas, hasta Nueva Orleans, junto con los <b>38 mercados locales de Sinclair<\/b>, desde Seattle hasta Washington DC.<\/p>\n<p class=\"article-body__paragraph\">Tanto Nexstar como Sinclair, que juntos operan casi una cuarta parte de las estaciones afiliadas a la mencionada cadena, <b>fueron acusadas de intentar congraciarse con Trump y Carr<\/b> al mantener a Kimmel fuera del aire, incluso despu\u00e9s de que ABC restableci\u00f3 el programa a nivel nacional a principios de esta semana.<\/p>\n<p class=\"article-body__paragraph\">Sinclair afirm\u00f3 en una declaraci\u00f3n este viernes que <b>\u201cnuestra decisi\u00f3n de interrumpir este programa fue independiente de cualquier interacci\u00f3n o influencia del gobierno\u201d<\/b>, agregando que hab\u00edan recibido \u201ccomentarios importantes de los espectadores, anunciantes y l\u00edderes de la comunidad\u201d. Adem\u00e1s hizo notar \u201cactos de violencia preocupantes\u201d, haciendo referencia al tiroteo en el vest\u00edbulo de una estaci\u00f3n de Sacramento.<\/p>\n<p class=\"article-body__paragraph\">Varias horas despu\u00e9s, Nexstar emiti\u00f3 un comunicado similar, diciendo que apreciaba el enfoque de Disney ante sus preocupaciones y que <b>\u201csigue comprometido a proteger la Primera Enmienda -que incluye la libertad de expresi\u00f3n-\u201d <\/b>mientras transmite contenido que es \u201cen el mejor inter\u00e9s de las comunidades a las que servimos\u201d.<\/p>\n<p class=\"article-body__paragraph\">Tras la salida del aire Jimmy Kimmel Live! <b>hace una semana, Sinclair dijo que la decisi\u00f3n de ABC \u201cno era suficiente\u201d <\/b>y que no volver\u00eda a emitir el programa hasta que \u201cse celebren conversaciones formales sobre el compromiso de la cadena con el profesionalismo y la responsabilidad\u201d.<\/p>\n<p class=\"article-body__paragraph\">Tambi\u00e9n le pidi\u00f3 a Kimmel que se disculpara con la familia de Kirk y que <b>hiciera una donaci\u00f3n a la organizaci\u00f3n pol\u00edtica conservadora del activista<\/b>, Turning Point USA, aunque la compa\u00f1\u00eda no dijo que esa fuera una condici\u00f3n para poner fin al apag\u00f3n.<\/p>\n","protected":false},"excerpt":{"rendered":"El \u201capag\u00f3n televisivo\u201d de Jimmy Kimmel Live! en varias ciudades de Estados Unidos termin\u00f3 este viernes, luego de&hellip;\n","protected":false},"author":2,"featured_media":141560,"comment_status":"","ping_status":"","sticky":false,"template":"","format":"standard","meta":{"footnotes":""},"categories":[171],"tags":[41397,44017,37536,146,147,25,24,20754,42269,44018,44016,43948,23,214],"class_list":{"0":"post-141559","1":"post","2":"type-post","3":"status-publish","4":"format-standard","5":"has-post-thumbnail","7":"category-tv","8":"tag-brendan-carr","9":"tag-cadena-abc","10":"tag-charlie-kirk","11":"tag-entertainment","12":"tag-entretenimiento","13":"tag-es","14":"tag-espana","15":"tag-jimmy-kimmel","16":"tag-jimmy-kimmel-live","17":"tag-nexstar","18":"tag-programa-de-conversacion","19":"tag-sinclair","20":"tag-spain","21":"tag-tv"},"share_on_mastodon":{"url":"","error":""},"_links":{"self":[{"href":"https:\/\/www.europesays.com\/es\/wp-json\/wp\/v2\/posts\/141559","targetHints":{"allow":["GET"]}}],"collection":[{"href":"https:\/\/www.europesays.com\/es\/wp-json\/wp\/v2\/posts"}],"about":[{"href":"https:\/\/www.europesays.com\/es\/wp-json\/wp\/v2\/types\/post"}],"author":[{"embeddable":true,"href":"https:\/\/www.europesays.com\/es\/wp-json\/wp\/v2\/users\/2"}],"replies":[{"embeddable":true,"href":"https:\/\/www.europesays.com\/es\/wp-json\/wp\/v2\/comments?post=141559"}],"version-history":[{"count":0,"href":"https:\/\/www.europesays.com\/es\/wp-json\/wp\/v2\/posts\/141559\/revisions"}],"wp:featuredmedia":[{"embeddable":true,"href":"https:\/\/www.europesays.com\/es\/wp-json\/wp\/v2\/media\/141560"}],"wp:attachment":[{"href":"https:\/\/www.europesays.com\/es\/wp-json\/wp\/v2\/media?parent=141559"}],"wp:term":[{"taxonomy":"category","embeddable":true,"href":"https:\/\/www.europesays.com\/es\/wp-json\/wp\/v2\/categories?post=141559"},{"taxonomy":"post_tag","embeddable":true,"href":"https:\/\/www.europesays.com\/es\/wp-json\/wp\/v2\/tags?post=141559"}],"curies":[{"name":"wp","href":"https:\/\/api.w.org\/{rel}","templated":true}]}}