{"id":141581,"date":"2025-09-27T04:47:13","date_gmt":"2025-09-27T04:47:13","guid":{"rendered":"https:\/\/www.europesays.com\/es\/141581\/"},"modified":"2025-09-27T04:47:13","modified_gmt":"2025-09-27T04:47:13","slug":"la-confesion-de-alonso-que-explica-por-que-rinde-mejor-en-carrera-que-en-clasificacion","status":"publish","type":"post","link":"https:\/\/www.europesays.com\/es\/141581\/","title":{"rendered":"La confesi\u00f3n de Alonso que explica por qu\u00e9 rinde mejor en carrera que en clasificaci\u00f3n"},"content":{"rendered":"<p class=\"Paragraph-module-scss-module__YTaiWG__paragraph\">El palmar\u00e9s de <strong>Fernando Alonso<\/strong> es extenso y exitoso, aunque siempre le perseguir\u00e1 la sensaci\u00f3n de que merece m\u00e1s de lo que ha logrado hasta el momento. En cualquier caso, el piloto asturiano posee dos t\u00edtulos mundiales de F\u00f3rmula 1 y 32 victorias, adem\u00e1s de 106 podios y 22 poles.<\/p>\n<p class=\"Paragraph-module-scss-module__YTaiWG__paragraph\">Precisamente esa diferencia entre poles y victorias, as\u00ed como su desempe\u00f1o en todos estos a\u00f1os, ha hecho que se le cuelgue la etiqueta de <strong>\u00abpiloto de domingos\u00bb<\/strong>, alguien que es capaz de sacar lo mejor de s\u00ed mismo en carrera, pero no tanto en clasificaci\u00f3n.<\/p>\n<p class=\"Paragraph-module-scss-module__YTaiWG__paragraph Paragraph-module-scss-module__YTaiWG__paragraph--highlighted\">\u00abCuando luchas por el Mundial, los s\u00e1bados conllevan un riesgo grande de accidente, de obstaculizaci\u00f3n a otros pilotos o de cometer errores\u00bb<\/p>\n<p>El mejor coche es la clave<\/p>\n<p class=\"Paragraph-module-scss-module__YTaiWG__paragraph\">Fernando Alonso es consciente de ello y ha reflexionado acerca de las causas que propician esa percepci\u00f3n que prensa y aficionados tienen de \u00e9l. Y el ahora piloto de <strong>Aston Martin<\/strong> considera que la clave no reside tanto en la cualidad del piloto, como en el potencial del monoplaza que tiene entre manos.<\/p>\n<p class=\"Paragraph-module-scss-module__YTaiWG__paragraph\"><strong>\u00abTengo m\u00e1s victorias que poles porque nunca he tenido un coche r\u00e1pido\u00bb<\/strong>, <a class=\"Button-module-scss-module__pf66aq__link Button-module-scss-module__pf66aq__link--content NewsContent-module-scss-module__6_SHrq__news-content__link\" href=\"https:\/\/as.com\/motor\/formula_1\/alonso-si-el-coche-de-2026-va-bien-puede-ser-mi-ultimo-ano-n\/\" rel=\"noopener nofollow\" target=\"_blank\">se\u00f1ala<\/a> el asturiano. \u00abEn las poles importa fundamentalmente el coche, sin gasolina y con neum\u00e1ticos nuevos, as\u00ed que normalmente est\u00e1 en la pole el coche m\u00e1s r\u00e1pido. Y yo he tenido muy pocas veces el coche m\u00e1s r\u00e1pido\u00bb.<\/p>\n<p class=\"Paragraph-module-scss-module__YTaiWG__paragraph\">En cambio, Alonso argumenta que \u00abel domingo hay otros factores, tienes que salir bien, tienes que conservar los neum\u00e1ticos, atacar o defender en el momento adecuado, hacer buenos pit stops\u2026 ah\u00ed es donde he destacado un poco m\u00e1s. Aunque <strong>me hubiese gustado no destacar en nada<\/strong>, tener un coche r\u00e1pido y ser el piloto m\u00e1s aburrido del mundo. Pero ten\u00eda que inventarme algo los domingos\u00bb.<\/p>\n<p><img figcaption=\"Pocos pilotos son capaces de igualar la capacidad de Fernando Alonso para maximizar un resultado en carrera.\" alt=\"\" loading=\"lazy\" width=\"1280\" height=\"720\" decoding=\"async\" data-nimg=\"1\" class=\"Image-module-scss-module__gObqBW__img\" style=\"color:transparent\"   src=\"https:\/\/www.europesays.com\/es\/wp-content\/uploads\/2025\/09\/alonso-confesion-rinde-mejor-carrera-clasificacion-2025110232-1758790918_2.jpg\"\/>Pocos pilotos son capaces de igualar la capacidad de Fernando Alonso para maximizar un resultado en carrera.Un piloto completo<\/p>\n<p class=\"Paragraph-module-scss-module__YTaiWG__paragraph\">La clave del \u00e9xito para un piloto no est\u00e1 en su velocidad y talento natural, como tampoco es suficiente trabajar duro. Es necesaria una combinaci\u00f3n de todo y <strong>Fernando Alonso<\/strong> siempre ha dicho que no se considera el mejor en ninguna \u00e1rea concreta, pero s\u00ed uno de los mejores en todas ellas.<\/p>\n<p class=\"Paragraph-module-scss-module__YTaiWG__paragraph\">Por esa raz\u00f3n, Alonso no se considera a s\u00ed mismo \u00abun especialista en los s\u00e1bados, <strong>tampoco los domingos, pero s\u00ed prefiero las carreras a la clasificaci\u00f3n\u00bb<\/strong>.<\/p>\n<p class=\"Paragraph-module-scss-module__YTaiWG__paragraph\">\u00abCuando luchas por el Mundial, los s\u00e1bados conllevan un riesgo grande de accidente, de impeding [obstaculizaci\u00f3n] a otros pilotos o de cometer errores. Pero <strong>en los domingos se reparten los puntos y es donde siempre me he concentrado m\u00e1s para hacer buenas actuaciones\u00bb<\/strong>, concluye.<\/p>\n<p class=\"Paragraph-module-scss-module__YTaiWG__paragraph\">A lo largo de sus 22 temporadas en la F\u00f3rmula 1, Fernando Alonso ha sido capaz de dejarnos con la boca abierta en clasificaci\u00f3n, pero no cabe duda de que sus mayores cualidades sobresalen los domingos. Cuando la adaptabilidad, <a class=\"Button-module-scss-module__pf66aq__link Button-module-scss-module__pf66aq__link--content NewsContent-module-scss-module__6_SHrq__news-content__link\" href=\"https:\/\/www.motor.es\/formula-1\/debutante-f1-pegarte-alonso-aprendo-masterclass-2025110046.html\" rel=\"nofollow noopener\" target=\"_blank\">la inteligencia<\/a> y el arrojo se ven m\u00e1s recompensados.<\/p>\n<p data-mrf-recirculation=\"Motor.es - Noticia - Follow Discover\" class=\"Paragraph-module-scss-module__YTaiWG__paragraph Paragraph-module-scss-module__YTaiWG__paragraph--blockquote\">S\u00edguenos en Google Discover y mantente informado de las \u00faltimas noticias del motor. <a class=\"Button-module-scss-module__pf66aq__link Button-module-scss-module__pf66aq__link--content\" href=\"https:\/\/profile.google.com\/cp\/GhVodHRwczovL3d3dy5tb3Rvci5lcy9aDS9nL2psMG42N2V6cnBiDS9nL2Rpa2gyb2V1bjAyDS9nLzkzdXUzN2N0cm0KDS9nLzExZjUwbWp5Mnk6DC9nLzEyNjludHpicEINL2cvMTFkZHp5eTdmc0oIL20vMDZfZG5SCS9tLzAxc20zdw?pf=0\" target=\"_blank\" rel=\"nofollow noopener\">Haz click aqu\u00ed<\/a><\/p>\n<p class=\"Paragraph-module-scss-module__YTaiWG__paragraph Source-module-scss-module__Q94Sfa__source\"><strong>Fuente:<\/strong> As.com<strong>Fotos:<\/strong> Aston Martin F1<\/p>\n","protected":false},"excerpt":{"rendered":"El palmar\u00e9s de Fernando Alonso es extenso y exitoso, aunque siempre le perseguir\u00e1 la sensaci\u00f3n de que merece&hellip;\n","protected":false},"author":2,"featured_media":141582,"comment_status":"","ping_status":"","sticky":false,"template":"","format":"standard","meta":{"footnotes":""},"categories":[270],"tags":[168,25,24,306,271,272,23,167],"class_list":{"0":"post-141581","1":"post","2":"type-post","3":"status-publish","4":"format-standard","5":"has-post-thumbnail","7":"category-formula-1","8":"tag-deportes","9":"tag-es","10":"tag-espana","11":"tag-f1","12":"tag-formula-1","13":"tag-formula1","14":"tag-spain","15":"tag-sports"},"share_on_mastodon":{"url":"","error":""},"_links":{"self":[{"href":"https:\/\/www.europesays.com\/es\/wp-json\/wp\/v2\/posts\/141581","targetHints":{"allow":["GET"]}}],"collection":[{"href":"https:\/\/www.europesays.com\/es\/wp-json\/wp\/v2\/posts"}],"about":[{"href":"https:\/\/www.europesays.com\/es\/wp-json\/wp\/v2\/types\/post"}],"author":[{"embeddable":true,"href":"https:\/\/www.europesays.com\/es\/wp-json\/wp\/v2\/users\/2"}],"replies":[{"embeddable":true,"href":"https:\/\/www.europesays.com\/es\/wp-json\/wp\/v2\/comments?post=141581"}],"version-history":[{"count":0,"href":"https:\/\/www.europesays.com\/es\/wp-json\/wp\/v2\/posts\/141581\/revisions"}],"wp:featuredmedia":[{"embeddable":true,"href":"https:\/\/www.europesays.com\/es\/wp-json\/wp\/v2\/media\/141582"}],"wp:attachment":[{"href":"https:\/\/www.europesays.com\/es\/wp-json\/wp\/v2\/media?parent=141581"}],"wp:term":[{"taxonomy":"category","embeddable":true,"href":"https:\/\/www.europesays.com\/es\/wp-json\/wp\/v2\/categories?post=141581"},{"taxonomy":"post_tag","embeddable":true,"href":"https:\/\/www.europesays.com\/es\/wp-json\/wp\/v2\/tags?post=141581"}],"curies":[{"name":"wp","href":"https:\/\/api.w.org\/{rel}","templated":true}]}}