{"id":141594,"date":"2025-09-27T04:57:06","date_gmt":"2025-09-27T04:57:06","guid":{"rendered":"https:\/\/www.europesays.com\/es\/141594\/"},"modified":"2025-09-27T04:57:06","modified_gmt":"2025-09-27T04:57:06","slug":"el-sintoma-clave-de-que-tienes-stratus-la-nueva-variante-de-covid-y-no-gripe","status":"publish","type":"post","link":"https:\/\/www.europesays.com\/es\/141594\/","title":{"rendered":"El s\u00edntoma clave de que tienes &#8216;Stratus&#8217;, la nueva variante de Covid, y no gripe"},"content":{"rendered":"<p class=\"c-paragraph\">El oto\u00f1o ha empezado ya y con \u00e9l la \u00e9poca en la que<b> vuelven los virus y las enfermedades respiratorias<\/b>. Y como bien sabemos desde el a\u00f1o 2020, vuelve tambi\u00e9n el <a href=\"https:\/\/www.20minutos.es\/tags\/temas\/salud-coronavirus.html\" title=\"Coronavirus\" rel=\"nofollow noopener\" target=\"_blank\">coronavirus<\/a>.<\/p>\n<p class=\"c-paragraph\">Ahora, la cepa dominante se llama <b>Stratus<\/b>, que a su vez tiene dos subvariantes, llamadas XFG y XFG. Esta cepa, que lleva desde verano siendo la m\u00e1s com\u00fan, no provoca s\u00edntomas m\u00e1s graves que otras variantes, pero s\u00ed que podr\u00eda ser m\u00e1s contagiosa.<\/p>\n<p class=\"c-paragraph\">\u00bfY c\u00f3mo identificarla?\u00a0Por lo general, los s\u00edntomas de la Covid-19 se parecen a los de enfermedades respiratorias comunes como la gripe: <b>fiebre, tos, estornudos o secreci\u00f3n nasal.\u00a0<\/b><\/p>\n<p class=\"c-paragraph\">Los s\u00edntomas pueden variar de leves a graves, seg\u00fan la persona, por lo que es f\u00e1cil confundir la Covid-19 con un resfriado com\u00fan.\u00a0Sin embargo, el signo inicial m\u00e1s com\u00fan de la nueva cepa Stratus <b>es la ronquera en la voz.\u00a0<\/b><\/p>\n<p class=\"c-paragraph\">Adem\u00e1s, los expertos m\u00e9dicos tambi\u00e9n han observado s\u00edntomas adicionales de Stratus, como congesti\u00f3n nasal, dolor de garganta, <b>problemas digestivos y agotamiento<\/b>, publica el <a href=\"https:\/\/www.mirror.co.uk\/news\/health\/key-sign-you-new-covid-35970471\" rel=\"nofollow noreferrer noopener\" title=\"Key sign you have new Covid variant and NOT flu as autumn &#039;tripledemic&#039; alert issued\" target=\"_blank\">Mirror<\/a>.<\/p>\n<p class=\"c-paragraph\">\u00abEn muchos aspectos, es casi id\u00e9ntico. Sin embargo, las personas con esta variante tienden a sufrir fuertes dolores de garganta y voz ronca, en comparaci\u00f3n con otros s\u00edntomas m\u00e1s generales como tos, fiebre y dolores\u00bb, dice a este medio el doctor<b> Gareth Nye<\/b>,\u00a0profesor de Ciencias Biom\u00e9dicas en la Universidad de Salford, Reino Unido.<\/p>\n<p class=\"c-paragraph\">La recomendaci\u00f3n general de los m\u00e9dicos, sobre todo en el caso de personas con enfermedades cr\u00f3nicas, <b>es vacunarse.<\/b><\/p>\n","protected":false},"excerpt":{"rendered":"El oto\u00f1o ha empezado ya y con \u00e9l la \u00e9poca en la que vuelven los virus y las&hellip;\n","protected":false},"author":2,"featured_media":141595,"comment_status":"","ping_status":"","sticky":false,"template":"","format":"standard","meta":{"footnotes":""},"categories":[92],"tags":[12554,25,24,165,2074,166,7750,23,43911,18797],"class_list":{"0":"post-141594","1":"post","2":"type-post","3":"status-publish","4":"format-standard","5":"has-post-thumbnail","7":"category-salud","8":"tag-clave","9":"tag-es","10":"tag-espana","11":"tag-health","12":"tag-que","13":"tag-salud","14":"tag-sintoma","15":"tag-spain","16":"tag-stratus","17":"tag-tienes"},"share_on_mastodon":{"url":"","error":""},"_links":{"self":[{"href":"https:\/\/www.europesays.com\/es\/wp-json\/wp\/v2\/posts\/141594","targetHints":{"allow":["GET"]}}],"collection":[{"href":"https:\/\/www.europesays.com\/es\/wp-json\/wp\/v2\/posts"}],"about":[{"href":"https:\/\/www.europesays.com\/es\/wp-json\/wp\/v2\/types\/post"}],"author":[{"embeddable":true,"href":"https:\/\/www.europesays.com\/es\/wp-json\/wp\/v2\/users\/2"}],"replies":[{"embeddable":true,"href":"https:\/\/www.europesays.com\/es\/wp-json\/wp\/v2\/comments?post=141594"}],"version-history":[{"count":0,"href":"https:\/\/www.europesays.com\/es\/wp-json\/wp\/v2\/posts\/141594\/revisions"}],"wp:featuredmedia":[{"embeddable":true,"href":"https:\/\/www.europesays.com\/es\/wp-json\/wp\/v2\/media\/141595"}],"wp:attachment":[{"href":"https:\/\/www.europesays.com\/es\/wp-json\/wp\/v2\/media?parent=141594"}],"wp:term":[{"taxonomy":"category","embeddable":true,"href":"https:\/\/www.europesays.com\/es\/wp-json\/wp\/v2\/categories?post=141594"},{"taxonomy":"post_tag","embeddable":true,"href":"https:\/\/www.europesays.com\/es\/wp-json\/wp\/v2\/tags?post=141594"}],"curies":[{"name":"wp","href":"https:\/\/api.w.org\/{rel}","templated":true}]}}