{"id":141600,"date":"2025-09-27T05:01:18","date_gmt":"2025-09-27T05:01:18","guid":{"rendered":"https:\/\/www.europesays.com\/es\/141600\/"},"modified":"2025-09-27T05:01:18","modified_gmt":"2025-09-27T05:01:18","slug":"tony-blair-podria-liderar-futura-autoridad-de-transicion-en-gaza-segun-reportes-de-prensa","status":"publish","type":"post","link":"https:\/\/www.europesays.com\/es\/141600\/","title":{"rendered":"Tony Blair podr\u00eda liderar futura autoridad de transici\u00f3n en Gaza, seg\u00fan reportes de prensa"},"content":{"rendered":"<p>    <img src=\"https:\/\/www.europesays.com\/es\/wp-content\/uploads\/2025\/09\/2025-09-26T163A003A06Z-90074206.jpg\" width=\"1024\" height=\"660\" alt=\"\" loading=\"eager\" decoding=\"sync\" fetchpriority=\"high\"\/><\/p>\n<p>            afp_tickers        <\/p>\n<p>        Este contenido fue publicado en    <\/p>\n<p>        26 septiembre 2025 &#8211; 18:00\n<\/p>\n<p>El ex primer ministro brit\u00e1nico Tony Blair podr\u00eda desempe\u00f1ar un papel destacado en una futura autoridad de transici\u00f3n en Gaza, establecida en el marco del plan de paz de Estados Unidos, informaron este viernes varios medios brit\u00e1nicos.<\/p>\n<p>El exl\u00edder laborista, que gobern\u00f3 el Reino Unido entre 1997 y 2007, particip\u00f3 en conversaciones con la administraci\u00f3n Trump y otros responsables sobre el futuro del territorio palestino tras la guerra.<\/p>\n<p>La BBC y la revista The Economist se\u00f1alan que Blair podr\u00eda dirigir esta futura autoridad con el apoyo de la ONU y de pa\u00edses del Golfo.<\/p>\n<p>Por su parte, el Financial Times indic\u00f3 que el exdirigente, que actu\u00f3 como mediador para la paz en Oriente Medio entre 2007 y 2015, habr\u00eda solicitado formar parte de su consejo de supervisi\u00f3n.<\/p>\n<p>La fundaci\u00f3n de Tony Blair, el Tony Blair Institute for Global Change, no quiso comentar estas afirmaciones a la AFP.<\/p>\n<p>Una fuente cercana al ex primer ministro confirm\u00f3 que trabaja en un proyecto para poner fin al conflicto y precis\u00f3 que el exdirigente no apoyar\u00eda ninguna propuesta destinada a desplazar de forma permanente a los gazat\u00edes.\u00a0<\/p>\n<p>Adem\u00e1s, cualquier autoridad de transici\u00f3n deber\u00eda transferir el poder a la Autoridad Palestina, con sede en Ramala, Cisjordania, seg\u00fan la fuente.<\/p>\n<p>Seg\u00fan The Economist, este organismo, denominado \u00abAutoridad Internacional de Transici\u00f3n en Gaza\u00bb, solicitar\u00eda un mandato de la ONU para ser reconocido como \u00abla autoridad pol\u00edtica y jur\u00eddica suprema\u00bb durante cinco a\u00f1os, antes de traspasar el control a los palestinos.<\/p>\n<p>En un primer momento, estar\u00eda radicado en Egipto, antes de trasladarse a la Franja de Gaza cuando las condiciones de seguridad lo permitan, seg\u00fan la BBC.<\/p>\n<p>Yosi Cohen, exjefe del Mosad, declar\u00f3 el viernes en la radio de la BBC que \u00able encanta\u00bb la idea, calificando a Tony Blair de \u00abpersona formidable\u00bb.<\/p>\n<p>jwp-jj-cla\/mhc\/mab\/jvb<\/p>\n","protected":false},"excerpt":{"rendered":"afp_tickers Este contenido fue publicado en 26 septiembre 2025 &#8211; 18:00 El ex primer ministro brit\u00e1nico Tony Blair&hellip;\n","protected":false},"author":2,"featured_media":141601,"comment_status":"","ping_status":"","sticky":false,"template":"","format":"standard","meta":{"footnotes":""},"categories":[42],"tags":[635,17,18,636,83,13,14,11,61,62,63,86,64,19,20,9,10,15,16,12089,88,12090,90,12,21,22,65,66,67],"class_list":{"0":"post-141600","1":"post","2":"type-post","3":"status-publish","4":"format-standard","5":"has-post-thumbnail","7":"category-internacional","8":"tag-armed-conflict","9":"tag-breaking-news","10":"tag-breakingnews","11":"tag-conflict","12":"tag-diplomacy","13":"tag-featured-news","14":"tag-featurednews","15":"tag-headlines","16":"tag-internacional","17":"tag-international","18":"tag-international-news","19":"tag-international-relations","20":"tag-internationalnews","21":"tag-latest-news","22":"tag-latestnews","23":"tag-news","24":"tag-noticias","25":"tag-noticias-destacadas","26":"tag-noticiasdestacadas","27":"tag-parties-and-movements","28":"tag-politics","29":"tag-politics-general","30":"tag-ticker","31":"tag-titulares","32":"tag-ultimas-noticias","33":"tag-ultimasnoticias","34":"tag-world","35":"tag-world-news","36":"tag-worldnews"},"share_on_mastodon":{"url":"","error":""},"_links":{"self":[{"href":"https:\/\/www.europesays.com\/es\/wp-json\/wp\/v2\/posts\/141600","targetHints":{"allow":["GET"]}}],"collection":[{"href":"https:\/\/www.europesays.com\/es\/wp-json\/wp\/v2\/posts"}],"about":[{"href":"https:\/\/www.europesays.com\/es\/wp-json\/wp\/v2\/types\/post"}],"author":[{"embeddable":true,"href":"https:\/\/www.europesays.com\/es\/wp-json\/wp\/v2\/users\/2"}],"replies":[{"embeddable":true,"href":"https:\/\/www.europesays.com\/es\/wp-json\/wp\/v2\/comments?post=141600"}],"version-history":[{"count":0,"href":"https:\/\/www.europesays.com\/es\/wp-json\/wp\/v2\/posts\/141600\/revisions"}],"wp:featuredmedia":[{"embeddable":true,"href":"https:\/\/www.europesays.com\/es\/wp-json\/wp\/v2\/media\/141601"}],"wp:attachment":[{"href":"https:\/\/www.europesays.com\/es\/wp-json\/wp\/v2\/media?parent=141600"}],"wp:term":[{"taxonomy":"category","embeddable":true,"href":"https:\/\/www.europesays.com\/es\/wp-json\/wp\/v2\/categories?post=141600"},{"taxonomy":"post_tag","embeddable":true,"href":"https:\/\/www.europesays.com\/es\/wp-json\/wp\/v2\/tags?post=141600"}],"curies":[{"name":"wp","href":"https:\/\/api.w.org\/{rel}","templated":true}]}}