{"id":141608,"date":"2025-09-27T05:06:09","date_gmt":"2025-09-27T05:06:09","guid":{"rendered":"https:\/\/www.europesays.com\/es\/141608\/"},"modified":"2025-09-27T05:06:09","modified_gmt":"2025-09-27T05:06:09","slug":"el-dia-que-la-ufc-lleno-un-estadio-en-australia-con-60-000-personas","status":"publish","type":"post","link":"https:\/\/www.europesays.com\/es\/141608\/","title":{"rendered":"el d\u00eda que la UFC llen\u00f3 un estadio en Australia con 60.000 personas"},"content":{"rendered":"<p data-gtm-element-container=\"modulo-texto-link\" class=\"paragraph\">La <strong>UFC<\/strong> ha acostumbrado a sus aficionados a percibir cifras y logros de r\u00e9cord dentro de sus propias marcas. El dominio de la compa\u00f1\u00eda dentro del deporte, en los \u00faltimos a\u00f1os, ha sido apabullante. Muestra de ello es la propia repercusi\u00f3n que en Espa\u00f1a hoy tiene la disciplina, la corporaci\u00f3n e <strong>Ilia Topuria <\/strong>que, en algo menos de cinco a\u00f1os, <strong>ha logrado el sue\u00f1o de ser doble campe\u00f3n del conglomerado<\/strong> y pasar a la historia como uno de sus mejores atletas. Sin embargo, el entramado americano todav\u00eda no ha aterrizado en el pa\u00eds europeo.<\/p>\n<p data-gtm-element-container=\"modulo-texto-link\" class=\"paragraph\"><strong>Dana White si prob\u00f3 suerte con Australia en 2010<\/strong> y, una vez derrib\u00f3 las puertas del pa\u00eds para celebrar un evento en suelo oce\u00e1nico, no ces\u00f3 de repetir evento tras evento. Sab\u00eda del potencial que ten\u00eda la naci\u00f3n. <strong>El territorio otorgaba a la UFC una<\/strong> <strong>doble vertiente donde percibir beneficios de gran valor<\/strong>: competidores de artes marciales mixtas aguerridos que quer\u00edan hacer historia dentro del roster m\u00e1s prestigioso del mundo, y una afici\u00f3n que agotaba localidades y abarrotaba estadios en cada una de las ciudades que albergaban las veladas de la empresa estadounidense de MMA.<\/p>\n<p data-gtm-element-container=\"modulo-texto-link\" class=\"paragraph\">A\u00f1o 2019. <strong>Robert Whittaker<\/strong> hab\u00eda ganado el t\u00edtulo del peso mediano de la UFC justo un a\u00f1o antes, ante <strong>Yoel Romero<\/strong>, en una pol\u00e9mica pelea. Primero, el cubano no cumpli\u00f3 con la b\u00e1scula y, por ende, no ten\u00eda posibilidades de ser monarca pese a una hipot\u00e9tica victoria. Despu\u00e9s, la decisi\u00f3n de los jueces no convenci\u00f3 a gran parte del respetable, y el australiano sali\u00f3 del oct\u00e1gono con una sensaci\u00f3n agridulce. Dana White, meses despu\u00e9s de aquella gran batalla, coloc\u00f3 el primer reto como rey de la categor\u00eda al\u00a0 campe\u00f3n. <strong>El nuevo oponente de The Reaper no era un rival cualquiera.<\/strong><\/p>\n<p data-gtm-element-container=\"modulo-texto-link\" class=\"paragraph\"><strong>Israel Adesanya <\/strong>parec\u00eda ser la pura reencarnaci\u00f3n de un Anderson Silva que, todav\u00eda inmiscuido en el estanque de tiburones que supon\u00eda la divisi\u00f3n de los medianos, daba ya sus \u00faltimos coletazos como competidor profesional. <strong>Fuerte, r\u00e1pido y atl\u00e9tico pese a su altura<\/strong>, el nigeriano ven\u00eda de ganar el t\u00edtulo interino de la categor\u00eda frente a <strong>Kelvin Gastelum<\/strong> en una aut\u00e9ntica guerra sin cuartel. Su victoria ante el americano supuso su triunfo n\u00famero seis en la UFC, con v\u00edctimas en su haber de la talla del joven <strong>Marvin Vettori o la leyenda Silva<\/strong>, entre otros.<\/p>\n<p data-gtm-element-container=\"modulo-texto-link\" class=\"paragraph\">UFC 243. El <strong>5 de octubre<\/strong> y en el <strong>MARVEL Arena <\/strong>de Melbourne. Era todo aquello que ambos competidores deb\u00edan saber. Israel Adesanya y Robert Whittaker ya ten\u00edan fecha para su pr\u00f3xima gran batalla. Ambos aterrizaban en Australia cuestionados, puestos en cuarentena, despu\u00e9s de sus respectivas actuaciones. <strong>\u00bfMereci\u00f3 ser campe\u00f3n The Reaper? \u00bfSupuso Kelvin Gastelum el techo en la UFC para The Last Stylebender?<\/strong><\/p>\n<p data-gtm-element-container=\"modulo-texto-link\" class=\"paragraph\">El oct\u00e1gono dictamin\u00f3 sentencia, como siempre hace dentro de la UFC. <strong>Israel Adesanya fue un cicl\u00f3n para Robert Whittaker. <\/strong>El nigeriano, asentado en Nueva Zelanda, arrebat\u00f3 al australiano el cintur\u00f3n en dos rondas de combate, con un actuaci\u00f3n que pas\u00f3 a la historia de la compa\u00f1\u00eda:<strong> The Last Stylebender fue el primero en hacer parecer un simple mortal a The Reaper<\/strong>, pese a sus guerras sin cuartel en el pasado, despu\u00e9s de una finalizaci\u00f3n que dej\u00f3 perplejo al respetable.<\/p>\n<p data-gtm-element-container=\"modulo-texto-link\" class=\"paragraph\">Un crochet de izquierda de Adesanya, dentro de un fren\u00e9tico intercambio entre el nigeriano y Whittaker, impact\u00f3 de lleno en la boca del campe\u00f3n. Mark Goddard, \u00e1rbitro de la contienda, no quiso ni siquiera percibir los golpes en el ground and pound de The Last Stylebender.<strong> El nigeriano, m\u00e1s r\u00e1pido, preciso y en la mejor forma f\u00edsica de su vida, acababa de noquear al monarca delante de su propio p\u00fablico<\/strong>, para poner el broche a una velada que pasar\u00eda a la historia de la compa\u00f1\u00eda.<\/p>\n<p>Un combate trascendental para la UFC con unas cifras para la historia<\/p>\n<p>                <img loading=\"lazy\" decoding=\"async\" data-full-src=\"https:\/\/www.mundodeportivo.com\/uploads\/2025\/09\/24\/68d3c7bd2fe5f.jpeg\" alt=\"Israel Adesanya, en su entrada al oct\u00e1gono dentro del UFC 243 en Melbourne, Autralia\" width=\"449\" height=\"304\" src=\"https:\/\/www.europesays.com\/es\/wp-content\/uploads\/2025\/09\/68d3c7bd2fe5f.r_d.320-217.jpeg\" class=\"lazy\"\/><\/p>\n<p class=\"caption-title \">Israel Adesanya, en su entrada al oct\u00e1gono dentro del UFC 243 en Melbourne, Autralia<\/p>\n<p>                    UFC<\/p>\n<p data-gtm-element-container=\"modulo-texto-link\" class=\"paragraph\"><strong>Israel Adesanya y Robert Whittaker<\/strong> pueden presumir de grandes logros, conseguidos sobre el oct\u00e1gono, en su carrera deportiva. Sin embargo, tanto el nigeriano como The Reaper fueron los protagonistas, aquel 5 de octubre del 2019, de una noche hist\u00f3rica para la UFC. <strong>El conglomerado hab\u00eda pulverizado su r\u00e9cord de asistencia para un evento:\u00a057.127 almas abarrotaron las gradas del MARVEL Arena,<\/strong> para ser testigos del nacimiento de uno de los reinados m\u00e1s dominantes de la historia del conglomerado de MMA m\u00e1s grande del planeta.<\/p>\n<p>    Lee tambi\u00e9n<\/p>\n<p data-gtm-element-container=\"modulo-texto-link\" class=\"paragraph\">Dana White, con su velada protagonizada por Israel Adesanya y Robert Whittaker, <strong>redujo a cenizas su anterior marca<\/strong>. El <strong>UFC 193<\/strong>, celebrado en el mismo emplazamiento, cont\u00f3 con<strong> 56.214 asistentes<\/strong>, que pudieron ver en directo la primera gran derrota y comienzo del declive de Ronda Rousey, la peleadora que puso a las MMA femeninas en el mapa con sus dominantes actuaciones sobre el oct\u00e1gono. Tras la gran noche de la compa\u00f1\u00eda en Melbourne, de la mano de The Last Stylebender y The Reaper, el aficionado espa\u00f1ol a las artes marciales mixtas solo piensa en una cosa&#8230; \u00bf<strong>Podr\u00e1 Ilia Topuria superar la actual marca con un evento en el Santiago Bernab\u00e9u?<\/strong><\/p>\n","protected":false},"excerpt":{"rendered":"La UFC ha acostumbrado a sus aficionados a percibir cifras y logros de r\u00e9cord dentro de sus propias&hellip;\n","protected":false},"author":2,"featured_media":141609,"comment_status":"","ping_status":"","sticky":false,"template":"","format":"standard","meta":{"footnotes":""},"categories":[276],"tags":[168,25,24,23,167,343],"class_list":{"0":"post-141608","1":"post","2":"type-post","3":"status-publish","4":"format-standard","5":"has-post-thumbnail","7":"category-ufc","8":"tag-deportes","9":"tag-es","10":"tag-espana","11":"tag-spain","12":"tag-sports","13":"tag-ufc"},"share_on_mastodon":{"url":"","error":""},"_links":{"self":[{"href":"https:\/\/www.europesays.com\/es\/wp-json\/wp\/v2\/posts\/141608","targetHints":{"allow":["GET"]}}],"collection":[{"href":"https:\/\/www.europesays.com\/es\/wp-json\/wp\/v2\/posts"}],"about":[{"href":"https:\/\/www.europesays.com\/es\/wp-json\/wp\/v2\/types\/post"}],"author":[{"embeddable":true,"href":"https:\/\/www.europesays.com\/es\/wp-json\/wp\/v2\/users\/2"}],"replies":[{"embeddable":true,"href":"https:\/\/www.europesays.com\/es\/wp-json\/wp\/v2\/comments?post=141608"}],"version-history":[{"count":0,"href":"https:\/\/www.europesays.com\/es\/wp-json\/wp\/v2\/posts\/141608\/revisions"}],"wp:featuredmedia":[{"embeddable":true,"href":"https:\/\/www.europesays.com\/es\/wp-json\/wp\/v2\/media\/141609"}],"wp:attachment":[{"href":"https:\/\/www.europesays.com\/es\/wp-json\/wp\/v2\/media?parent=141608"}],"wp:term":[{"taxonomy":"category","embeddable":true,"href":"https:\/\/www.europesays.com\/es\/wp-json\/wp\/v2\/categories?post=141608"},{"taxonomy":"post_tag","embeddable":true,"href":"https:\/\/www.europesays.com\/es\/wp-json\/wp\/v2\/tags?post=141608"}],"curies":[{"name":"wp","href":"https:\/\/api.w.org\/{rel}","templated":true}]}}