{"id":141612,"date":"2025-09-27T05:12:06","date_gmt":"2025-09-27T05:12:06","guid":{"rendered":"https:\/\/www.europesays.com\/es\/141612\/"},"modified":"2025-09-27T05:12:06","modified_gmt":"2025-09-27T05:12:06","slug":"llegan-cien-ultras-de-la-cultural","status":"publish","type":"post","link":"https:\/\/www.europesays.com\/es\/141612\/","title":{"rendered":"Llegan cien \u2018ultras\u2019 de la Cultural"},"content":{"rendered":"<p class=\"paragraph\">Por desgracia hay partidos que parecen proclives a saltar de las p\u00e1ginas de deportes a las de sucesos. Con el fin de evitarlo en el Real Valladolid-Cultural, la Subdelegaci\u00f3n de Gobierno ha dise\u00f1ado un despliegue de seguridad  acorde con un encuentro declarado de alto riesgo.<\/p>\n<p class=\"paragraph\">El gran peligro del encuentro son los aproximadamente cien aficionados m\u00e1s radicales que llegar\u00e1n desde Le\u00f3n, junto a los otros casi 500 que completan las entradas facilitadas por el Real Valladolid y que arribar\u00e1n muchos de ellos en autocar. Lo ultras lo har\u00e1n en veh\u00edculos particulares y habr\u00e1 controles a los mismos ya en la entrada de la ciudad.<\/p>\n<p class=\"paragraph\">Estos ser\u00e1n embolsados en la plaza de Marcos Fern\u00e1ndez para darles escolta hasta el estadio. Una vez all\u00ed, y antes de entrar, ser\u00e1n todos ellos cacheados para cerciorarse de que no portan armas ni objetos contundentes, ni otros prohibidos por la ley del Deporte. Despu\u00e9s el encuentro, como es habitual, esperar\u00e1n m\u00e1s tiempo en la grada para salir de nuevo escoltados cuando ya no haya p\u00fablico en las inmediaciones de Zorrilla.<\/p>\n<p class=\"paragraph\">Las fuerzas de seguridad se aumentar\u00e1n en n\u00famero notablemente, aunque desde la Subdelegaci\u00f3n no facilitan la cifra. Habr\u00e1 miembros de UIP (Unidades de Intervenci\u00f3n Policial, conocidos como Antidisturbiod), UPR (Unidad de Prevenci\u00f3n y Reacci\u00f3n de la Polic\u00eda Nacional), espec\u00edficos para Seguridad Ciudadana, Brigada Provincial de Informaci\u00f3n y Polic\u00eda Municipal.<\/p>\n<p class=\"paragraph\">El n\u00famero de vigilantes de seguridad privados, contratado por el club, asciende de los 40 habituales a 66, m\u00e1s de un tercio.<\/p>\n<p class=\"paragraph\">Los seguidores m\u00e1s radicales del Real Valladolid tambi\u00e9n ser\u00e1n embolsados desde el local que es su punto de reuni\u00f3n habitual antes de los partidos hasta el estadio Zorrilla, de forma que nunca se encuentren con los rivales.<\/p>\n<p class=\"paragraph\">Los seguidores culturalistas que est\u00e9n fuera de la zona acotada a la afici\u00f3n visitante por haber recibido entradas de abonados blanquivioleta, no podr\u00e1n portar simbolog\u00eda del conjunto culturalista.<\/p>\n","protected":false},"excerpt":{"rendered":"Por desgracia hay partidos que parecen proclives a saltar de las p\u00e1ginas de deportes a las de sucesos.&hellip;\n","protected":false},"author":2,"featured_media":141613,"comment_status":"","ping_status":"","sticky":false,"template":"","format":"standard","meta":{"footnotes":""},"categories":[268],"tags":[168,25,24,7849,280,282,4108,586,5298,281,23,167,257],"class_list":{"0":"post-141612","1":"post","2":"type-post","3":"status-publish","4":"format-standard","5":"has-post-thumbnail","7":"category-futbol","8":"tag-deportes","9":"tag-es","10":"tag-espana","11":"tag-estadio-jose-zorrilla","12":"tag-football","13":"tag-futbol","14":"tag-leon","15":"tag-policia","16":"tag-real-valladolid-cf","17":"tag-soccer","18":"tag-spain","19":"tag-sports","20":"tag-sucesos"},"share_on_mastodon":{"url":"","error":""},"_links":{"self":[{"href":"https:\/\/www.europesays.com\/es\/wp-json\/wp\/v2\/posts\/141612","targetHints":{"allow":["GET"]}}],"collection":[{"href":"https:\/\/www.europesays.com\/es\/wp-json\/wp\/v2\/posts"}],"about":[{"href":"https:\/\/www.europesays.com\/es\/wp-json\/wp\/v2\/types\/post"}],"author":[{"embeddable":true,"href":"https:\/\/www.europesays.com\/es\/wp-json\/wp\/v2\/users\/2"}],"replies":[{"embeddable":true,"href":"https:\/\/www.europesays.com\/es\/wp-json\/wp\/v2\/comments?post=141612"}],"version-history":[{"count":0,"href":"https:\/\/www.europesays.com\/es\/wp-json\/wp\/v2\/posts\/141612\/revisions"}],"wp:featuredmedia":[{"embeddable":true,"href":"https:\/\/www.europesays.com\/es\/wp-json\/wp\/v2\/media\/141613"}],"wp:attachment":[{"href":"https:\/\/www.europesays.com\/es\/wp-json\/wp\/v2\/media?parent=141612"}],"wp:term":[{"taxonomy":"category","embeddable":true,"href":"https:\/\/www.europesays.com\/es\/wp-json\/wp\/v2\/categories?post=141612"},{"taxonomy":"post_tag","embeddable":true,"href":"https:\/\/www.europesays.com\/es\/wp-json\/wp\/v2\/tags?post=141612"}],"curies":[{"name":"wp","href":"https:\/\/api.w.org\/{rel}","templated":true}]}}