{"id":141614,"date":"2025-09-27T05:15:24","date_gmt":"2025-09-27T05:15:24","guid":{"rendered":"https:\/\/www.europesays.com\/es\/141614\/"},"modified":"2025-09-27T05:15:24","modified_gmt":"2025-09-27T05:15:24","slug":"los-mejores-libros-infantiles-y-juveniles-de-septiembre-2025-babelia","status":"publish","type":"post","link":"https:\/\/www.europesays.com\/es\/141614\/","title":{"rendered":"Los mejores libros infantiles y juveniles de septiembre 2025 | Babelia"},"content":{"rendered":"<p class=\"\">El libro de papel lleva a\u00f1os asistiendo a su propio funeral. Aunque le enterraron unos gur\u00faes que tan gur\u00faes no eran: pocas profec\u00edas tan desacertadas como aquella de que la lectura digital acabar\u00eda con el formato f\u00edsico. A saber qu\u00e9 dicen ahora esos or\u00e1culos. Aunque mejor centrarse en un interrogante m\u00e1s pertinente: \u00bfD\u00f3nde est\u00e1 el h\u00e1mster?. Porque la obra de Takahiro Noda, incluida en la selecci\u00f3n de la mejor literatura infantil y juvenil de libreros de distintas Comunidades Aut\u00f3nomas para este mes, supone precisamente una muestra de la salud que rebosa el libro. Hasta cambia su propia milenaria estructura, si as\u00ed lo requiere la historia. Que se guarden la caja de muerto. Y se siga abriendo la de las sorpresas. <\/p>\n<p><a href=\"https:\/\/www.todostuslibros.com\/libros\/una-casa-para-el-unicornio_978-84-140-6389-7\" class=\"_db _pr\" rel=\"nofollow noopener\" target=\"_blank\"><img decoding=\"auto\" class=\"_re lazyload a_m-v\" height=\"417\"  width=\"414\" src=\"https:\/\/www.europesays.com\/es\/wp-content\/uploads\/2025\/09\/X3CMBCVC5FCZXBB7QRB5RX7544.jpg\" loading=\"lazy\"\/><\/a><\/p>\n<p>Unicornio busca un hogar. Pero&#8230; \u00bfD\u00f3nde viven estas criaturas m\u00e1gicas? \u00bfQu\u00e9 comen? \u00bfHeno, t\u00e9 con pastas, \u00bfalgod\u00f3n de az\u00facar? La protagonista quiere ayudarlo a encontrar la casita ideal y para ello recorrer\u00e1n lugares de todo tipo. Aunque no se ha dado cuenta de por qu\u00e9 el unicornio la ha escogido a ella para la tarea. Un libro lleno de sorpresas que ense\u00f1a a los m\u00e1s peques que cuando un amiguito peludo llega a nuestras vidas no es casualidad: nos ha elegido.<\/p>\n<p class=\"\"><b>Por Cristina Cabrera. <\/b><a href=\"https:\/\/www.abacus.coop\/es\/libros\" target=\"_self\" rel=\"nofollow noopener\" title=\"https:\/\/www.abacus.coop\/es\/libros\"><b>Abacus.<\/b><\/a><b> Valencia. <\/b><\/p>\n<p><a href=\"https:\/\/www.todostuslibros.com\/libros\/fred-y-gloria_978-84-19401-96-0\" class=\"_db _pr\" rel=\"nofollow noopener\" target=\"_blank\"><img decoding=\"auto\" class=\"_re lazyload a_m-v\" height=\"544\"  width=\"414\" src=\"https:\/\/www.europesays.com\/es\/wp-content\/uploads\/2025\/09\/P44ON26Q3FB7LGAVEFEVXBDUAY.jpg\" loading=\"lazy\"\/><\/a><\/p>\n<p>Fred solo tiene claras dos cosas: que quiere ir a ver a Gloria, y que ella vive m\u00e1s all\u00e1 del oc\u00e9ano. Pero, claro, para llegar hasta all\u00ed primero hay que saber qu\u00e9 es el oc\u00e9ano. Y por m\u00e1s que se lo pregunte a otros animales, nadie consigue ayudarle. Un precioso, ir\u00f3nico y sutil homenaje a la amistad, las diferencias y la aventura. <\/p>\n<p class=\"\"><b>Por Tommaso Koch. <\/b><\/p>\n<p><a href=\"https:\/\/www.todostuslibros.com\/libros\/donde-esta-el-hamster_978-84-19829-74-0\" class=\"_db _pr\" rel=\"nofollow noopener\" target=\"_blank\"><img decoding=\"auto\" class=\"_re lazyload a_m-v\" height=\"471\"  width=\"414\" src=\"https:\/\/www.europesays.com\/es\/wp-content\/uploads\/2025\/09\/SBZKCM3JWZCUVH323IDLFRFARA.jpg\" loading=\"lazy\"\/><\/a><\/p>\n<p>El h\u00e1mster glot\u00f3n reci\u00e9n llegado a casa se ha escapado de su jaula y debemos encontrarlo antes de que sea demasiado tarde. \u00bfEstar\u00e1 en la habitaci\u00f3n de los juguetes? \u00bfse habr\u00e1 escondido en el armario de pap\u00e1? \u00bfen el joyero de mam\u00e1? Un original libro de busca y encuentra con forma de casa japonesa y dibujos cuquis en los que buscar eternamente al h\u00e1mster desaparecido. <\/p>\n<p class=\"\"><b>Por Naia Hern\u00e1ndez. <\/b><a href=\"https:\/\/www.sopadesapo.com\/\" rel=\"nofollow noopener\" target=\"_blank\"><b>Sopa de Sapo.<\/b><\/a><b> Bilbao.<\/b><\/p>\n<p><a href=\"https:\/\/www.todostuslibros.com\/libros\/la-bicicleta-abandonada_978-84-10447-05-9\" class=\"_db _pr\" rel=\"nofollow noopener\" target=\"_blank\"><img decoding=\"auto\" class=\"_re lazyload a_m-v\" height=\"465\"  width=\"414\" src=\"https:\/\/www.europesays.com\/es\/wp-content\/uploads\/2025\/09\/OAMRJYMTKFAL7N2IYRHKHCZDZE.jpg\" loading=\"lazy\"\/><\/a><\/p>\n<p>Un \u00e1lbum ilustrado donde lo cotidiano se transforma en infinitos relatos desde los ojos de un ni\u00f1o. Con una narraci\u00f3n sencilla y evocadora, y las ilustraciones po\u00e9ticas de Ver\u00f3nica Fabregat, nos recuerda que cada objeto guarda un universo de posibilidades. [Tambi\u00e9n en catal\u00e1n]<\/p>\n<p class=\"\"><b>Por Karol Conti. <\/b><a href=\"https:\/\/www.librotecaelgatodecheshire.es\/\" target=\"_self\" rel=\"nofollow noopener\" title=\"https:\/\/www.librotecaelgatodecheshire.es\/\"><b>El gato de Cheshire. <\/b><\/a><b>Zaragoza. <\/b><\/p>\n<p><a href=\"https:\/\/www.todostuslibros.com\/libros\/abrazame_978-84-1055-046-9\" class=\"_db _pr\" rel=\"nofollow noopener\" target=\"_blank\"><img decoding=\"auto\" class=\"_re lazyload a_m-h\" height=\"297\"  width=\"414\" src=\"https:\/\/www.europesays.com\/es\/wp-content\/uploads\/2025\/09\/YMRMXMCTLVEDPAVQLDWZTUANF4.jpg\" loading=\"lazy\"\/><\/a><\/p>\n<p>Un libro de cart\u00f3n, para los m\u00e1s peque\u00f1os, sobre un peque\u00f1o cactus que, necesitado de un abrazo, lo hace con el amigo inadecuado, lo que conllev\u00f3 \u201cel desastre\u201d, como lo llama \u00e9l. Se a\u00edsla del mundo, pero un d\u00eda descubre otra alma solitaria y se da cuenta de que siempre hay un amigo adecuado para nosotros. <\/p>\n<p class=\"\"><b>Por Antonio Rivero.<\/b><a href=\"https:\/\/www.libreriacanaima.com\/\" target=\"_self\" rel=\"nofollow noopener\" title=\"https:\/\/www.libreriacanaima.com\/\"><b> Canaima.<\/b> <\/a><b>Las Palmas de Gran Canaria.<\/b><\/p>\n<p><a href=\"https:\/\/www.todostuslibros.com\/libros\/amiga-gallina_978-84-10016-37-8\" class=\"_db _pr\" rel=\"nofollow noopener\" target=\"_blank\"><img decoding=\"auto\" class=\"_re lazyload a_m-v\" height=\"523\"  width=\"414\" src=\"https:\/\/www.europesays.com\/es\/wp-content\/uploads\/2025\/09\/TPBKW27TJNHWLCFRAKEJHJ4GW4.jpg\" loading=\"lazy\"\/><\/a><\/p>\n<p>Perro, cerdo y gallina est\u00e1n hartos de la misma vida de siempre en la granja. De ah\u00ed que se escapen del corral hacia la aventura. La amiga plumada, sin embargo, no termina de disfrutar: todo le aterra. Cada dos por tres se pone tan nerviosa que planta un huevo. As\u00ed no hay quien disfrute con el viaje. Pero hasta tanta cobard\u00eda tiene su lado bueno. Solo hace falta saberlo ver.  <\/p>\n<p class=\"\"><b>Por Tommaso Koch. <\/b><\/p>\n<p><a href=\"https:\/\/www.todostuslibros.com\/libros\/el-rifirrafe_979-13-87664-04-6\" class=\"_db _pr\" rel=\"nofollow noopener\" target=\"_blank\"><img decoding=\"auto\" class=\"_re lazyload a_m-v\" height=\"627\"  width=\"414\" src=\"https:\/\/www.europesays.com\/es\/wp-content\/uploads\/2025\/09\/JFOUDNGCMNG6BG6RJXKKLIYP7Q.jpg\" loading=\"lazy\"\/><\/a><\/p>\n<p>Si te encantaron &#8216;Villanos&#8217; y &#8216;Valientes&#8217;, seguro que este es tu libro. La gran ilustradora francesa Clotilde Perrin propone una divertida historia de convivencia entre dos vecinos muy diferentes entre ellos. \u00bfPodr\u00e1n llegar a superar una ri\u00f1a y su enfado y convertirse en amigos? S\u00f3lo podr\u00e1s descubrirlo si levantas las solapas y las despliegas.<\/p>\n<p class=\"\"><b>Por Marta Garc\u00eda Fern\u00e1ndez. <\/b><a href=\"https:\/\/www.elguardiandeloslibros.com\/\" target=\"_self\" rel=\"nofollow noopener\" title=\"https:\/\/www.elguardiandeloslibros.com\/\"><b>El guardi\u00e1n de los libros. <\/b><\/a><b>Le\u00f3n.<\/b><\/p>\n<p><a href=\"https:\/\/www.todostuslibros.com\/libros\/la-cenicienta-coleccion-alfaguara-clasicos_978-84-10190-79-5\" class=\"_db _pr\" rel=\"nofollow noopener\" target=\"_blank\"><img decoding=\"auto\" class=\"_re lazyload a_m-v\" height=\"511\"  width=\"414\" src=\"https:\/\/www.europesays.com\/es\/wp-content\/uploads\/2025\/09\/LJCZ4IHK3NHARNOWGL6LMKQREQ.jpg\" loading=\"lazy\"\/><\/a><\/p>\n<p>\u00bfTe imaginas una Cenicienta diferente, en una historia imprevisible y con un final completamente distinto al del cuento original? Pues en este \u00e1lbum ilustrado encontrar\u00e1s eso y mucho humor negro caracter\u00edstico del autor.<\/p>\n<p class=\"\"><b>Por Toni Fern\u00e1ndez. <\/b><a href=\"https:\/\/llibreriabaobab.com\/\" target=\"_self\" rel=\"nofollow noopener\" title=\"https:\/\/llibreriabaobab.com\/\"><b>Baobab. <\/b><\/a><b>Palma de Mallorca. <\/b><\/p>\n<p><a href=\"https:\/\/www.todostuslibros.com\/libros\/el-pirata-malacaca_979-13-87834-34-0\" class=\"_db _pr\" rel=\"nofollow noopener\" target=\"_blank\"><img decoding=\"auto\" class=\"_re lazyload a_m-v\" height=\"446\"  width=\"414\" src=\"https:\/\/www.europesays.com\/es\/wp-content\/uploads\/2025\/09\/GD5LKLEC3JFDNEFUHYTBKRP6LI.jpg\" loading=\"lazy\"\/><\/a><\/p>\n<p>Su nombre era Pepe Mari, pero todo el mundo lo llamaba el Pirata Malacaca\u2026dec\u00edan que era hura\u00f1o, aunque su verdadero problema era que no iba al ba\u00f1o. El tufillo de sus pedos era tan horrible que venc\u00eda a sus enemigos con sus ventosidades. Menos mal que Elsa Pelorrosa, la pirata m\u00e1s valiente de los siete mares, le va a ayudar a comer sano para que ir al ba\u00f1o sea una verdadera fiesta. Un divertid\u00edsimo cuento rimado con moraleja saludable. <\/p>\n<p class=\"\"><b>Por Susana Barro Parga.<\/b><a href=\"https:\/\/elfarodelostresmundos.com\/es\/\" rel=\"nofollow noopener\" target=\"_blank\"><b> El faro de los tres mundos.<\/b><\/a><b> Lugo.<\/b><\/p>\n<p><a href=\"https:\/\/www.todostuslibros.com\/libros\/cada-animalito-hace-su-caminito_978-84-10323-68-1\" class=\"_db _pr\" rel=\"nofollow noopener\" target=\"_blank\"><img decoding=\"auto\" class=\"_re lazyload a_m-v\" height=\"620\"  width=\"414\" src=\"https:\/\/www.europesays.com\/es\/wp-content\/uploads\/2025\/09\/YRD6JA6IRJHMJNQCC5FF4JECCI.jpg\" loading=\"lazy\"\/><\/a><\/p>\n<p>La noche anterior al primer d\u00eda de escuela, una ardilla, un tej\u00f3n, una lombriz , una comadreja y una gamba andan algo intranquilos, revueltos, con ese cosquilleo t\u00edpico en la barriga que da enfrentarse a lo nuevo y desconocido. Cada uno recorre el caminito interior y el del bosque a su manera, con entusiasmo, con miedos, con dudas. Un breve relato lleno de ternura y sencillez, en el que ni\u00f1as y ni\u00f1os pueden proyectarse y reconocerse con naturalidad. [Tambi\u00e9n en catal\u00e1n]<\/p>\n<p class=\"\"><b>Por Lola Gallardo. <\/b><a href=\"https:\/\/www.rayuelainfancia.com\/\" target=\"_self\" rel=\"nofollow noopener\" title=\"https:\/\/www.rayuelainfancia.com\/\"><b>Rayuelainfancia.<\/b><\/a><b> Sevilla. <\/b><\/p>\n<p><a href=\"https:\/\/www.todostuslibros.com\/libros\/preguntame-tus-grandes-dudas_978-84-129063-8-7\" class=\"_db _pr\" rel=\"nofollow noopener\" target=\"_blank\"><img decoding=\"auto\" class=\"_re lazyload a_m-v\" height=\"530\"  width=\"414\" src=\"https:\/\/www.europesays.com\/es\/wp-content\/uploads\/2025\/09\/ZMFB24WTY5GKTIDQXXUOSJ32TA.jpg\" loading=\"lazy\"\/><\/a><\/p>\n<p>Alguien dijo alguna vez que dudar es de sabios, y en este c\u00f3mic hay un adorable equipo de dinosaurios dispuestos a animarnos a hacerlo, poniendo en pr\u00e1ctica nuestro pensamiento cr\u00edtico y reflexionando sobre temas tan interesantes como \u00bfqu\u00e9 significa ser justo? o \u00bfest\u00e1 bien mentir alguna vez?<\/p>\n<p class=\"\"><b>Por Julia de Ugarte Candil. <\/b><a href=\"https:\/\/www.librerialalumbre.com\/?srsltid=AfmBOoqrdSUaJnDGAh0Q8JsST85spp2OkqA3Q-2uXHuCoubqKuig6TRN\" target=\"_self\" rel=\"nofollow noopener\" title=\"https:\/\/www.librerialalumbre.com\/?srsltid=AfmBOoqrdSUaJnDGAh0Q8JsST85spp2OkqA3Q-2uXHuCoubqKuig6TRN\"><b>La Lumbre.<\/b><\/a><b> Madrid.<\/b><\/p>\n<p><a href=\"https:\/\/www.todostuslibros.com\/libros\/invisibles_978-84-19889-90-4\" class=\"_db _pr\" rel=\"nofollow noopener\" target=\"_blank\"><img decoding=\"auto\" class=\"_re lazyload a_m-v\" height=\"564\"  width=\"414\" src=\"https:\/\/www.europesays.com\/es\/wp-content\/uploads\/2025\/09\/PD5R6WVUTVHVXNIHV77IW3LHII.jpg\" loading=\"lazy\"\/><\/a><\/p>\n<p>Un libro excepcional por la manera tan innovadora de hacer patente el acto de \u201cdescubrir\u201d a personajes femeninos de la mitolog\u00eda relegados a un segundo plano. El libro presenta a 14 figuras masculinas m\u00edticas, h\u00e9roes, dioses, guerreros&#8230; sobre los que ofrece un breve texto descriptivo en tinta roja. Con un filtro que se incluye en el libro, superpuesto sobre cada uno de estos personajes, van apareciendo en azul, ninfas, princesas, sacerdotisas&#8230; La propuesta esta vez no es solo literaria, sino muy visual y simb\u00f3lica, dando voz y visibilizando a estas mujeres INVISIBLES a simple vista.<\/p>\n<p class=\"\"><b>Por Lola Gallardo. <\/b><a href=\"https:\/\/www.rayuelainfancia.com\/\" target=\"_self\" rel=\"nofollow noopener\" title=\"https:\/\/www.rayuelainfancia.com\/\"><b>Rayuelainfancia.<\/b><\/a><b> Sevilla. <\/b><\/p>\n<p><a href=\"https:\/\/www.todostuslibros.com\/libros\/perfectamente-imperfecto_979-13-87922-04-7\" class=\"_db _pr\" rel=\"nofollow noopener\" target=\"_blank\"><img decoding=\"auto\" class=\"_re lazyload a_m-v\" height=\"598\"  width=\"414\" src=\"https:\/\/www.europesays.com\/es\/wp-content\/uploads\/2025\/09\/YN7UZEVXUNE5BA7DZAYVMQR46Y.jpg\" loading=\"lazy\"\/><\/a><\/p>\n<p>Ori\u00f3n gana todas las medallas. Nunca se mancha. Y por supuesto jam\u00e1s ha empleado una goma de borrar. \u00bfQu\u00e9 iba a tener que cancelar un ni\u00f1o tan perfecto? \u201c\u00a1La estrella que amanece y brilla!\u201d, le saluda su padre ante el desayuno. El joven, c\u00f3mo no, matiza: \u201cOri\u00f3n es una constelaci\u00f3n\u201d. Impecable. O sea, insoportable. Hasta que la vida le ense\u00f1e el sabor de la derrota. Y que, en realidad, no tiene por qu\u00e9 ser tan amargo. Si acaso, agridulce. <\/p>\n<p class=\"\"><b>Por Tommaso Koch. <\/b><\/p>\n<p><a href=\"https:\/\/www.todostuslibros.com\/libros\/juvenilia_978-84-129653-8-4\" class=\"_db _pr\" rel=\"nofollow noopener\" target=\"_blank\"><img decoding=\"auto\" class=\"_re lazyload a_m-v\" height=\"615\"  width=\"414\" src=\"https:\/\/www.europesays.com\/es\/wp-content\/uploads\/2025\/09\/NBZ6ETZT2VCUNOGWYOZ5NIKRTE.jpg\" loading=\"lazy\"\/><\/a><\/p>\n<p>De adolescente a adolescente, esta selecci\u00f3n de cuentos y relatos escritos por Jane Austen entre los 12 y los 18 a\u00f1os es el puente perfecto para que los m\u00e1s j\u00f3venes se acerquen a la escritura de una autora m\u00edtica. A esta edad, Austen escrib\u00eda s\u00e1tiras y parodias que le ayudaban a entender el mundo de los adultos, y en muchos de estos cuentos se puede distinguir la semilla de los ser\u00edan en el futuro sus grandes obras.<\/p>\n<p class=\"\"><b>Por Julia de Ugarte Candil. <\/b><a href=\"https:\/\/www.librerialalumbre.com\/?srsltid=AfmBOoqrdSUaJnDGAh0Q8JsST85spp2OkqA3Q-2uXHuCoubqKuig6TRN\" target=\"_self\" rel=\"nofollow noopener\" title=\"https:\/\/www.librerialalumbre.com\/?srsltid=AfmBOoqrdSUaJnDGAh0Q8JsST85spp2OkqA3Q-2uXHuCoubqKuig6TRN\"><b>La Lumbre.<\/b><\/a><b> Madrid.<\/b><\/p>\n<p><a href=\"https:\/\/www.todostuslibros.com\/libros\/el-libro-endemoniado_978-84-679-7571-0\" class=\"_db _pr\" rel=\"nofollow noopener\" target=\"_blank\"><img decoding=\"auto\" class=\"_re lazyload a_m-v\" height=\"608\"  width=\"414\" src=\"https:\/\/www.europesays.com\/es\/wp-content\/uploads\/2025\/09\/RX23QE2B5RBFXHHP6OED4CC26Y.jpg\" loading=\"lazy\"\/><\/a><\/p>\n<p>Cuando la reina Viterland ve llegar el fin de los mil deseos que puede concederle su viejo y gastado Grimorio, entra en p\u00e1nico: \u00bfc\u00f3mo mantendr\u00e1 la prosperidad de su reino sin la magia? El lector acompa\u00f1ar\u00e1 al descerebrado caballero Gregor, a la hechicera m\u00e1s torpe del reino, Leonore y la exploradora m\u00e1s (irracionalmente) positiva Viv. Lograremos vencer al juguet\u00f3n demonio del grimorio, y de paso, a la insensatez de Gregor, la inseguridad de Leonore y la poca tolerancia a la frustraci\u00f3n de Viv.<\/p>\n<p class=\"\"><b>Por Bego\u00f1a Company. <\/b><a href=\"https:\/\/www.abacus.coop\/es\/libros\" target=\"_self\" rel=\"nofollow noopener\" title=\"https:\/\/www.abacus.coop\/es\/libros\"><b>Abacus.<\/b><\/a><b> Valencia. <\/b><\/p>\n<p><a href=\"https:\/\/www.todostuslibros.com\/libros\/el-circulo_978-84-08-30751-8\" class=\"_db _pr\" rel=\"nofollow noopener\" target=\"_blank\"><img decoding=\"auto\" class=\"_re lazyload a_m-v\" height=\"634\"  width=\"414\" src=\"https:\/\/www.europesays.com\/es\/wp-content\/uploads\/2025\/09\/L77GWQ4SXBFVVBV5RZYPE7OKBM.jpg\" loading=\"lazy\"\/><\/a><\/p>\n<p>Uve llega a mitad de curso al instituto Ernest Hemingway y se encuentra con un misterioso grupo de alumnos que se dedica a acosar a sus compa\u00f1eros. Al mismo tiempo, Uve conocer\u00e1 a Alba, contrapunto emocional y moral que insufla esperanza en la trama, ya que sirve de catalizador de su crecimiento personal y de su decisi\u00f3n de enfrentarse a las injusticias. M\u00e1s all\u00e1 del entretenimiento, el libro genera reflexi\u00f3n: \u00bfqu\u00e9 tolerancia social hay al acoso?, \u00bfcu\u00e1l es la responsabilidad de testigos, profesores, instituciones? Una intriga bien llevada con un trasfondo social esencial.<\/p>\n<p class=\"\"><b>Por Susana Barro Parga.<\/b><a href=\"https:\/\/elfarodelostresmundos.com\/es\/\" rel=\"nofollow noopener\" target=\"_blank\"><b> El faro de los tres mundos.<\/b><\/a><b> Lugo.<\/b><\/p>\n<p><a href=\"https:\/\/www.todostuslibros.com\/libros\/el-silencio-de-la-princesa-midas_978-84-1055-179-4\" class=\"_db _pr\" rel=\"nofollow noopener\" target=\"_blank\"><img decoding=\"auto\" class=\"_re lazyload a_m-v\" height=\"638\"  width=\"414\" src=\"https:\/\/www.europesays.com\/es\/wp-content\/uploads\/2025\/09\/7RS7ME4AKRCP7DGA4NC72Y6NTA.jpg\" loading=\"lazy\"\/><\/a><\/p>\n<p>Cuando Manuel recibe la terrible llamada de la polic\u00eda diciendo que su hija ha sido asesinada, tiene que ir en busca de sus dos nietos para hacerse cargo de ellos. La nueva vida que tendr\u00e1n que afrontar juntos los tres no ser\u00e1 nada f\u00e1cil. Finalista del premio Gran Angular 2025.<\/p>\n<p class=\"\"><b>Por Toni Fern\u00e1ndez. <\/b><a href=\"https:\/\/llibreriabaobab.com\/\" target=\"_self\" rel=\"nofollow noopener\" title=\"https:\/\/llibreriabaobab.com\/\"><b>Baobab. <\/b><\/a><b>Palma de Mallorca. <\/b><\/p>\n<p><a href=\"https:\/\/www.todostuslibros.com\/libros\/el-ave-de-las-mil-historias_978-84-129653-9-1\" class=\"_db _pr\" rel=\"nofollow noopener\" target=\"_blank\"><img decoding=\"auto\" class=\"_re lazyload a_m-v\" height=\"651\"  width=\"414\" src=\"https:\/\/www.europesays.com\/es\/wp-content\/uploads\/2025\/09\/G66Y4GWP4RFOFB5TQVM6APMH7M.jpg\" loading=\"lazy\"\/><\/a><\/p>\n<p>Marjan Dastani es una joven aparentemente normal, pero, cuando no asiste a clase, en vez de salir con sus amigas viaja por el mundo cuidando de bestias m\u00edticas porque es la enviada secreta especial de la organizaci\u00f3n Fells. Su misi\u00f3n ser\u00e1 encontrar al Ave de las Mil Historias, una arriesgada aventura porque traspasar el mundo real pone en peligro su propia existencia y la relaci\u00f3n con sus amigos. \u00bfLograr\u00e1 encontrar el equilibrio entre la vida real y el universo fant\u00e1stico?<\/p>\n<p class=\"\"><b>Por Marta Garc\u00eda Fern\u00e1ndez. <\/b><a href=\"https:\/\/www.elguardiandeloslibros.com\/\" target=\"_self\" rel=\"nofollow noopener\" title=\"https:\/\/www.elguardiandeloslibros.com\/\"><b>El guardi\u00e1n de los libros. <\/b><\/a><b>Le\u00f3n.<\/b><\/p>\n<p><a href=\"https:\/\/www.todostuslibros.com\/libros\/ella_978-84-1086-008-7\" class=\"_db _pr\" rel=\"nofollow noopener\" target=\"_blank\"><img decoding=\"auto\" class=\"_re lazyload a_m-v\" height=\"596\"  width=\"414\" src=\"https:\/\/www.europesays.com\/es\/wp-content\/uploads\/2025\/09\/2KMXKJWYZVHNXPSTT6VHSZPHOY.jpg\" loading=\"lazy\"\/><\/a><\/p>\n<p>Qui\u00e9n es \u201cella\u201d no lo sabemos. Para averiguarlo tendremos que acompa\u00f1ar a Joel Traver, un periodista convertido en tertuliano televisivo, en la investigaci\u00f3n encargada por una misteriosa y silenciosa joven. Descubre en este &#8216;thriller&#8217; juvenil las entra\u00f1as familiares del candidato a alcalde de Barcelona y ayuda a este periodista a encontrar la justicia y reparaci\u00f3n que los muertos merecen.<\/p>\n<p class=\"\"><b>Por Naia Hern\u00e1ndez. <\/b><a href=\"https:\/\/www.sopadesapo.com\/\" rel=\"nofollow noopener\" target=\"_blank\"><b>Sopa de Sapo.<\/b><\/a><b> Bilbao.<\/b><\/p>\n<p><a href=\"https:\/\/www.todostuslibros.com\/libros\/la-libreria-del-fin-del-mundo_979-13-87574-19-2\" class=\"_db _pr\" rel=\"nofollow noopener\" target=\"_blank\"><img decoding=\"auto\" class=\"_re lazyload a_m-v\" height=\"625\"  width=\"414\" src=\"https:\/\/www.europesays.com\/es\/wp-content\/uploads\/2025\/09\/4O3K6F23KRHEVLZLJ5WESGWSKE.jpg\" loading=\"lazy\"\/><\/a><\/p>\n<p>Una novela dist\u00f3pica en un mundo devastado donde dos j\u00f3venes encuentran en una librer\u00eda en ruinas la posibilidad de sobrevivir y volver a creer. Una historia perfecta para aquellos que sentimos las librer\u00edas como el mejor refugio. <\/p>\n<p class=\"\"><b>Por Karol Conti. <\/b><a href=\"https:\/\/www.librotecaelgatodecheshire.es\/\" target=\"_self\" rel=\"nofollow noopener\" title=\"https:\/\/www.librotecaelgatodecheshire.es\/\"><b>El gato de Cheshire. <\/b><\/a><b>Zaragoza. <\/b><\/p>\n<p><a href=\"https:\/\/www.todostuslibros.com\/libros\/momentos-estelares-de-la-humanidad-panorama_978-84-10206-67-0\" class=\"_db _pr\" rel=\"nofollow noopener\" target=\"_blank\"><img decoding=\"auto\" class=\"_re lazyload a_m-v\" height=\"575\"  width=\"414\" src=\"https:\/\/www.europesays.com\/es\/wp-content\/uploads\/2025\/09\/JNFMIMRMVZBFLNDMLXB4CM6DHU.jpg\" loading=\"lazy\"\/><\/a><\/p>\n<p>Un cl\u00e1sico, ahora en una magn\u00edfica edici\u00f3n ilustrada, donde Zweig nos lleva a recorrer momentos diversos de la historia y grandes proezas de la humanidad, contados con su maestr\u00eda habitual. El libro engancha desde el inicio, e incluso aunque sean episodios que ya conozcamos, Zweig los presenta de una forma brillante, que atrapa.<\/p>\n<p class=\"\"><b>Por Antonio Rivero.<\/b><a href=\"https:\/\/www.libreriacanaima.com\/\" target=\"_self\" rel=\"nofollow noopener\" title=\"https:\/\/www.libreriacanaima.com\/\"><b> Canaima.<\/b> <\/a><b>Las Palmas de Gran Canaria. <\/b><\/p>\n","protected":false},"excerpt":{"rendered":"El libro de papel lleva a\u00f1os asistiendo a su propio funeral. Aunque le enterraron unos gur\u00faes que tan&hellip;\n","protected":false},"author":2,"featured_media":141615,"comment_status":"","ping_status":"","sticky":false,"template":"","format":"standard","meta":{"footnotes":""},"categories":[172],"tags":[224,209,24996,146,147,25,1598,24,3624,6850,225,671,1805,7260,23],"class_list":{"0":"post-141614","1":"post","2":"type-post","3":"status-publish","4":"format-standard","5":"has-post-thumbnail","7":"category-libros","8":"tag-books","9":"tag-cultura","10":"tag-dibujantes","11":"tag-entertainment","12":"tag-entretenimiento","13":"tag-es","14":"tag-escritores","15":"tag-espana","16":"tag-infancia","17":"tag-juventud","18":"tag-libros","19":"tag-literatura","20":"tag-literatura-infantil","21":"tag-literatura-juvenil","22":"tag-spain"},"share_on_mastodon":{"url":"","error":""},"_links":{"self":[{"href":"https:\/\/www.europesays.com\/es\/wp-json\/wp\/v2\/posts\/141614","targetHints":{"allow":["GET"]}}],"collection":[{"href":"https:\/\/www.europesays.com\/es\/wp-json\/wp\/v2\/posts"}],"about":[{"href":"https:\/\/www.europesays.com\/es\/wp-json\/wp\/v2\/types\/post"}],"author":[{"embeddable":true,"href":"https:\/\/www.europesays.com\/es\/wp-json\/wp\/v2\/users\/2"}],"replies":[{"embeddable":true,"href":"https:\/\/www.europesays.com\/es\/wp-json\/wp\/v2\/comments?post=141614"}],"version-history":[{"count":0,"href":"https:\/\/www.europesays.com\/es\/wp-json\/wp\/v2\/posts\/141614\/revisions"}],"wp:featuredmedia":[{"embeddable":true,"href":"https:\/\/www.europesays.com\/es\/wp-json\/wp\/v2\/media\/141615"}],"wp:attachment":[{"href":"https:\/\/www.europesays.com\/es\/wp-json\/wp\/v2\/media?parent=141614"}],"wp:term":[{"taxonomy":"category","embeddable":true,"href":"https:\/\/www.europesays.com\/es\/wp-json\/wp\/v2\/categories?post=141614"},{"taxonomy":"post_tag","embeddable":true,"href":"https:\/\/www.europesays.com\/es\/wp-json\/wp\/v2\/tags?post=141614"}],"curies":[{"name":"wp","href":"https:\/\/api.w.org\/{rel}","templated":true}]}}