{"id":141626,"date":"2025-09-27T05:24:16","date_gmt":"2025-09-27T05:24:16","guid":{"rendered":"https:\/\/www.europesays.com\/es\/141626\/"},"modified":"2025-09-27T05:24:16","modified_gmt":"2025-09-27T05:24:16","slug":"la-onu-incluye-una-empresa-del-ministerio-de-oscar-puente-en-su-lista-negra-de-companias-en-las-zonas-ocupadas-por-israel","status":"publish","type":"post","link":"https:\/\/www.europesays.com\/es\/141626\/","title":{"rendered":"La ONU incluye una empresa del ministerio de \u00d3scar Puente en su &#8216;lista negra&#8217; de compa\u00f1\u00edas en las zonas ocupadas por Israel"},"content":{"rendered":"<p>26\/09\/2025<br \/>\n<br \/><strong><br \/>\nActualizado a las 20:54h.<br \/>\n<\/strong><\/p>\n<p class=\"voc-p\" style=\"\">La Organizaci\u00f3n de las Naciones Unidas ha publicado este viernes su &#8216;lista negra&#8217; de empresas que operan en las zonas ocupadas ilegalmente por Israel. M\u00e1s de 158 organizaciones completan este listado, entre ellas hay 4 espa\u00f1olas y una forma parte del Ministerio de Trasportes liderado por <a href=\"https:\/\/www.abc.es\/espana\/andalucia\/cordoba\/170000-pasajeros-afectados-retrasos-ave-madridcordobasevilla-dos-20250924140758-nts.html\" target=\"_self\" data-voc-vtm-id=\"in-text-traffic\" title=\"\u00d3scar Puente\" rel=\"nofollow noopener\">\u00d3scar Puente<\/a>: Ineco. Tambi\u00e9n se encuentran en esta lista la constructora de Florentino P\u00e9rez, ACS, su filial SEMI, y CAF, empresa ferroviaria con sede central en Beasain.<\/p>\n<p class=\"voc-p\" style=\"\">El presidente del Gobierno, Pedro S\u00e1nchez, ha utilizado <a href=\"https:\/\/www.abc.es\/espana\/sanchez-usa-gaza-salvar-pellejo-duro-texto-20250926174241-nt.html\" target=\"_self\" data-voc-vtm-id=\"in-text-traffic\" title=\"la causa palestina como refugio\" rel=\"nofollow noopener\">la causa palestina como refugio<\/a> para ocultar las causas judiciales que cercan a su familia y su Ejecutivo. El pasado 8 de septiembre anunci\u00f3 varias medidas contra Israel \u00abpara detener el genocidio en Gaza, perseguir a sus ejecutores, y apoyar a la poblaci\u00f3n palestina\u00bb. Entre estas, S\u00e1nchez anunciaba el embargo de armas y la finalizaci\u00f3n de los contratos existentes por parte de los ministerios con Israel.<\/p>\n<p class=\"voc-p\" style=\"\">Ingenier\u00eda y Econom\u00eda del Transporte (Ineco) es una empresa espa\u00f1ola propiedad del Ministerio de Trasportes. Se dedica a la consultor\u00eda e ingenier\u00eda especializada en transporte y movilidad sostenible. Seg\u00fan la lista publicada por la ONU, esta sociedad dependiente de \u00d3scar Puente trabaja en \u00abla prestaci\u00f3n de servicios y suministros que respaldan el mantenimiento y la existencia de los asentamientos, incluido el transporte\u00bb en los territorios ocupados por Israel.<\/p>\n<p class=\"voc-p\" style=\"\">Seg\u00fan ha publicado la Agencia EFE, fuentes del ministerio de Trasportes han confirmado que \u00abse ci\u00f1en\u00bb al cumplimiento de los acuerdos que tienen en Israel desde antes de 2023, aunque ya han renunciado a participar en nuevos proyectos. Han reconocido, adem\u00e1s, que se plantean las opciones y consecuencias que implicar\u00edan cancelar de forma anticipada los contratos vigentes.<\/p>\n<p class=\"voc-p\" style=\"\">Las empresas de Florentino P\u00e9rez, por su parte, mantienen sus labores en los territorios ocupados para \u00abel uso de los recursos naturales, en particular el agua y la tierra, con fines comerciales\u00bb.<\/p>\n<p class=\"voc-p\" style=\"\">Por \u00faltimo, Construcciones y Auxiliar de Ferrocarriles S.A.(CAF), empresa CAF, con sede central en Beasain, adem\u00e1s de realizar las mismas actividades que las dem\u00e1s sociedades espa\u00f1olas, se dedica \u00abal suministro de equipos y materiales que facilitan la construcci\u00f3n y la expansi\u00f3n de los asentamientos y el muro, as\u00ed como de la infraestructura conexa\u00bb. Esta misma ma\u00f1ana. antes de la publicaci\u00f3n de la lista, el lehendakari, Imanol Pradales, defend\u00eda la actuaci\u00f3n de la empresa en Israel y, en particular, en su actuaci\u00f3n en el tranv\u00eda de Jerusal\u00e9n. \u00abYa est\u00e1 bien de se\u00f1alar empresas y hacer demagogia. Ya est\u00e1 bien de hacer impostura y de instrumentalizar el drama\u00bb en Palestina, declar\u00f3 el l\u00edder vasco. <\/p>\n<p class=\"voc-p\" style=\"\">Esta lista, que solo tiene car\u00e1cter informativo y se lleva realizando desde 2020, incluye tambi\u00e9n varias compa\u00f1\u00edas de reservas online como Airbnb o Booking. La tecnol\u00f3gica Motorola, seg\u00fan el informe, aporta \u00absuministro de servicios de seguridad, equipos y materiales a las empresas que operan en los asentamientos y la prestaci\u00f3n de servicios y suministros p\u00fablicos que apoyen el mantenimiento y la existencia de los asentamientos, incluido el transporte\u00bb.<\/p>\n<p class=\"voc-p\" style=\"\">La espa\u00f1ola eDreams, seg\u00fan informa la ONU, ha abandonado sus actividades en los territorios ocupados por Israel y por ello ya no forma parte de la lista. <\/p>\n<p>Reportar un error<\/p>\n","protected":false},"excerpt":{"rendered":"26\/09\/2025 Actualizado a las 20:54h. La Organizaci\u00f3n de las Naciones Unidas ha publicado este viernes su &#8216;lista negra&#8217;&hellip;\n","protected":false},"author":2,"featured_media":141627,"comment_status":"","ping_status":"","sticky":false,"template":"","format":"standard","meta":{"footnotes":""},"categories":[42],"tags":[17,18,44023,4269,13,14,11,8587,61,62,63,64,74,19,20,12182,583,24635,9,10,15,16,44024,732,2497,12,21,22,65,66,67,7996],"class_list":{"0":"post-141626","1":"post","2":"type-post","3":"status-publish","4":"format-standard","5":"has-post-thumbnail","7":"category-internacional","8":"tag-breaking-news","9":"tag-breakingnews","10":"tag-companias","11":"tag-empresa","12":"tag-featured-news","13":"tag-featurednews","14":"tag-headlines","15":"tag-incluye","16":"tag-internacional","17":"tag-international","18":"tag-international-news","19":"tag-internationalnews","20":"tag-israel","21":"tag-latest-news","22":"tag-latestnews","23":"tag-lista","24":"tag-ministerio","25":"tag-negra","26":"tag-news","27":"tag-noticias","28":"tag-noticias-destacadas","29":"tag-noticiasdestacadas","30":"tag-ocupadas","31":"tag-onu","32":"tag-puente","33":"tag-titulares","34":"tag-ultimas-noticias","35":"tag-ultimasnoticias","36":"tag-world","37":"tag-world-news","38":"tag-worldnews","39":"tag-zonas"},"share_on_mastodon":{"url":"","error":""},"_links":{"self":[{"href":"https:\/\/www.europesays.com\/es\/wp-json\/wp\/v2\/posts\/141626","targetHints":{"allow":["GET"]}}],"collection":[{"href":"https:\/\/www.europesays.com\/es\/wp-json\/wp\/v2\/posts"}],"about":[{"href":"https:\/\/www.europesays.com\/es\/wp-json\/wp\/v2\/types\/post"}],"author":[{"embeddable":true,"href":"https:\/\/www.europesays.com\/es\/wp-json\/wp\/v2\/users\/2"}],"replies":[{"embeddable":true,"href":"https:\/\/www.europesays.com\/es\/wp-json\/wp\/v2\/comments?post=141626"}],"version-history":[{"count":0,"href":"https:\/\/www.europesays.com\/es\/wp-json\/wp\/v2\/posts\/141626\/revisions"}],"wp:featuredmedia":[{"embeddable":true,"href":"https:\/\/www.europesays.com\/es\/wp-json\/wp\/v2\/media\/141627"}],"wp:attachment":[{"href":"https:\/\/www.europesays.com\/es\/wp-json\/wp\/v2\/media?parent=141626"}],"wp:term":[{"taxonomy":"category","embeddable":true,"href":"https:\/\/www.europesays.com\/es\/wp-json\/wp\/v2\/categories?post=141626"},{"taxonomy":"post_tag","embeddable":true,"href":"https:\/\/www.europesays.com\/es\/wp-json\/wp\/v2\/tags?post=141626"}],"curies":[{"name":"wp","href":"https:\/\/api.w.org\/{rel}","templated":true}]}}