{"id":141632,"date":"2025-09-27T05:27:04","date_gmt":"2025-09-27T05:27:04","guid":{"rendered":"https:\/\/www.europesays.com\/es\/141632\/"},"modified":"2025-09-27T05:27:04","modified_gmt":"2025-09-27T05:27:04","slug":"bm-zamora-no-debe-bajar-la-guardia-ante-safa","status":"publish","type":"post","link":"https:\/\/www.europesays.com\/es\/141632\/","title":{"rendered":"BM Zamora no debe bajar la guardia ante Safa"},"content":{"rendered":"<p class=\"ft-text\">El <a class=\"ft-link ft-link--decoration\" href=\"https:\/\/www.laopiniondezamora.es\/deportes\/balonmano-zamora\/\" rel=\"nofollow noopener\" target=\"_blank\">Balonmano Zamora<\/a> Caja Rural jugar\u00e1 esta tarde (18.00 horas) su tercer partido de Liga con el objetivo de mantenerse imbatido y afianzarse en el primer puesto de la clasificaci\u00f3n del Grupo B que comparte con el Sanse madrile\u00f1o.<\/p>\n<p class=\"ft-text\">El rival de esta jornada tambi\u00e9n es de la capital de Espa\u00f1a, un Safa que viene de perder ante Astillero en la primera jornada por un rotundo 41-34 pero logr\u00f3 su primera victoria el fin de semana pasado contra el GC Covadonga por 32-31.<\/p>\n<p class=\"ft-text\">Conviene recordar que el equipo pistacho se impuso a Astillero en el \u00c1ngel Nieto el pasado s\u00e1bado por 31-28 y ya hab\u00eda ganado en la primera jornada al Maravillas madrile\u00f1o por 25-30.<\/p>\n<p class=\"ft-text\">Todo se presenta propicio para el equipo que dirige F\u00e9lix Moj\u00f3n, quien cree que el BMZ Caja Rural debe mejorar todav\u00eda mucho su juego y, sobre todo, creer en su estilo: \u00abEl Safa de la primera jornada no fue real, un partido el domingo por la ma\u00f1ana tras un viaje a Santander desde Madrid, es complicado; Alex Pereiro no sali\u00f3 de inicio porque, seguramente, no est\u00e1 completando la pretemporada ideal pero el otro d\u00eda ya jug\u00f3 casi todo el partido y es un jugador de much\u00edsima calidad. Se va notando ese acoplamiento porque adem\u00e1s han incorporado dos jugadores nuevos que ya han tenido alguna semana m\u00e1s de acoplamiento y ahora ya es un equipo mucho m\u00e1s peligroso\u00bb, explic\u00f3 el t\u00e9cnico orensano.<\/p>\n<p class=\"ft-text\">F\u00e9lix Moj\u00f3n cuenta con varios jugadores \u00abentre algodones\u00bb. Gabri Giannini est\u00e1 \u00abbastante tocado\u00bb como reconoce el entrenador, \u00abpis\u00f3 el bal\u00f3n y termin\u00f3 el partido contra Astillero muy dolorido. Es cierto que en caliente, se puede terminar el partido, pero el lunes y martes ha estado bastante tocado\u00bb. Por su parte, Pau Ortega tambi\u00e9n arrastra problemas: \u00abComenz\u00f3 el mi\u00e9rcoles a ponerse en defensa y se resinti\u00f3 del codo y tuvo que salirse. Ser\u00e1 una baja importante si no conseguimos que llegue al cien por cien para defender. En ataque ya sabemos lo que es, pero defensivamente nos aporta mucho\u00bb. Afortunadamente, Felipe ya entrena \u00abcasi con normalidad\u00bb pero est\u00e1 \u00abmuy desajustado\u00bb todav\u00eda, reconoce Moj\u00f3n quien a\u00f1ade que tampoco en defensa est\u00e1 al nivel deseado: \u00abVamos acompl\u00e1ndonos e improvisando un poco en defensa y recurriendo de nuevo a la vieja guardia que nos salvan siempre\u00bb.<\/p>\n<p class=\"ft-text\">El Safa Madrid que entrena Antonio D\u00edaz desde hace cuatro a\u00f1os, ha incorporado hace unos d\u00edas a Hibiki Kamada, un jugador japon\u00e9s de 23 a\u00f1os, y a Henrik Kahr que, con 24 a\u00f1os regresa al 40&#215;20 para vestir de verde, un jugador con experiencia, que ya ha destacado en Plata y en Primera Nacional. .<\/p>\n<p class=\"ft-text\">El otro col\u00edder, el Segura e Hijos Sanse recibir\u00e1 a un complicado Pereda Ciudad de Santander que le gan\u00f3 en la pasada jornada al Torrelavega por 33-28. La jornada se completa con los siguientes encuentros:<\/p>\n<p class=\"ft-text\">-Astillero-Universidad Le\u00f3n<\/p>\n<p class=\"ft-text\">-Maravilla-Balonmano Camargo<\/p>\n<p class=\"ft-text\">-Pinto-Ciudad de Salamanca<\/p>\n<p class=\"ft-text\">-Torrelavega-Recoletas Arroyo<\/p>\n<p class=\"ft-text\">-Horizonte Atl\u00e9tica-Gij\u00f3n<\/p>\n<p class=\"ft-text\">-GC Covadonga-Principado n<\/p>\n","protected":false},"excerpt":{"rendered":"El Balonmano Zamora Caja Rural jugar\u00e1 esta tarde (18.00 horas) su tercer partido de Liga con el objetivo&hellip;\n","protected":false},"author":2,"featured_media":141633,"comment_status":"","ping_status":"","sticky":false,"template":"","format":"standard","meta":{"footnotes":""},"categories":[278],"tags":[18347,376,383,8223,907,1616,168,25,24,2803,375,205,23,167,10956,2946],"class_list":{"0":"post-141632","1":"post","2":"type-post","3":"status-publish","4":"format-standard","5":"has-post-thumbnail","7":"category-balonmano","8":"tag-bajar","9":"tag-balonmano","10":"tag-bm","11":"tag-bm-zamora","12":"tag-debe","13":"tag-defensa","14":"tag-deportes","15":"tag-es","16":"tag-espana","17":"tag-guardia","18":"tag-handball","19":"tag-madrid","20":"tag-spain","21":"tag-sports","22":"tag-torrelavega","23":"tag-zamora"},"share_on_mastodon":{"url":"","error":""},"_links":{"self":[{"href":"https:\/\/www.europesays.com\/es\/wp-json\/wp\/v2\/posts\/141632","targetHints":{"allow":["GET"]}}],"collection":[{"href":"https:\/\/www.europesays.com\/es\/wp-json\/wp\/v2\/posts"}],"about":[{"href":"https:\/\/www.europesays.com\/es\/wp-json\/wp\/v2\/types\/post"}],"author":[{"embeddable":true,"href":"https:\/\/www.europesays.com\/es\/wp-json\/wp\/v2\/users\/2"}],"replies":[{"embeddable":true,"href":"https:\/\/www.europesays.com\/es\/wp-json\/wp\/v2\/comments?post=141632"}],"version-history":[{"count":0,"href":"https:\/\/www.europesays.com\/es\/wp-json\/wp\/v2\/posts\/141632\/revisions"}],"wp:featuredmedia":[{"embeddable":true,"href":"https:\/\/www.europesays.com\/es\/wp-json\/wp\/v2\/media\/141633"}],"wp:attachment":[{"href":"https:\/\/www.europesays.com\/es\/wp-json\/wp\/v2\/media?parent=141632"}],"wp:term":[{"taxonomy":"category","embeddable":true,"href":"https:\/\/www.europesays.com\/es\/wp-json\/wp\/v2\/categories?post=141632"},{"taxonomy":"post_tag","embeddable":true,"href":"https:\/\/www.europesays.com\/es\/wp-json\/wp\/v2\/tags?post=141632"}],"curies":[{"name":"wp","href":"https:\/\/api.w.org\/{rel}","templated":true}]}}