{"id":141640,"date":"2025-09-27T05:37:15","date_gmt":"2025-09-27T05:37:15","guid":{"rendered":"https:\/\/www.europesays.com\/es\/141640\/"},"modified":"2025-09-27T05:37:15","modified_gmt":"2025-09-27T05:37:15","slug":"el-pequeno-pueblo-de-teruel-con-pinturas-rupestres-convertidas-en-murales-gigantes-en-sus-calles-estamos-descubriendolas","status":"publish","type":"post","link":"https:\/\/www.europesays.com\/es\/141640\/","title":{"rendered":"El peque\u00f1o pueblo de Teruel con pinturas rupestres convertidas en murales gigantes en sus calles: \u00abEstamos descubri\u00e9ndolas\u00bb"},"content":{"rendered":"<p>            El peque\u00f1o pueblo de Teruel con pinturas rupestres convertidas en murales gigantes en sus calles: \u00abEstamos descubri\u00e9ndolas\u00bb                <\/p>\n<p>El peque\u00f1o pueblo de Teruel con pinturas rupestres convertidas en murales gigantes en sus calles: \u00abEstamos descubri\u00e9ndolas\u00bb<\/p>\n<p class=\"epigraph\">El municipio de Alac\u00f3n (Teruel) cuenta con estas obras consideradas Patrimonio de la Humanidad por la Unesco y que ahora se acercan a los ciudadanos de forma inclusiva.<\/p>\n<p class=\"paragraph\">Un gigante tumbado boca arriba y\u00a0<b>arquero prehist\u00f3rico gigante<\/b>\u00a0en plena carrera, se encuentran de t\u00fa a t\u00fa con los vecinos y visitantes por las calles de\u00a0<b>Alac\u00f3n<\/b>, un peque\u00f1o pueblo de la comarca de Andorra-Sierra de Arcos de Teruel, con apenas 200 habitantes censados. Este s\u00e1bado se inauguran oficialmente\u00a0<a href=\"https:\/\/www.heraldo.es\/noticias\/aragon\/2025\/08\/05\/estos-son-los-pueblos-aragoneses-en-peligro-de-desaparicion-1844572.html\" title=\"Estos son los pueblos aragoneses en peligro de desaparici\u00f3n\" rel=\"nofollow noopener\" target=\"_blank\">10 murales inclusivos que reproducen algunas de las pinturas rupestres del municipio, consideradas Patrimonio de la Humanidad<\/a>\u00a0por la Unesco. <b>Las fachadas de las viviendas han servido de lienzo <\/b>y se han incorporado paneles en Braille. El acto se ha hecho coincidir con la celebraci\u00f3n de sus fiestas patronales en honor de San Miguel, para acercar a todo el p\u00fablico estas obras, cuyos originales se enuentran a veces en lugares de dif\u00edcil acceso en parajes del entorno.<\/p>\n<p>            Conforme a los criterios de<br \/>\n            <a class=\"trustproject_img\" id=\"trustproject_img\" href=\"https:\/\/thetrustproject.org\/\" target=\"_blank\" rel=\"nofollow noopener\" aria-label=\"Trust Project\"><img decoding=\"async\" loading=\"lazy\" src=\"https:\/\/www.heraldo.es\/images\/Trust-Logo-Horizontal.svg\" alt=\"Logo Trust Project\" width=\"200\" height=\"34\"\/><\/a><\/p>\n<p>        <a href=\"https:\/\/www.henneo.com\/\" title=\"Grupo Henneo\" class=\"logo\" rel=\"nofollow noopener\" target=\"_blank\"><br \/>\n            <img decoding=\"async\" src=\"https:\/\/www.heraldo.es\/images\/logo_henneo_gris.svg\" alt=\"Logo Henneo\" width=\"559\" height=\"389\" loading=\"lazy\"\/><br \/>\n        <\/a><\/p>\n<p>\u00a9 HERALDO DE ARAGON EDITORA, S.L.U.<br \/>Tel\u00e9fono 976 765 000 \/ &#8211; P\u00ba. Independencia, 29, 50001 Zaragoza &#8211; CIF: B99288763 &#8211; Inscrita en el Registro Mercantil de Zaragoza al Tomo 3796, Libro 0, Folio 177, Secci\u00f3n 8, Hoja Z-50564<br \/>Queda prohibida toda reproducci\u00f3n sin permiso escrito de la empresa a los efectos del art\u00edculo 32.1, p\u00e1rrafo segundo, de la Ley de Propiedad Intelectual<\/p>\n<p>\n                P\u00ba Independencia, 29, 50001 Zaragoza<br \/> Tel\u00e9fono 976 765 000\n            <\/p>\n<p>                    Actualmente tu navegador no permite ejecutar JavaScript. Para poder disfrutar de nuestro contenido es necesario que lo permita.<br \/>\n                                        <img decoding=\"async\" loading=\"lazy\" alt=\"Heraldo logo\" src=\"https:\/\/dkumiip2e9ary.cloudfront.net\/xalok\/heraldo\/especiales\/hola-de-nuevo\/logo-heraldo.svg\" width=\"215\" height=\"43\"\/><\/p>\n","protected":false},"excerpt":{"rendered":"El peque\u00f1o pueblo de Teruel con pinturas rupestres convertidas en murales gigantes en sus calles: \u00abEstamos descubri\u00e9ndolas\u00bb El&hellip;\n","protected":false},"author":2,"featured_media":141641,"comment_status":"","ping_status":"","sticky":false,"template":"","format":"standard","meta":{"footnotes":""},"categories":[173],"tags":[229,233,231,230,7481,232,234,146,147,25,24,8185,44025,5480,44026,23],"class_list":{"0":"post-141640","1":"post","2":"type-post","3":"status-publish","4":"format-standard","5":"has-post-thumbnail","7":"category-arte-y-diseno","8":"tag-arte","9":"tag-arte-y-diseno","10":"tag-arts","11":"tag-arts-and-design","12":"tag-convertido","13":"tag-design","14":"tag-diseno","15":"tag-entertainment","16":"tag-entretenimiento","17":"tag-es","18":"tag-espana","19":"tag-gigantes","20":"tag-inclusivos","21":"tag-pinturas","22":"tag-rupestres","23":"tag-spain"},"share_on_mastodon":{"url":"","error":""},"_links":{"self":[{"href":"https:\/\/www.europesays.com\/es\/wp-json\/wp\/v2\/posts\/141640","targetHints":{"allow":["GET"]}}],"collection":[{"href":"https:\/\/www.europesays.com\/es\/wp-json\/wp\/v2\/posts"}],"about":[{"href":"https:\/\/www.europesays.com\/es\/wp-json\/wp\/v2\/types\/post"}],"author":[{"embeddable":true,"href":"https:\/\/www.europesays.com\/es\/wp-json\/wp\/v2\/users\/2"}],"replies":[{"embeddable":true,"href":"https:\/\/www.europesays.com\/es\/wp-json\/wp\/v2\/comments?post=141640"}],"version-history":[{"count":0,"href":"https:\/\/www.europesays.com\/es\/wp-json\/wp\/v2\/posts\/141640\/revisions"}],"wp:featuredmedia":[{"embeddable":true,"href":"https:\/\/www.europesays.com\/es\/wp-json\/wp\/v2\/media\/141641"}],"wp:attachment":[{"href":"https:\/\/www.europesays.com\/es\/wp-json\/wp\/v2\/media?parent=141640"}],"wp:term":[{"taxonomy":"category","embeddable":true,"href":"https:\/\/www.europesays.com\/es\/wp-json\/wp\/v2\/categories?post=141640"},{"taxonomy":"post_tag","embeddable":true,"href":"https:\/\/www.europesays.com\/es\/wp-json\/wp\/v2\/tags?post=141640"}],"curies":[{"name":"wp","href":"https:\/\/api.w.org\/{rel}","templated":true}]}}