{"id":141644,"date":"2025-09-27T05:39:10","date_gmt":"2025-09-27T05:39:10","guid":{"rendered":"https:\/\/www.europesays.com\/es\/141644\/"},"modified":"2025-09-27T05:39:10","modified_gmt":"2025-09-27T05:39:10","slug":"a-veces-va-mas-deprisa-la-boca-que-la-cabeza","status":"publish","type":"post","link":"https:\/\/www.europesays.com\/es\/141644\/","title":{"rendered":"A veces va m\u00e1s deprisa la boca que la cabeza"},"content":{"rendered":"<p class=\"c-paragraph\">El actor \u00c1lex Gonz\u00e1lez ha visitado <a href=\"https:\/\/www.20minutos.es\/tags\/instituciones-empresas\/el-hormiguero.html\" title=\"El hormiguero\" rel=\"nofollow noopener\" target=\"_blank\">El Hormiguero<\/a>\u00a0esta semana con motivo del estreno de su \u00faltima pel\u00edcula, La sospecha de Sof\u00eda. Sin embargo, la conversaci\u00f3n con <a href=\"https:\/\/www.20minutos.es\/tags\/personas\/pablo-motos.html\" title=\"Pablo Motos\" rel=\"nofollow noopener\" target=\"_blank\">Pablo Motos<\/a> con el int\u00e9rprete ha estado marcada desde un primer momento por su <b>operaci\u00f3n de nariz<\/b>, que ha derivado en una broma sobre el cantante <b>Lucas Gonz\u00e1lez<\/b>, del d\u00fao <a href=\"https:\/\/www.20minutos.es\/tags\/instituciones-empresas\/andy-y-lucas.html\" title=\"Andy y Lucas\" rel=\"nofollow noopener\" target=\"_blank\">Andy y Lucas<\/a>, por la que poco despu\u00e9s ha tenido que pedir disculpas.<\/p>\n<p class=\"c-paragraph\">\u00abMe han dicho que te acabas de operar de la nariz por el boxeo\u00bb, le ha dicho Motos al actor nada m\u00e1s comenzar la entrevista. \u00ab<b>Te ha quedado mejor que al de Andy y Lucas<\/b>, te tengo que decir\u00bb, coment\u00f3 al comparar el aspecto de la nariz de \u00c1lex Gonz\u00e1lez con la del cantante gaditano.<\/p>\n<p class=\"c-paragraph\">\u00abEmpezamos fuerte hoy, \u00bfeh?\u00bb, le ha respondido entonces el actor, que ha hecho reaccionar a Pablo Motos: \u00abPerdona, <b>ha sido lo primero que se me ha ocurrido<\/b>\u00ab, ha dicho el presentador.<\/p>\n<p class=\"c-paragraph\">Acto seguido,\u00a0Motos ha querido insistir en enviar sus disculpas al cantante por ese desafortunado comentario. \u00abPerd\u00f3n, a veces <b>va m\u00e1s deprisa la boca que la cabeza<\/b>\u00ab, se ha excusado.<\/p>\n<p class=\"c-paragraph\">En el caso de \u00c1lex Gonz\u00e1lez, seg\u00fan ha explicado, el motivo de su operaci\u00f3n no fue \u00abest\u00e9tico\u00bb, sino que lo hizo <b>\u00abpara respirar mejor\u00bb<\/b>.\u00a0<\/p>\n<p class=\"c-paragraph\">\u00abFue hace diez d\u00edas cuando me oper\u00e9 y le pregunt\u00e9 dos cosas al m\u00e9dico: una, que si iba a poder hablar porque ten\u00eda que ir a\u00a0El Hormiguero, y la segunda, que <b>si me iba a cambiar la nariz, y me dijeron que no<\/b>.\u00a0No ha sido est\u00e9tica, es por salud\u00bb, ha incidido el actor.<\/p>\n<p class=\"c-paragraph\">El a\u00f1o pasado, el <b>rostro de Lucas Gonz\u00e1lez<\/b> debido a ese cambio en su nariz impact\u00f3 a sus seguidores y cop\u00f3 titulares en muchos medios de comunicaci\u00f3n y televisiones, pero tambi\u00e9n fue objeto de burla y memes en redes sociales.\u00a0<\/p>\n<p class=\"c-paragraph\">El propio cantante habl\u00f3 por primera vez sobre ese asunto meses atr\u00e1s, en la temporada anterior de El Hormiguero, donde se sincer\u00f3 con Pablo Motos. \u00abHa sido <b>dif\u00edcil de gestionarlo<\/b>\u00ab, confes\u00f3 entonces Lucas, que no pudo evitar <a href=\"https:\/\/www.20minutos.es\/television\/lucas-rompe-llorar-hormiguero-hablar-las-criticas-que-recibio-por-su-nariz-fue-mi-culpa-no-hice-caso-los-medicos_5672514_0.html\" title=\"Lucas rompe a llorar en &#039;El Hormiguero&#039; al hablar de las cr\u00edticas que recibi\u00f3 por su nariz: &quot;Fue mi culpa, no hice caso a los m\u00e9dicos&quot;\" rel=\"nofollow noopener\" target=\"_blank\">derrumbarse en directo en el programa<\/a>, abrumado por todo lo que le estaba pasando. \u00abMe hice una <b>operaci\u00f3n est\u00e9tica<\/b>.\u00a0Fue culpa m\u00eda porque no hice caso a los m\u00e9dicos,\u00a0me quit\u00e9 las gasas antes de tiempo, no me puse las cremas y por eso no cicatriz\u00f3 bien\u00bb, admiti\u00f3 el cantante.<\/p>\n","protected":false},"excerpt":{"rendered":"El actor \u00c1lex Gonz\u00e1lez ha visitado El Hormiguero\u00a0esta semana con motivo del estreno de su \u00faltima pel\u00edcula, La&hellip;\n","protected":false},"author":2,"featured_media":141645,"comment_status":"","ping_status":"","sticky":false,"template":"","format":"standard","meta":{"footnotes":""},"categories":[171],"tags":[146,147,25,24,7357,13882,618,5821,34,23,214],"class_list":{"0":"post-141644","1":"post","2":"type-post","3":"status-publish","4":"format-standard","5":"has-post-thumbnail","7":"category-tv","8":"tag-entertainment","9":"tag-entretenimiento","10":"tag-es","11":"tag-espana","12":"tag-lucas","13":"tag-motos","14":"tag-pablo","15":"tag-perdon","16":"tag-pide","17":"tag-spain","18":"tag-tv"},"share_on_mastodon":{"url":"","error":""},"_links":{"self":[{"href":"https:\/\/www.europesays.com\/es\/wp-json\/wp\/v2\/posts\/141644","targetHints":{"allow":["GET"]}}],"collection":[{"href":"https:\/\/www.europesays.com\/es\/wp-json\/wp\/v2\/posts"}],"about":[{"href":"https:\/\/www.europesays.com\/es\/wp-json\/wp\/v2\/types\/post"}],"author":[{"embeddable":true,"href":"https:\/\/www.europesays.com\/es\/wp-json\/wp\/v2\/users\/2"}],"replies":[{"embeddable":true,"href":"https:\/\/www.europesays.com\/es\/wp-json\/wp\/v2\/comments?post=141644"}],"version-history":[{"count":0,"href":"https:\/\/www.europesays.com\/es\/wp-json\/wp\/v2\/posts\/141644\/revisions"}],"wp:featuredmedia":[{"embeddable":true,"href":"https:\/\/www.europesays.com\/es\/wp-json\/wp\/v2\/media\/141645"}],"wp:attachment":[{"href":"https:\/\/www.europesays.com\/es\/wp-json\/wp\/v2\/media?parent=141644"}],"wp:term":[{"taxonomy":"category","embeddable":true,"href":"https:\/\/www.europesays.com\/es\/wp-json\/wp\/v2\/categories?post=141644"},{"taxonomy":"post_tag","embeddable":true,"href":"https:\/\/www.europesays.com\/es\/wp-json\/wp\/v2\/tags?post=141644"}],"curies":[{"name":"wp","href":"https:\/\/api.w.org\/{rel}","templated":true}]}}