{"id":141658,"date":"2025-09-27T05:47:06","date_gmt":"2025-09-27T05:47:06","guid":{"rendered":"https:\/\/www.europesays.com\/es\/141658\/"},"modified":"2025-09-27T05:47:06","modified_gmt":"2025-09-27T05:47:06","slug":"estados-unidos-revoca-la-visa-de-petro-tras-su-protesta-en-favor-de-palestina-sus-acciones-son-imprudentes-e-incendiarias","status":"publish","type":"post","link":"https:\/\/www.europesays.com\/es\/141658\/","title":{"rendered":"Estados Unidos revoca la visa de Petro tras su protesta en favor de Palestina: \u201cSus acciones son imprudentes e incendiarias\u201d"},"content":{"rendered":"<p class=\"\">Las \u00faltimas acciones y declaraciones del presidente Gustavo Petro han abierto una nueva crisis con Estados Unidos. El Departamento de Estado, dirigido por el exsenador <a href=\"https:\/\/elpais.com\/mexico\/2025-09-03\/marco-rubio-no-hay-ningun-gobierno-que-este-cooperando-mas-con-nosotros-que-el-gobierno-de-sheinbaum.html\" target=\"_self\" rel=\"nofollow noopener\" title=\"https:\/\/elpais.com\/mexico\/2025-09-03\/marco-rubio-no-hay-ningun-gobierno-que-este-cooperando-mas-con-nosotros-que-el-gobierno-de-sheinbaum.html\">Marco Rubio<\/a>, ha anunciado este viernes a trav\u00e9s de sus redes sociales que cancelar\u00e1 la visa del mandatario colombiano despu\u00e9s de que este liderara una manifestaci\u00f3n en las calles de Nueva York en apoyo al pueblo palestino. <\/p>\n<p class=\"\">\u201cHoy temprano, el presidente colombiano Gustavo Petro se par\u00f3 en una calle de Nueva York e inst\u00f3 a los soldados estadounidenses a desobedecer las \u00f3rdenes e incitar a la violencia\u201d, indica el mensaje del Departamento de Estado. \u201cRevocaremos la visa de Petro debido a sus acciones imprudentes e incendiarias\u201d. <\/p>\n<blockquote class=\"twitter-tweet\">\n<p lang=\"en\" dir=\"ltr\">Earlier today, Colombian president <a href=\"https:\/\/twitter.com\/petrogustavo?ref_src=twsrc%5Etfw\" rel=\"nofollow noopener\" target=\"_blank\">@petrogustavo<\/a> stood on a NYC street and urged U.S. soldiers to disobey orders and incite violence. <\/p>\n<p>We will revoke Petro\u2019s visa due to his reckless and incendiary actions.<\/p>\n<p>\u2014 Department of State (@StateDept) <a href=\"https:\/\/twitter.com\/StateDept\/status\/1971758644929925312?ref_src=twsrc%5Etfw\" rel=\"nofollow noopener\" target=\"_blank\">September 27, 2025<\/a><\/p><\/blockquote>\n<p class=\"\">El mandatario colombiano estaba de regreso a Bogot\u00e1 cuando se public\u00f3 la noticia. Su ministro del <a href=\"https:\/\/elpais.com\/america-colombia\/2025-02-25\/petro-nombra-a-armando-benedetti-ministro-de-interior.html\" target=\"_self\" rel=\"nofollow noopener\" title=\"https:\/\/elpais.com\/america-colombia\/2025-02-25\/petro-nombra-a-armando-benedetti-ministro-de-interior.html\">Interior, Armando Benedetti<\/a>, fue el primero en su Gabinete en pronunciarse. \u201cAl \u00fanico que ten\u00edan que quitarle la visa era a Netanyahu\u201d, afirm\u00f3 tambi\u00e9n en redes sociales. \u201cPero como el imperio lo protege, la coge con el \u00fanico presidente que fue capaz de decirle la verdad en su cara\u201d.<\/p>\n<p class=\"\">Gustavo Petro ya hab\u00eda propuesto una resoluci\u00f3n esta semana, ante la Asamblea General de Naciones Unidas, para crear, con dos tercios de los pa\u00edses miembros, \u201c<a href=\"https:\/\/elpais.com\/america-colombia\/2025-09-23\/petro-carga-contra-trump-en-la-onu-y-propone-una-fuerza-especial-para-detener-el-genocidio-en-palestina.html\" target=\"_self\" rel=\"nofollow noopener\" title=\"https:\/\/elpais.com\/america-colombia\/2025-09-23\/petro-carga-contra-trump-en-la-onu-y-propone-una-fuerza-especial-para-detener-el-genocidio-en-palestina.html\">una fuerza armada para defender la vida del pueblo palestino<\/a>\u201d. Se trata de una idea nueva del presidente, quien lleva ya varios meses denunciando un genocidio en Gaza y pidiendo un boicot al gobierno de Benjamin Netanyahu. Este \u00faltimo jefe de Estado tom\u00f3 <a href=\"https:\/\/elpais.com\/internacional\/2025-09-26\/netanyahu-niega-la-hambruna-en-gaza-en-una-asamblea-de-la-onu-casi-vacia-como-protesta-por-la-masacre.html\" target=\"_self\" rel=\"nofollow noopener\" title=\"https:\/\/elpais.com\/internacional\/2025-09-26\/netanyahu-niega-la-hambruna-en-gaza-en-una-asamblea-de-la-onu-casi-vacia-como-protesta-por-la-masacre.html\">la palabra hoy en la Asamblea, y varias delegaciones diplom\u00e1ticas salieron del recinto como<\/a> forma de protesta, entre ellas la de Colombia. Sin embargo, Petro sali\u00f3 adem\u00e1s a las calles a protestar en una avenida cercana al edificio de la ONU y, con el m\u00fasico Roger Waters a su lado, explic\u00f3 su propuesta de una fuerza armada internacional. En eso a\u00f1adi\u00f3 lo que el Departamento de Estado llama \u201cacciones imprudentes e incendiarias\u201d.<\/p>\n<p class=\"\">\u201cEsta brigada debe ser m\u00e1s grande que la de Estados Unidos por eso aqu\u00ed, desde Nueva York, le pido a todos los soldados del ej\u00e9rcito de los Estados Unidos no apuntar contra la humanidad sus fusiles\u201d, dijo con un meg\u00e1fono ante un p\u00fablico atento. El Gobierno estadounidense ha sido el principal apoyo pol\u00edtico y militar para Netanyahu, lo que le ha permitido a este \u00faltimo mantener su ofensiva a pesar de que la mayor\u00eda de los pa\u00edses la desaprueben. \u201cDesobedezcan la orden de Trump, obedezcan la orden de la humanidad\u201d, a\u00f1adi\u00f3 Petro en sus declaraciones. <\/p>\n<p class=\"\">El mandatario dio un largo discurso en las calles lanzando otras ideas. \u201cTodos los Consulados y Embajadas de Colombia tienen la orden, en todos los pa\u00edses del mundo, de buscar el voto por el \u2018s\u00ed\u2019 para la liberaci\u00f3n de Palestina\u201d, dijo sobre su resoluci\u00f3n para crear esa fuerza armada que viajar\u00e1 a defender al pueblo palestino. Y, adem\u00e1s, a\u00f1adi\u00f3 que al regresar a Colombia abrir\u00e1 \u201cinscripciones de voluntarios y voluntarias con experiencia militar. Esa experiencia debe ponerse al servicio del pueblo de Palestina\u201d. El presidente a\u00f1adi\u00f3 que quiz\u00e1s \u00e9l mismo se una a dicha fuerza: \u201cSi le toca ir al presidente de la Rep\u00fablica a ese combate, no me asusta, ya estuve en otros, \u00a1pues voy!\u201d. Hizo as\u00ed una referencia a su tiempo en la guerrilla del M-19, que se levant\u00f3 en armas contra Estado. <\/p>\n<p class=\"\">La noticia ocurre despu\u00e9s de que Colombia <a href=\"https:\/\/elpais.com\/america-colombia\/2025-09-16\/gustavo-petro-anuncia-que-trump-descertifica-a-colombia-en-la-lucha-antidrogas.html\" target=\"_self\" rel=\"nofollow noopener\" title=\"https:\/\/elpais.com\/america-colombia\/2025-09-16\/gustavo-petro-anuncia-que-trump-descertifica-a-colombia-en-la-lucha-antidrogas.html\">perdiera su certificaci\u00f3n<\/a>, este mes, como pa\u00eds aliado en la guerra contra las drogas, una noticia en la que el Gobierno de Estados Unidos anunci\u00f3 que se debe \u201cexclusivamente a su liderazgo pol\u00edtico\u201d. El Ejecutivo norteamericano ha mantenido canales de comunicaci\u00f3n con otros pol\u00edticos y empresarios colombianos, adem\u00e1s de continuar con una alianza estrat\u00e9gica militar entre los dos Ej\u00e9rcitos, pero ha dejado en claro que no acepta la forma de liderazgo del mandatario colombiano. Revocar la visa de Petro sin imponer sanciones al pa\u00eds es otra forma de enviar el mismo mensaje. Aunque el presidente tiene tambi\u00e9n pasaporte italiano, con el que podr\u00eda entrar a Estados Unidos, el Departamento de Estado podr\u00eda negarle la entrada si mantiene en firme su posici\u00f3n de excluirlo del territorio norteamericano. <\/p>\n<p class=\"\">La crisis entre los <a href=\"https:\/\/elpais.com\/america-colombia\/2025-01-28\/los-deportados-con-los-que-trump-amenazo-a-petro-aterrizan-en-colombia-no-somos-narcos.html\" target=\"_self\" rel=\"nofollow noopener\" title=\"https:\/\/elpais.com\/america-colombia\/2025-01-28\/los-deportados-con-los-que-trump-amenazo-a-petro-aterrizan-en-colombia-no-somos-narcos.html\">dos jefes de Estado arranc\u00f3 en enero<\/a>, poco despu\u00e9s de que arrancara el mandato de Donald Trump, cuando Petro pidi\u00f3 devolver dos aviones con migrantes encadenados al pa\u00eds, en forma de protesta por la forma indigna en la que se trataba a los ciudadanos colombianos. El presidente de Estados Unidos anunci\u00f3 que impondr\u00eda aranceles a Colombia como castigo, y con ello mostr\u00f3 su poder de amenaza a los pa\u00edses que desafiaran su pol\u00edtica antiinmigraci\u00f3n. La crisis se calm\u00f3 tras un di\u00e1logo diplom\u00e1tico, los vuelos se reanudaron, pero la molestia de los norteamericanos con Petro se mantiene estable. <\/p>\n<p><script async src=\"https:\/\/platform.twitter.com\/widgets.js\" charset=\"utf-8\"><\/script><\/p>\n","protected":false},"excerpt":{"rendered":"Las \u00faltimas acciones y declaraciones del presidente Gustavo Petro han abierto una nueva crisis con Estados Unidos. El&hellip;\n","protected":false},"author":2,"featured_media":141659,"comment_status":"","ping_status":"","sticky":false,"template":"","format":"standard","meta":{"footnotes":""},"categories":[42],"tags":[889,17,18,1803,352,629,13,14,16858,3916,11,61,62,63,64,74,19,20,1804,32076,9,10,15,16,76,26957,36811,12,21,22,14383,65,66,67],"class_list":{"0":"post-141658","1":"post","2":"type-post","3":"status-publish","4":"format-standard","5":"has-post-thumbnail","7":"category-internacional","8":"tag-america","9":"tag-breaking-news","10":"tag-breakingnews","11":"tag-colombia","12":"tag-donald-trump","13":"tag-estados-unidos","14":"tag-featured-news","15":"tag-featurednews","16":"tag-gobierno-colombia","17":"tag-gustavo-petro","18":"tag-headlines","19":"tag-internacional","20":"tag-international","21":"tag-international-news","22":"tag-internationalnews","23":"tag-israel","24":"tag-latest-news","25":"tag-latestnews","26":"tag-latinoamerica","27":"tag-marco-rubio","28":"tag-news","29":"tag-noticias","30":"tag-noticias-destacadas","31":"tag-noticiasdestacadas","32":"tag-palestina","33":"tag-presidencia-colombia","34":"tag-presidente-colombia","35":"tag-titulares","36":"tag-ultimas-noticias","37":"tag-ultimasnoticias","38":"tag-visados","39":"tag-world","40":"tag-world-news","41":"tag-worldnews"},"share_on_mastodon":{"url":"","error":""},"_links":{"self":[{"href":"https:\/\/www.europesays.com\/es\/wp-json\/wp\/v2\/posts\/141658","targetHints":{"allow":["GET"]}}],"collection":[{"href":"https:\/\/www.europesays.com\/es\/wp-json\/wp\/v2\/posts"}],"about":[{"href":"https:\/\/www.europesays.com\/es\/wp-json\/wp\/v2\/types\/post"}],"author":[{"embeddable":true,"href":"https:\/\/www.europesays.com\/es\/wp-json\/wp\/v2\/users\/2"}],"replies":[{"embeddable":true,"href":"https:\/\/www.europesays.com\/es\/wp-json\/wp\/v2\/comments?post=141658"}],"version-history":[{"count":0,"href":"https:\/\/www.europesays.com\/es\/wp-json\/wp\/v2\/posts\/141658\/revisions"}],"wp:featuredmedia":[{"embeddable":true,"href":"https:\/\/www.europesays.com\/es\/wp-json\/wp\/v2\/media\/141659"}],"wp:attachment":[{"href":"https:\/\/www.europesays.com\/es\/wp-json\/wp\/v2\/media?parent=141658"}],"wp:term":[{"taxonomy":"category","embeddable":true,"href":"https:\/\/www.europesays.com\/es\/wp-json\/wp\/v2\/categories?post=141658"},{"taxonomy":"post_tag","embeddable":true,"href":"https:\/\/www.europesays.com\/es\/wp-json\/wp\/v2\/tags?post=141658"}],"curies":[{"name":"wp","href":"https:\/\/api.w.org\/{rel}","templated":true}]}}